{"id":37765,"date":"2026-04-28T19:00:28","date_gmt":"2026-04-28T18:00:28","guid":{"rendered":"https:\/\/transformiran.com\/unkategorisiert\/irans-menschenrechtsbilanz-nach-un-ernennung-auf-dem-pruefstand\/"},"modified":"2026-04-30T19:44:44","modified_gmt":"2026-04-30T18:44:44","slug":"irans-menschenrechtsbilanz-nach-un-ernennung-auf-dem-pruefstand","status":"publish","type":"post","link":"https:\/\/transformiran.com\/de\/newsroom-de\/irans-menschenrechtsbilanz-nach-un-ernennung-auf-dem-pruefstand\/","title":{"rendered":"Irans Menschenrechtsbilanz nach UN-Ernennung auf dem Pr\u00fcfstand"},"content":{"rendered":"\n<p>Von Katey Herd<\/p>\n\n<p class=\"has-medium-font-size\">Iran (MNN) &#8211; <strong><a href=\"https:\/\/abcnews.com\/International\/executions-protesters-iran-surge-start-war-human-rights\/story?id=132250133&amp;utm_source=chatgpt.com\" target=\"_blank\" rel=\"noreferrer noopener\">Menschenrechtsbeobachter sagen<\/a><\/strong> Der Iran hat seit Beginn des Krieges Ende Februar immer mehr Demonstranten umgebracht.<\/p>\n\n<p>Exekutionen haben stattgefunden <strong><a href=\"https:\/\/www.aol.com\/articles\/executions-protesters-iran-surge-since-202744943.html?utm_source=chatgpt.com\" target=\"_blank\" rel=\"noreferrer noopener\">fast jede Woche<\/a><\/strong> seit Mitte M\u00e4rz. <strong><a href=\"https:\/\/www.theguardian.com\/world\/2026\/apr\/25\/hanged-under-the-cover-of-war-letters-and-videos-tell-stories-of-iran-death-row-victims?utm_source=chatgpt.com\" target=\"_blank\" rel=\"noreferrer noopener\">Im letzten Monat<\/a><\/strong>wurden 16 M\u00e4nner &#8211; acht politische Gefangene und acht Demonstranten &#8211; im Iran geh\u00e4ngt.<\/p>\n\n<div class=\"wp-block-media-text is-stacked-on-mobile\" style=\"grid-template-columns:31% auto\"><figure class=\"wp-block-media-text__media\"><img loading=\"lazy\" decoding=\"async\" width=\"683\" height=\"1024\" src=\"https:\/\/transformiran.com\/app\/uploads\/2026\/04\/memorycatcher-noose-3271502-683x1024.jpg\" alt=\"\" class=\"wp-image-37380 size-full\" srcset=\"https:\/\/transformiran.com\/app\/uploads\/2026\/04\/memorycatcher-noose-3271502-683x1024.jpg 683w, https:\/\/transformiran.com\/app\/uploads\/2026\/04\/memorycatcher-noose-3271502-200x300.jpg 200w, https:\/\/transformiran.com\/app\/uploads\/2026\/04\/memorycatcher-noose-3271502-768x1152.jpg 768w, https:\/\/transformiran.com\/app\/uploads\/2026\/04\/memorycatcher-noose-3271502-1024x1536.jpg 1024w, https:\/\/transformiran.com\/app\/uploads\/2026\/04\/memorycatcher-noose-3271502-1365x2048.jpg 1365w, https:\/\/transformiran.com\/app\/uploads\/2026\/04\/memorycatcher-noose-3271502-scaled.jpg 2000w\" sizes=\"auto, (max-width: 683px) 100vw, 683px\" \/><\/figure><div class=\"wp-block-media-text__content\">\n<p>Gleichzeitig hat ein 54 Nationen umfassendes <strong><a href=\"https:\/\/www.msn.com\/en-us\/news\/insight\/iran-s-nomination-to-un-rights-panel-sparks-outrage\/gm-GM39B17428?gemSnapshotKey=GM39B17428-snapshot-1\" target=\"_blank\" rel=\"noreferrer noopener\">UN-Gremium die Islamische Republik<\/a><\/strong> die Islamische Republik f\u00fcr die Leitung eines Ausschusses, der die Menschenrechtspolitik gestaltet. Die Vereinigten Staaten waren das einzige Mitgliedsland, das gegen mehrere Auswahlen Einspruch erhob, darunter auch gegen die Wahl des Irans. <\/p>\n\n\n\n<p>&#8220;Es ist einfach so offensichtlich l\u00e4cherlich&#8221;, sagt Lana Silk von <strong><a href=\"https:\/\/www.mnnonline.org\/mission_groups\/transform-iran\/\" target=\"_blank\" rel=\"noreferrer noopener\">Transform Iran<\/a><\/strong> sagt.<\/p>\n<\/div><\/div>\n\n<blockquote class=\"wp-block-quote is-layout-flow wp-block-quote-is-layout-flow\">\n<p>Auf welcher Ebene ergibt das einen Sinn? Ein Land, das zu den schlimmsten Verursachern von Menschenrechtsverletzungen in der Welt geh\u00f6rt, insbesondere was die Rechte der Frauen betrifft, sitzt und beeinflusst die Menschenrechte auf internationaler Ebene.<\/p>\n<\/blockquote>\n\n<p>Die UN-Wachhunde <strong><a href=\"https:\/\/unwatch.org\/outrage-at-un-democracies-enable-iran-china-cuba-to-oversee-human-rights-bodies\/\" target=\"_blank\" rel=\"noreferrer noopener\">fordern die Mitgliedsstaaten auf<\/a><\/strong> sich zu erkl\u00e4ren. &#8220;Der Zeitpunkt ist \u00e4u\u00dferst verd\u00e4chtig&#8221;, sagt Silk. <\/p>\n\n<p>&#8220;Der Iran ist seit 47 Jahren ein Menschenrechtsverletzer, aber in den letzten Monaten besonders aggressiv. Warum geschieht dies (die Ernennung durch die UNO) erst jetzt?&#8221;<\/p>\n\n<h2 class=\"wp-block-heading\">Glaube w\u00e4chst inmitten zunehmender Verfolgung<\/h2>\n\n<p><strong><a href=\"https:\/\/www.aol.com\/articles\/executions-protesters-iran-surge-since-202744943.html?utm_source=chatgpt.com\" target=\"_blank\" rel=\"noreferrer noopener\">Mehr als 1.600 Menschen<\/a><\/strong> wurden im vergangenen Jahr vom iranischen Regime hingerichtet und brachen damit einen Rekord aus dem Jahr 1989. <em><strong>W\u00e4hrend die Gr\u00e4ueltaten voranschreiten, tut dies auch das Evangelium.<\/strong><\/em> &#8220;Gerade heute Morgen habe ich mit einem unserer Dienstleiter \u00fcber einige Missionsreisen gesprochen, die wir f\u00fcr die n\u00e4chsten Wochen geplant haben&#8221;, sagt Silk.<\/p>\n\n<p><strong>&#8220;Die Menschen sind aktiv und wollen das Evangelium verbreiten, und die, die es h\u00f6ren, reagieren positiv darauf.&#8221;<\/strong><\/p>\n\n<p><strong><a href=\"https:\/\/transformiran.com\/de\/lernen-sie\/das-leben-im-iran-nach-dem-waffenstillstand-ein-blick-von-innen\/\" target=\"_blank\" rel=\"noreferrer noopener\">Lesen Sie hier \u00fcber das Leben im Iran w\u00e4hrend des Waffenstillstands.<\/a><\/strong><\/p>\n\n<p>Transform Iran unterst\u00fctzt einheimische Evangeliumsarbeiter an mehreren Fronten, darunter Evangelisation und Gemeindegr\u00fcndung sowie Nothilfe und Wiederaufbau.  <strong><a href=\"https:\/\/transformiran.com\/de\/unsere-arbeit\/\" target=\"_blank\" rel=\"noreferrer noopener\">Erfahren Sie hier mehr \u00fcber seine Bem\u00fchungen.<\/a><\/strong><\/p>\n\n<p>&#8220;In einigen dieser h\u00e4rteren Gegenden, wo all diese H\u00e4sslichkeit herrscht, sehen wir Dunkelheit. Hinter den Kulissen erl\u00f6st Gott die Menschen, und wir erleben im Iran st\u00e4ndig Errettungen&#8221;, sagt Silk.<\/p>\n\n<blockquote class=\"wp-block-quote is-layout-flow wp-block-quote-is-layout-flow\">\n<p>Was uns gut tun w\u00fcrde, ist, unter der Oberfl\u00e4che zu graben, etwas \u00fcber die Dienste zu erfahren, die in diesen Bereichen arbeiten, uns von der guten Arbeit, die Gott tut, ermutigen zu lassen und dann mitzumachen &#8211; sie voranzubringen, sie zu st\u00e4rken, f\u00fcr sie zu beten.<\/p>\n<\/blockquote>\n\n<p><em><em>Das Titelbild zeigt iranische Sicherheitskr\u00e4fte, die im Januar 2026 das Feuer auf Demonstranten auf der Stra\u00dfe er\u00f6ffnen<\/em><\/em>, <em>Bildnachweis: Iran International<\/em><\/p>\n\n<p><em>Urspr\u00fcnglich ver\u00f6ffentlicht auf: <a href=\"https:\/\/www.mnnonline.org\/news\/irans-human-rights-record-faces-scrutiny-after-un-appointment\/\" target=\"_blank\" rel=\"noreferrer noopener\">Mission Network News<\/a><\/em><\/p>\n\n<p><\/p>\n\n<p><\/p>\n","protected":false},"excerpt":{"rendered":"<p>Inmitten zunehmender Hinrichtungen und Menschenrechtsverletzungen im Iran hat eine UN-Ernennung weltweite Besorgnis ausgel\u00f6st. Lana Silk wirft Fragen zum Timing auf &#8211; und warum der Glaube inmitten von Verfolgung weiter w\u00e4chst. <\/p>\n","protected":false},"author":6,"featured_media":34615,"comment_status":"open","ping_status":"open","sticky":false,"template":"","format":"standard","meta":{"_acf_changed":false,"give_campaign_id":0,"om_disable_all_campaigns":false,"_mi_skip_tracking":false,"footnotes":""},"categories":[123],"tags":[110,130,102,103,108],"class_list":["post-37765","post","type-post","status-publish","format-standard","has-post-thumbnail","hentry","category-newsroom-de","tag-evangelisation","tag-humanitare-krise","tag-iran-de","tag-kirche","tag-regierung"],"acf":[],"yoast_head":"<!-- This site is optimized with the Yoast SEO plugin v27.3 - https:\/\/yoast.com\/product\/yoast-seo-wordpress\/ -->\n<title>Irans Menschenrechtsbilanz nach UN-Ernennung auf dem Pr\u00fcfstand - Transform Iran<\/title>\n<meta name=\"description\" content=\"Trotz zunehmender Hinrichtungen und Unterdr\u00fcckung steht der Iran nach einer UN-Menschenrechtsernennung weltweit unter Beobachtung. Lana Silk berichtet \u00fcber zunehmende Verfolgung und Glauben.\" \/>\n<meta name=\"robots\" content=\"index, follow, max-snippet:-1, max-image-preview:large, max-video-preview:-1\" \/>\n<link rel=\"canonical\" href=\"https:\/\/transformiran.com\/de\/newsroom-de\/irans-menschenrechtsbilanz-nach-un-ernennung-auf-dem-pruefstand\/\" \/>\n<meta property=\"og:locale\" content=\"de_DE\" \/>\n<meta property=\"og:type\" content=\"article\" \/>\n<meta property=\"og:title\" content=\"Irans Menschenrechtsbilanz nach UN-Ernennung auf dem Pr\u00fcfstand - Transform Iran\" \/>\n<meta property=\"og:description\" content=\"Trotz zunehmender Hinrichtungen und Unterdr\u00fcckung steht der Iran nach einer UN-Menschenrechtsernennung weltweit unter Beobachtung. Lana Silk berichtet \u00fcber zunehmende Verfolgung und Glauben.\" \/>\n<meta property=\"og:url\" content=\"https:\/\/transformiran.com\/de\/newsroom-de\/irans-menschenrechtsbilanz-nach-un-ernennung-auf-dem-pruefstand\/\" \/>\n<meta property=\"og:site_name\" content=\"Transform Iran\" \/>\n<meta property=\"article:publisher\" content=\"https:\/\/www.facebook.com\/222MinistriesUSAInc\" \/>\n<meta property=\"article:published_time\" content=\"2026-04-28T18:00:28+00:00\" \/>\n<meta property=\"article:modified_time\" content=\"2026-04-30T18:44:44+00:00\" \/>\n<meta name=\"author\" content=\"Ashleigh Bedford\" \/>\n<meta name=\"twitter:card\" content=\"summary_large_image\" \/>\n<meta name=\"twitter:creator\" content=\"@222minint\" \/>\n<meta name=\"twitter:site\" content=\"@222minint\" \/>\n<meta name=\"twitter:label1\" content=\"Verfasst von\" \/>\n\t<meta name=\"twitter:data1\" content=\"Ashleigh Bedford\" \/>\n\t<meta name=\"twitter:label2\" content=\"Gesch\u00e4tzte Lesezeit\" \/>\n\t<meta name=\"twitter:data2\" content=\"2\u00a0Minuten\" \/>\n<script type=\"application\/ld+json\" class=\"yoast-schema-graph\">{\"@context\":\"https:\\\/\\\/schema.org\",\"@graph\":[{\"@type\":\"Article\",\"@id\":\"https:\\\/\\\/transformiran.com\\\/de\\\/newsroom-de\\\/irans-menschenrechtsbilanz-nach-un-ernennung-auf-dem-pruefstand\\\/#article\",\"isPartOf\":{\"@id\":\"https:\\\/\\\/transformiran.com\\\/de\\\/newsroom-de\\\/irans-menschenrechtsbilanz-nach-un-ernennung-auf-dem-pruefstand\\\/\"},\"author\":{\"name\":\"Ashleigh Bedford\",\"@id\":\"https:\\\/\\\/transformiran.com\\\/de\\\/#\\\/schema\\\/person\\\/901d817bcb841b949dbba5fa2886bfe3\"},\"headline\":\"Irans Menschenrechtsbilanz nach UN-Ernennung auf dem Pr\u00fcfstand\",\"datePublished\":\"2026-04-28T18:00:28+00:00\",\"dateModified\":\"2026-04-30T18:44:44+00:00\",\"mainEntityOfPage\":{\"@id\":\"https:\\\/\\\/transformiran.com\\\/de\\\/newsroom-de\\\/irans-menschenrechtsbilanz-nach-un-ernennung-auf-dem-pruefstand\\\/\"},\"wordCount\":422,\"commentCount\":0,\"publisher\":{\"@id\":\"https:\\\/\\\/transformiran.com\\\/de\\\/#organization\"},\"image\":{\"@id\":\"https:\\\/\\\/transformiran.com\\\/de\\\/newsroom-de\\\/irans-menschenrechtsbilanz-nach-un-ernennung-auf-dem-pruefstand\\\/#primaryimage\"},\"thumbnailUrl\":\"https:\\\/\\\/transformiran.com\\\/app\\\/uploads\\\/2026\\\/01\\\/IranIntl.org-regime-violence-and-systematic-killing.avif\",\"keywords\":[\"Evangelisation\",\"Humanit\u00e4re Krise\",\"Iran\",\"Kirche\",\"Regierung\"],\"articleSection\":[\"Newsroom\"],\"inLanguage\":\"de\",\"potentialAction\":[{\"@type\":\"CommentAction\",\"name\":\"Comment\",\"target\":[\"https:\\\/\\\/transformiran.com\\\/de\\\/newsroom-de\\\/irans-menschenrechtsbilanz-nach-un-ernennung-auf-dem-pruefstand\\\/#respond\"]}]},{\"@type\":\"WebPage\",\"@id\":\"https:\\\/\\\/transformiran.com\\\/de\\\/newsroom-de\\\/irans-menschenrechtsbilanz-nach-un-ernennung-auf-dem-pruefstand\\\/\",\"url\":\"https:\\\/\\\/transformiran.com\\\/de\\\/newsroom-de\\\/irans-menschenrechtsbilanz-nach-un-ernennung-auf-dem-pruefstand\\\/\",\"name\":\"Irans Menschenrechtsbilanz nach UN-Ernennung auf dem Pr\u00fcfstand - Transform Iran\",\"isPartOf\":{\"@id\":\"https:\\\/\\\/transformiran.com\\\/de\\\/#website\"},\"primaryImageOfPage\":{\"@id\":\"https:\\\/\\\/transformiran.com\\\/de\\\/newsroom-de\\\/irans-menschenrechtsbilanz-nach-un-ernennung-auf-dem-pruefstand\\\/#primaryimage\"},\"image\":{\"@id\":\"https:\\\/\\\/transformiran.com\\\/de\\\/newsroom-de\\\/irans-menschenrechtsbilanz-nach-un-ernennung-auf-dem-pruefstand\\\/#primaryimage\"},\"thumbnailUrl\":\"https:\\\/\\\/transformiran.com\\\/app\\\/uploads\\\/2026\\\/01\\\/IranIntl.org-regime-violence-and-systematic-killing.avif\",\"datePublished\":\"2026-04-28T18:00:28+00:00\",\"dateModified\":\"2026-04-30T18:44:44+00:00\",\"description\":\"Trotz zunehmender Hinrichtungen und Unterdr\u00fcckung steht der Iran nach einer UN-Menschenrechtsernennung weltweit unter Beobachtung. Lana Silk berichtet \u00fcber zunehmende Verfolgung und Glauben.\",\"breadcrumb\":{\"@id\":\"https:\\\/\\\/transformiran.com\\\/de\\\/newsroom-de\\\/irans-menschenrechtsbilanz-nach-un-ernennung-auf-dem-pruefstand\\\/#breadcrumb\"},\"inLanguage\":\"de\",\"potentialAction\":[{\"@type\":\"ReadAction\",\"target\":[\"https:\\\/\\\/transformiran.com\\\/de\\\/newsroom-de\\\/irans-menschenrechtsbilanz-nach-un-ernennung-auf-dem-pruefstand\\\/\"]}]},{\"@type\":\"ImageObject\",\"inLanguage\":\"de\",\"@id\":\"https:\\\/\\\/transformiran.com\\\/de\\\/newsroom-de\\\/irans-menschenrechtsbilanz-nach-un-ernennung-auf-dem-pruefstand\\\/#primaryimage\",\"url\":\"https:\\\/\\\/transformiran.com\\\/app\\\/uploads\\\/2026\\\/01\\\/IranIntl.org-regime-violence-and-systematic-killing.avif\",\"contentUrl\":\"https:\\\/\\\/transformiran.com\\\/app\\\/uploads\\\/2026\\\/01\\\/IranIntl.org-regime-violence-and-systematic-killing.avif\",\"width\":992,\"height\":660},{\"@type\":\"BreadcrumbList\",\"@id\":\"https:\\\/\\\/transformiran.com\\\/de\\\/newsroom-de\\\/irans-menschenrechtsbilanz-nach-un-ernennung-auf-dem-pruefstand\\\/#breadcrumb\",\"itemListElement\":[{\"@type\":\"ListItem\",\"position\":1,\"name\":\"Home\",\"item\":\"https:\\\/\\\/transformiran.com\\\/de\\\/startseite\\\/\"},{\"@type\":\"ListItem\",\"position\":2,\"name\":\"Irans Menschenrechtsbilanz nach UN-Ernennung auf dem Pr\u00fcfstand\"}]},{\"@type\":\"WebSite\",\"@id\":\"https:\\\/\\\/transformiran.com\\\/de\\\/#website\",\"url\":\"https:\\\/\\\/transformiran.com\\\/de\\\/\",\"name\":\"Transform Iran\",\"description\":\"Bringing the love and power of Christ to Iran - and beyond\",\"publisher\":{\"@id\":\"https:\\\/\\\/transformiran.com\\\/de\\\/#organization\"},\"potentialAction\":[{\"@type\":\"SearchAction\",\"target\":{\"@type\":\"EntryPoint\",\"urlTemplate\":\"https:\\\/\\\/transformiran.com\\\/de\\\/?s={search_term_string}\"},\"query-input\":{\"@type\":\"PropertyValueSpecification\",\"valueRequired\":true,\"valueName\":\"search_term_string\"}}],\"inLanguage\":\"de\"},{\"@type\":\"Organization\",\"@id\":\"https:\\\/\\\/transformiran.com\\\/de\\\/#organization\",\"name\":\"Transform Iran\",\"url\":\"https:\\\/\\\/transformiran.com\\\/de\\\/\",\"logo\":{\"@type\":\"ImageObject\",\"inLanguage\":\"de\",\"@id\":\"https:\\\/\\\/transformiran.com\\\/de\\\/#\\\/schema\\\/logo\\\/image\\\/\",\"url\":\"https:\\\/\\\/transformiran.com\\\/app\\\/uploads\\\/2022\\\/11\\\/logo_grey.jpg\",\"contentUrl\":\"https:\\\/\\\/transformiran.com\\\/app\\\/uploads\\\/2022\\\/11\\\/logo_grey.jpg\",\"width\":528,\"height\":90,\"caption\":\"Transform Iran\"},\"image\":{\"@id\":\"https:\\\/\\\/transformiran.com\\\/de\\\/#\\\/schema\\\/logo\\\/image\\\/\"},\"sameAs\":[\"https:\\\/\\\/www.facebook.com\\\/222MinistriesUSAInc\",\"https:\\\/\\\/x.com\\\/222minint\",\"https:\\\/\\\/www.instagram.com\\\/222ministriesinternational\\\/\"]},{\"@type\":\"Person\",\"@id\":\"https:\\\/\\\/transformiran.com\\\/de\\\/#\\\/schema\\\/person\\\/901d817bcb841b949dbba5fa2886bfe3\",\"name\":\"Ashleigh Bedford\",\"image\":{\"@type\":\"ImageObject\",\"inLanguage\":\"de\",\"@id\":\"https:\\\/\\\/secure.gravatar.com\\\/avatar\\\/fe25a0a0785840df62a592de76ed79e48013f590cc9a874b448f15b293751483?s=96&d=mm&r=g\",\"url\":\"https:\\\/\\\/secure.gravatar.com\\\/avatar\\\/fe25a0a0785840df62a592de76ed79e48013f590cc9a874b448f15b293751483?s=96&d=mm&r=g\",\"contentUrl\":\"https:\\\/\\\/secure.gravatar.com\\\/avatar\\\/fe25a0a0785840df62a592de76ed79e48013f590cc9a874b448f15b293751483?s=96&d=mm&r=g\",\"caption\":\"Ashleigh Bedford\"},\"url\":\"https:\\\/\\\/transformiran.com\\\/de\\\/author\\\/ashleigh\\\/\"}]}<\/script>\n<!-- \/ Yoast SEO plugin. -->","yoast_head_json":{"title":"Irans Menschenrechtsbilanz nach UN-Ernennung auf dem Pr\u00fcfstand - Transform Iran","description":"Trotz zunehmender Hinrichtungen und Unterdr\u00fcckung steht der Iran nach einer UN-Menschenrechtsernennung weltweit unter Beobachtung. Lana Silk berichtet \u00fcber zunehmende Verfolgung und Glauben.","robots":{"index":"index","follow":"follow","max-snippet":"max-snippet:-1","max-image-preview":"max-image-preview:large","max-video-preview":"max-video-preview:-1"},"canonical":"https:\/\/transformiran.com\/de\/newsroom-de\/irans-menschenrechtsbilanz-nach-un-ernennung-auf-dem-pruefstand\/","og_locale":"de_DE","og_type":"article","og_title":"Irans Menschenrechtsbilanz nach UN-Ernennung auf dem Pr\u00fcfstand - Transform Iran","og_description":"Trotz zunehmender Hinrichtungen und Unterdr\u00fcckung steht der Iran nach einer UN-Menschenrechtsernennung weltweit unter Beobachtung. Lana Silk berichtet \u00fcber zunehmende Verfolgung und Glauben.","og_url":"https:\/\/transformiran.com\/de\/newsroom-de\/irans-menschenrechtsbilanz-nach-un-ernennung-auf-dem-pruefstand\/","og_site_name":"Transform Iran","article_publisher":"https:\/\/www.facebook.com\/222MinistriesUSAInc","article_published_time":"2026-04-28T18:00:28+00:00","article_modified_time":"2026-04-30T18:44:44+00:00","author":"Ashleigh Bedford","twitter_card":"summary_large_image","twitter_creator":"@222minint","twitter_site":"@222minint","twitter_misc":{"Verfasst von":"Ashleigh Bedford","Gesch\u00e4tzte Lesezeit":"2\u00a0Minuten"},"schema":{"@context":"https:\/\/schema.org","@graph":[{"@type":"Article","@id":"https:\/\/transformiran.com\/de\/newsroom-de\/irans-menschenrechtsbilanz-nach-un-ernennung-auf-dem-pruefstand\/#article","isPartOf":{"@id":"https:\/\/transformiran.com\/de\/newsroom-de\/irans-menschenrechtsbilanz-nach-un-ernennung-auf-dem-pruefstand\/"},"author":{"name":"Ashleigh Bedford","@id":"https:\/\/transformiran.com\/de\/#\/schema\/person\/901d817bcb841b949dbba5fa2886bfe3"},"headline":"Irans Menschenrechtsbilanz nach UN-Ernennung auf dem Pr\u00fcfstand","datePublished":"2026-04-28T18:00:28+00:00","dateModified":"2026-04-30T18:44:44+00:00","mainEntityOfPage":{"@id":"https:\/\/transformiran.com\/de\/newsroom-de\/irans-menschenrechtsbilanz-nach-un-ernennung-auf-dem-pruefstand\/"},"wordCount":422,"commentCount":0,"publisher":{"@id":"https:\/\/transformiran.com\/de\/#organization"},"image":{"@id":"https:\/\/transformiran.com\/de\/newsroom-de\/irans-menschenrechtsbilanz-nach-un-ernennung-auf-dem-pruefstand\/#primaryimage"},"thumbnailUrl":"https:\/\/transformiran.com\/app\/uploads\/2026\/01\/IranIntl.org-regime-violence-and-systematic-killing.avif","keywords":["Evangelisation","Humanit\u00e4re Krise","Iran","Kirche","Regierung"],"articleSection":["Newsroom"],"inLanguage":"de","potentialAction":[{"@type":"CommentAction","name":"Comment","target":["https:\/\/transformiran.com\/de\/newsroom-de\/irans-menschenrechtsbilanz-nach-un-ernennung-auf-dem-pruefstand\/#respond"]}]},{"@type":"WebPage","@id":"https:\/\/transformiran.com\/de\/newsroom-de\/irans-menschenrechtsbilanz-nach-un-ernennung-auf-dem-pruefstand\/","url":"https:\/\/transformiran.com\/de\/newsroom-de\/irans-menschenrechtsbilanz-nach-un-ernennung-auf-dem-pruefstand\/","name":"Irans Menschenrechtsbilanz nach UN-Ernennung auf dem Pr\u00fcfstand - Transform Iran","isPartOf":{"@id":"https:\/\/transformiran.com\/de\/#website"},"primaryImageOfPage":{"@id":"https:\/\/transformiran.com\/de\/newsroom-de\/irans-menschenrechtsbilanz-nach-un-ernennung-auf-dem-pruefstand\/#primaryimage"},"image":{"@id":"https:\/\/transformiran.com\/de\/newsroom-de\/irans-menschenrechtsbilanz-nach-un-ernennung-auf-dem-pruefstand\/#primaryimage"},"thumbnailUrl":"https:\/\/transformiran.com\/app\/uploads\/2026\/01\/IranIntl.org-regime-violence-and-systematic-killing.avif","datePublished":"2026-04-28T18:00:28+00:00","dateModified":"2026-04-30T18:44:44+00:00","description":"Trotz zunehmender Hinrichtungen und Unterdr\u00fcckung steht der Iran nach einer UN-Menschenrechtsernennung weltweit unter Beobachtung. Lana Silk berichtet \u00fcber zunehmende Verfolgung und Glauben.","breadcrumb":{"@id":"https:\/\/transformiran.com\/de\/newsroom-de\/irans-menschenrechtsbilanz-nach-un-ernennung-auf-dem-pruefstand\/#breadcrumb"},"inLanguage":"de","potentialAction":[{"@type":"ReadAction","target":["https:\/\/transformiran.com\/de\/newsroom-de\/irans-menschenrechtsbilanz-nach-un-ernennung-auf-dem-pruefstand\/"]}]},{"@type":"ImageObject","inLanguage":"de","@id":"https:\/\/transformiran.com\/de\/newsroom-de\/irans-menschenrechtsbilanz-nach-un-ernennung-auf-dem-pruefstand\/#primaryimage","url":"https:\/\/transformiran.com\/app\/uploads\/2026\/01\/IranIntl.org-regime-violence-and-systematic-killing.avif","contentUrl":"https:\/\/transformiran.com\/app\/uploads\/2026\/01\/IranIntl.org-regime-violence-and-systematic-killing.avif","width":992,"height":660},{"@type":"BreadcrumbList","@id":"https:\/\/transformiran.com\/de\/newsroom-de\/irans-menschenrechtsbilanz-nach-un-ernennung-auf-dem-pruefstand\/#breadcrumb","itemListElement":[{"@type":"ListItem","position":1,"name":"Home","item":"https:\/\/transformiran.com\/de\/startseite\/"},{"@type":"ListItem","position":2,"name":"Irans Menschenrechtsbilanz nach UN-Ernennung auf dem Pr\u00fcfstand"}]},{"@type":"WebSite","@id":"https:\/\/transformiran.com\/de\/#website","url":"https:\/\/transformiran.com\/de\/","name":"Transform Iran","description":"Bringing the love and power of Christ to Iran - and beyond","publisher":{"@id":"https:\/\/transformiran.com\/de\/#organization"},"potentialAction":[{"@type":"SearchAction","target":{"@type":"EntryPoint","urlTemplate":"https:\/\/transformiran.com\/de\/?s={search_term_string}"},"query-input":{"@type":"PropertyValueSpecification","valueRequired":true,"valueName":"search_term_string"}}],"inLanguage":"de"},{"@type":"Organization","@id":"https:\/\/transformiran.com\/de\/#organization","name":"Transform Iran","url":"https:\/\/transformiran.com\/de\/","logo":{"@type":"ImageObject","inLanguage":"de","@id":"https:\/\/transformiran.com\/de\/#\/schema\/logo\/image\/","url":"https:\/\/transformiran.com\/app\/uploads\/2022\/11\/logo_grey.jpg","contentUrl":"https:\/\/transformiran.com\/app\/uploads\/2022\/11\/logo_grey.jpg","width":528,"height":90,"caption":"Transform Iran"},"image":{"@id":"https:\/\/transformiran.com\/de\/#\/schema\/logo\/image\/"},"sameAs":["https:\/\/www.facebook.com\/222MinistriesUSAInc","https:\/\/x.com\/222minint","https:\/\/www.instagram.com\/222ministriesinternational\/"]},{"@type":"Person","@id":"https:\/\/transformiran.com\/de\/#\/schema\/person\/901d817bcb841b949dbba5fa2886bfe3","name":"Ashleigh Bedford","image":{"@type":"ImageObject","inLanguage":"de","@id":"https:\/\/secure.gravatar.com\/avatar\/fe25a0a0785840df62a592de76ed79e48013f590cc9a874b448f15b293751483?s=96&d=mm&r=g","url":"https:\/\/secure.gravatar.com\/avatar\/fe25a0a0785840df62a592de76ed79e48013f590cc9a874b448f15b293751483?s=96&d=mm&r=g","contentUrl":"https:\/\/secure.gravatar.com\/avatar\/fe25a0a0785840df62a592de76ed79e48013f590cc9a874b448f15b293751483?s=96&d=mm&r=g","caption":"Ashleigh Bedford"},"url":"https:\/\/transformiran.com\/de\/author\/ashleigh\/"}]}},"_links":{"self":[{"href":"https:\/\/transformiran.com\/de\/wp-json\/wp\/v2\/posts\/37765","targetHints":{"allow":["GET"]}}],"collection":[{"href":"https:\/\/transformiran.com\/de\/wp-json\/wp\/v2\/posts"}],"about":[{"href":"https:\/\/transformiran.com\/de\/wp-json\/wp\/v2\/types\/post"}],"author":[{"embeddable":true,"href":"https:\/\/transformiran.com\/de\/wp-json\/wp\/v2\/users\/6"}],"replies":[{"embeddable":true,"href":"https:\/\/transformiran.com\/de\/wp-json\/wp\/v2\/comments?post=37765"}],"version-history":[{"count":2,"href":"https:\/\/transformiran.com\/de\/wp-json\/wp\/v2\/posts\/37765\/revisions"}],"predecessor-version":[{"id":37776,"href":"https:\/\/transformiran.com\/de\/wp-json\/wp\/v2\/posts\/37765\/revisions\/37776"}],"wp:featuredmedia":[{"embeddable":true,"href":"https:\/\/transformiran.com\/de\/wp-json\/wp\/v2\/media\/34615"}],"wp:attachment":[{"href":"https:\/\/transformiran.com\/de\/wp-json\/wp\/v2\/media?parent=37765"}],"wp:term":[{"taxonomy":"category","embeddable":true,"href":"https:\/\/transformiran.com\/de\/wp-json\/wp\/v2\/categories?post=37765"},{"taxonomy":"post_tag","embeddable":true,"href":"https:\/\/transformiran.com\/de\/wp-json\/wp\/v2\/tags?post=37765"}],"curies":[{"name":"wp","href":"https:\/\/api.w.org\/{rel}","templated":true}]}}