{"id":11955,"date":"2023-09-07T13:08:48","date_gmt":"2023-09-07T12:08:48","guid":{"rendered":"https:\/\/transformiran.com\/sin-categorizar\/por-que-los-musulmanes-iraquies-se-unieron-a-jezus-cvandaag-podcast\/"},"modified":"2024-03-26T15:10:41","modified_gmt":"2024-03-26T15:10:41","slug":"por-que-los-musulmanes-iraquies-se-unieron-a-jezus-cvandaag-podcast","status":"publish","type":"post","link":"https:\/\/transformiran.com\/es\/redaccion\/por-que-los-musulmanes-iraquies-se-unieron-a-jezus-cvandaag-podcast\/","title":{"rendered":"Por qu\u00e9 los musulmanes iraqu\u00edes se unieron a Jezus: Cvandaag podcast"},"content":{"rendered":"\n<iframe loading=\"lazy\" width=\"100%\" height=\"300\" scrolling=\"no\" frameborder=\"no\" allow=\"autoplay\" src=\"https:\/\/w.soundcloud.com\/player\/?url=https%3A\/\/api.soundcloud.com\/tracks\/1607728122&#038;color=%23ff5500&#038;auto_play=false&#038;hide_related=false&#038;show_comments=true&#038;show_user=true&#038;show_reposts=false&#038;show_teaser=true&#038;visual=true\"><\/iframe><div style=\"font-size: 10px; color: #cccccc;line-break: anywhere;word-break: normal;overflow: hidden;white-space: nowrap;text-overflow: ellipsis; font-family: Interstate,Lucida Grande,Lucida Sans Unicode,Lucida Sans,Garuda,Verdana,Tahoma,sans-serif;font-weight: 100;\"><a href=\"https:\/\/soundcloud.com\/cvandaagpodcast\" title=\"Podcast de Cvandaag\" target=\"_blank\" style=\"color: #cccccc; text-decoration: none;\" rel=\"noopener\">Podcast de Cvandaag<\/a> &#8211; <a href=\"https:\/\/soundcloud.com\/cvandaagpodcast\/288-jeffrey-henk-bouma-en-mariette-oosterhoff-over-een-geestelijke-herleving-in-iran\" title=\"#n\u00ba 288 Jeffrey, Henk Bouma y Mari\u00ebtte Oosterhoff sobre un hermetismo geestelijke en Ir\u00e1n\" target=\"_blank\" style=\"color: #cccccc; text-decoration: none;\" rel=\"noopener\">#288 Jeffrey, Henk Bouma y Mari\u00ebtte Oosterhoff sobre un hermetismo geestelijke en Ir\u00e1n<\/a><\/div>\n\n<p>A pesar del hecho de que los cristianos en Ir\u00e1n contaban con el apoyo, el apoyo y la ejecuci\u00f3n, los musulmanes talibanes se han unido al cristianismo. Mari\u00ebtte Oosterhoff es la <a href=\"https:\/\/transformiran.com\/nl\/\" target=\"_blank\" rel=\"noreferrer noopener\">fundadora de la organizaci\u00f3n Transform Iran<\/a>. El organizador Henk Bouma invita a los iran\u00edes a una iglesia multicultural en Utrecht. El presentador Jeffrey Schipper habla con \u00e9l en el podcast de Cvandaag sobre el hermetismo geestelijke que existe en Ir\u00e1n.<\/p>\n\n<p><em>Emitido originalmente en <a href=\"https:\/\/cvandaag.nl\/97667-waarom-moslims-in-iran-massaal-bij-jezus-uitkomen\" target=\"_blank\" rel=\"noreferrer noopener\">el podcast Cvandaag<\/a>.<\/em><\/p>\n","protected":false},"excerpt":{"rendered":"<p>En este podcast holand\u00e9s, Mariette nos habla de la incre\u00edble obra que Dios est\u00e1 llevando a cabo en Ir\u00e1n.<\/p>\n","protected":false},"author":4,"featured_media":11487,"comment_status":"open","ping_status":"open","sticky":false,"template":"","format":"standard","meta":{"_acf_changed":false,"give_campaign_id":0,"om_disable_all_campaigns":false,"_mi_skip_tracking":false,"footnotes":""},"categories":[161],"tags":[152,150,159],"class_list":["post-11955","post","type-post","status-publish","format-standard","has-post-thumbnail","hentry","category-redaccion","tag-iran-es","tag-salvacion","tag-transformacion"],"acf":[],"yoast_head":"<!-- This site is optimized with the Yoast SEO plugin v27.3 - https:\/\/yoast.com\/product\/yoast-seo-wordpress\/ -->\n<title>Por qu\u00e9 los musulmanes iraqu\u00edes se unieron a Jezus: Cvandaag podcast - Transform Iran<\/title>\n<meta name=\"robots\" content=\"index, follow, max-snippet:-1, max-image-preview:large, max-video-preview:-1\" \/>\n<link rel=\"canonical\" href=\"https:\/\/transformiran.com\/es\/redaccion\/por-que-los-musulmanes-iraquies-se-unieron-a-jezus-cvandaag-podcast\/\" \/>\n<meta property=\"og:locale\" content=\"es_ES\" \/>\n<meta property=\"og:type\" content=\"article\" \/>\n<meta property=\"og:title\" content=\"Por qu\u00e9 los musulmanes iraqu\u00edes se unieron a Jezus: Cvandaag podcast - Transform Iran\" \/>\n<meta property=\"og:description\" content=\"En este podcast holand\u00e9s, Mariette nos habla de la incre\u00edble obra que Dios est\u00e1 llevando a cabo en Ir\u00e1n.\" \/>\n<meta property=\"og:url\" content=\"https:\/\/transformiran.com\/es\/redaccion\/por-que-los-musulmanes-iraquies-se-unieron-a-jezus-cvandaag-podcast\/\" \/>\n<meta property=\"og:site_name\" content=\"Transform Iran\" \/>\n<meta property=\"article:publisher\" content=\"https:\/\/www.facebook.com\/222MinistriesUSAInc\" \/>\n<meta property=\"article:published_time\" content=\"2023-09-07T12:08:48+00:00\" \/>\n<meta property=\"article:modified_time\" content=\"2024-03-26T15:10:41+00:00\" \/>\n<meta property=\"og:image\" content=\"https:\/\/transformiran.com\/app\/uploads\/2023\/09\/cvandaag-Mariette-Sept-7-2023.png\" \/>\n\t<meta property=\"og:image:width\" content=\"1600\" \/>\n\t<meta property=\"og:image:height\" content=\"756\" \/>\n\t<meta property=\"og:image:type\" content=\"image\/png\" \/>\n<meta name=\"author\" content=\"Lana Silk\" \/>\n<meta name=\"twitter:card\" content=\"summary_large_image\" \/>\n<meta name=\"twitter:creator\" content=\"@222minint\" \/>\n<meta name=\"twitter:site\" content=\"@222minint\" \/>\n<meta name=\"twitter:label1\" content=\"Escrito por\" \/>\n\t<meta name=\"twitter:data1\" content=\"Lana Silk\" \/>\n\t<meta name=\"twitter:label2\" content=\"Tiempo de lectura\" \/>\n\t<meta name=\"twitter:data2\" content=\"1 minuto\" \/>\n<script type=\"application\/ld+json\" class=\"yoast-schema-graph\">{\"@context\":\"https:\\\/\\\/schema.org\",\"@graph\":[{\"@type\":\"Article\",\"@id\":\"https:\\\/\\\/transformiran.com\\\/es\\\/redaccion\\\/por-que-los-musulmanes-iraquies-se-unieron-a-jezus-cvandaag-podcast\\\/#article\",\"isPartOf\":{\"@id\":\"https:\\\/\\\/transformiran.com\\\/es\\\/redaccion\\\/por-que-los-musulmanes-iraquies-se-unieron-a-jezus-cvandaag-podcast\\\/\"},\"author\":{\"name\":\"Lana Silk\",\"@id\":\"https:\\\/\\\/transformiran.com\\\/es\\\/#\\\/schema\\\/person\\\/c0e1862a6f8592d7945bcb851b52cd9c\"},\"headline\":\"Por qu\u00e9 los musulmanes iraqu\u00edes se unieron a Jezus: Cvandaag podcast\",\"datePublished\":\"2023-09-07T12:08:48+00:00\",\"dateModified\":\"2024-03-26T15:10:41+00:00\",\"mainEntityOfPage\":{\"@id\":\"https:\\\/\\\/transformiran.com\\\/es\\\/redaccion\\\/por-que-los-musulmanes-iraquies-se-unieron-a-jezus-cvandaag-podcast\\\/\"},\"wordCount\":113,\"commentCount\":0,\"publisher\":{\"@id\":\"https:\\\/\\\/transformiran.com\\\/es\\\/#organization\"},\"image\":{\"@id\":\"https:\\\/\\\/transformiran.com\\\/es\\\/redaccion\\\/por-que-los-musulmanes-iraquies-se-unieron-a-jezus-cvandaag-podcast\\\/#primaryimage\"},\"thumbnailUrl\":\"https:\\\/\\\/transformiran.com\\\/app\\\/uploads\\\/2023\\\/09\\\/cvandaag-Mariette-Sept-7-2023.png\",\"keywords\":[\"Ir\u00e1n\",\"Salvaci\u00f3n\",\"Transformaci\u00f3n\"],\"articleSection\":[\"Redacci\u00f3n\"],\"inLanguage\":\"es\",\"potentialAction\":[{\"@type\":\"CommentAction\",\"name\":\"Comment\",\"target\":[\"https:\\\/\\\/transformiran.com\\\/es\\\/redaccion\\\/por-que-los-musulmanes-iraquies-se-unieron-a-jezus-cvandaag-podcast\\\/#respond\"]}]},{\"@type\":\"WebPage\",\"@id\":\"https:\\\/\\\/transformiran.com\\\/es\\\/redaccion\\\/por-que-los-musulmanes-iraquies-se-unieron-a-jezus-cvandaag-podcast\\\/\",\"url\":\"https:\\\/\\\/transformiran.com\\\/es\\\/redaccion\\\/por-que-los-musulmanes-iraquies-se-unieron-a-jezus-cvandaag-podcast\\\/\",\"name\":\"Por qu\u00e9 los musulmanes iraqu\u00edes se unieron a Jezus: Cvandaag podcast - Transform Iran\",\"isPartOf\":{\"@id\":\"https:\\\/\\\/transformiran.com\\\/es\\\/#website\"},\"primaryImageOfPage\":{\"@id\":\"https:\\\/\\\/transformiran.com\\\/es\\\/redaccion\\\/por-que-los-musulmanes-iraquies-se-unieron-a-jezus-cvandaag-podcast\\\/#primaryimage\"},\"image\":{\"@id\":\"https:\\\/\\\/transformiran.com\\\/es\\\/redaccion\\\/por-que-los-musulmanes-iraquies-se-unieron-a-jezus-cvandaag-podcast\\\/#primaryimage\"},\"thumbnailUrl\":\"https:\\\/\\\/transformiran.com\\\/app\\\/uploads\\\/2023\\\/09\\\/cvandaag-Mariette-Sept-7-2023.png\",\"datePublished\":\"2023-09-07T12:08:48+00:00\",\"dateModified\":\"2024-03-26T15:10:41+00:00\",\"breadcrumb\":{\"@id\":\"https:\\\/\\\/transformiran.com\\\/es\\\/redaccion\\\/por-que-los-musulmanes-iraquies-se-unieron-a-jezus-cvandaag-podcast\\\/#breadcrumb\"},\"inLanguage\":\"es\",\"potentialAction\":[{\"@type\":\"ReadAction\",\"target\":[\"https:\\\/\\\/transformiran.com\\\/es\\\/redaccion\\\/por-que-los-musulmanes-iraquies-se-unieron-a-jezus-cvandaag-podcast\\\/\"]}]},{\"@type\":\"ImageObject\",\"inLanguage\":\"es\",\"@id\":\"https:\\\/\\\/transformiran.com\\\/es\\\/redaccion\\\/por-que-los-musulmanes-iraquies-se-unieron-a-jezus-cvandaag-podcast\\\/#primaryimage\",\"url\":\"https:\\\/\\\/transformiran.com\\\/app\\\/uploads\\\/2023\\\/09\\\/cvandaag-Mariette-Sept-7-2023.png\",\"contentUrl\":\"https:\\\/\\\/transformiran.com\\\/app\\\/uploads\\\/2023\\\/09\\\/cvandaag-Mariette-Sept-7-2023.png\",\"width\":1600,\"height\":756},{\"@type\":\"BreadcrumbList\",\"@id\":\"https:\\\/\\\/transformiran.com\\\/es\\\/redaccion\\\/por-que-los-musulmanes-iraquies-se-unieron-a-jezus-cvandaag-podcast\\\/#breadcrumb\",\"itemListElement\":[{\"@type\":\"ListItem\",\"position\":1,\"name\":\"Home\",\"item\":\"https:\\\/\\\/transformiran.com\\\/es\\\/inicio-2\\\/\"},{\"@type\":\"ListItem\",\"position\":2,\"name\":\"Por qu\u00e9 los musulmanes iraqu\u00edes se unieron a Jezus: Cvandaag podcast\"}]},{\"@type\":\"WebSite\",\"@id\":\"https:\\\/\\\/transformiran.com\\\/es\\\/#website\",\"url\":\"https:\\\/\\\/transformiran.com\\\/es\\\/\",\"name\":\"Transform Iran\",\"description\":\"Bringing the love and power of Christ to Iran - and beyond\",\"publisher\":{\"@id\":\"https:\\\/\\\/transformiran.com\\\/es\\\/#organization\"},\"potentialAction\":[{\"@type\":\"SearchAction\",\"target\":{\"@type\":\"EntryPoint\",\"urlTemplate\":\"https:\\\/\\\/transformiran.com\\\/es\\\/?s={search_term_string}\"},\"query-input\":{\"@type\":\"PropertyValueSpecification\",\"valueRequired\":true,\"valueName\":\"search_term_string\"}}],\"inLanguage\":\"es\"},{\"@type\":\"Organization\",\"@id\":\"https:\\\/\\\/transformiran.com\\\/es\\\/#organization\",\"name\":\"Transform Iran\",\"url\":\"https:\\\/\\\/transformiran.com\\\/es\\\/\",\"logo\":{\"@type\":\"ImageObject\",\"inLanguage\":\"es\",\"@id\":\"https:\\\/\\\/transformiran.com\\\/es\\\/#\\\/schema\\\/logo\\\/image\\\/\",\"url\":\"https:\\\/\\\/transformiran.com\\\/app\\\/uploads\\\/2022\\\/11\\\/logo_grey.jpg\",\"contentUrl\":\"https:\\\/\\\/transformiran.com\\\/app\\\/uploads\\\/2022\\\/11\\\/logo_grey.jpg\",\"width\":528,\"height\":90,\"caption\":\"Transform Iran\"},\"image\":{\"@id\":\"https:\\\/\\\/transformiran.com\\\/es\\\/#\\\/schema\\\/logo\\\/image\\\/\"},\"sameAs\":[\"https:\\\/\\\/www.facebook.com\\\/222MinistriesUSAInc\",\"https:\\\/\\\/x.com\\\/222minint\",\"https:\\\/\\\/www.instagram.com\\\/222ministriesinternational\\\/\"]},{\"@type\":\"Person\",\"@id\":\"https:\\\/\\\/transformiran.com\\\/es\\\/#\\\/schema\\\/person\\\/c0e1862a6f8592d7945bcb851b52cd9c\",\"name\":\"Lana Silk\",\"image\":{\"@type\":\"ImageObject\",\"inLanguage\":\"es\",\"@id\":\"https:\\\/\\\/secure.gravatar.com\\\/avatar\\\/d632b13d91e0186b2ead0912a0e293a96cf08479bc1b68caebfeca5ef8d55a9f?s=96&d=mm&r=g\",\"url\":\"https:\\\/\\\/secure.gravatar.com\\\/avatar\\\/d632b13d91e0186b2ead0912a0e293a96cf08479bc1b68caebfeca5ef8d55a9f?s=96&d=mm&r=g\",\"contentUrl\":\"https:\\\/\\\/secure.gravatar.com\\\/avatar\\\/d632b13d91e0186b2ead0912a0e293a96cf08479bc1b68caebfeca5ef8d55a9f?s=96&d=mm&r=g\",\"caption\":\"Lana Silk\"},\"url\":\"https:\\\/\\\/transformiran.com\\\/es\\\/author\\\/lana\\\/\"}]}<\/script>\n<!-- \/ Yoast SEO plugin. -->","yoast_head_json":{"title":"Por qu\u00e9 los musulmanes iraqu\u00edes se unieron a Jezus: Cvandaag podcast - Transform Iran","robots":{"index":"index","follow":"follow","max-snippet":"max-snippet:-1","max-image-preview":"max-image-preview:large","max-video-preview":"max-video-preview:-1"},"canonical":"https:\/\/transformiran.com\/es\/redaccion\/por-que-los-musulmanes-iraquies-se-unieron-a-jezus-cvandaag-podcast\/","og_locale":"es_ES","og_type":"article","og_title":"Por qu\u00e9 los musulmanes iraqu\u00edes se unieron a Jezus: Cvandaag podcast - Transform Iran","og_description":"En este podcast holand\u00e9s, Mariette nos habla de la incre\u00edble obra que Dios est\u00e1 llevando a cabo en Ir\u00e1n.","og_url":"https:\/\/transformiran.com\/es\/redaccion\/por-que-los-musulmanes-iraquies-se-unieron-a-jezus-cvandaag-podcast\/","og_site_name":"Transform Iran","article_publisher":"https:\/\/www.facebook.com\/222MinistriesUSAInc","article_published_time":"2023-09-07T12:08:48+00:00","article_modified_time":"2024-03-26T15:10:41+00:00","og_image":[{"width":1600,"height":756,"url":"https:\/\/transformiran.com\/app\/uploads\/2023\/09\/cvandaag-Mariette-Sept-7-2023.png","type":"image\/png"}],"author":"Lana Silk","twitter_card":"summary_large_image","twitter_creator":"@222minint","twitter_site":"@222minint","twitter_misc":{"Escrito por":"Lana Silk","Tiempo de lectura":"1 minuto"},"schema":{"@context":"https:\/\/schema.org","@graph":[{"@type":"Article","@id":"https:\/\/transformiran.com\/es\/redaccion\/por-que-los-musulmanes-iraquies-se-unieron-a-jezus-cvandaag-podcast\/#article","isPartOf":{"@id":"https:\/\/transformiran.com\/es\/redaccion\/por-que-los-musulmanes-iraquies-se-unieron-a-jezus-cvandaag-podcast\/"},"author":{"name":"Lana Silk","@id":"https:\/\/transformiran.com\/es\/#\/schema\/person\/c0e1862a6f8592d7945bcb851b52cd9c"},"headline":"Por qu\u00e9 los musulmanes iraqu\u00edes se unieron a Jezus: Cvandaag podcast","datePublished":"2023-09-07T12:08:48+00:00","dateModified":"2024-03-26T15:10:41+00:00","mainEntityOfPage":{"@id":"https:\/\/transformiran.com\/es\/redaccion\/por-que-los-musulmanes-iraquies-se-unieron-a-jezus-cvandaag-podcast\/"},"wordCount":113,"commentCount":0,"publisher":{"@id":"https:\/\/transformiran.com\/es\/#organization"},"image":{"@id":"https:\/\/transformiran.com\/es\/redaccion\/por-que-los-musulmanes-iraquies-se-unieron-a-jezus-cvandaag-podcast\/#primaryimage"},"thumbnailUrl":"https:\/\/transformiran.com\/app\/uploads\/2023\/09\/cvandaag-Mariette-Sept-7-2023.png","keywords":["Ir\u00e1n","Salvaci\u00f3n","Transformaci\u00f3n"],"articleSection":["Redacci\u00f3n"],"inLanguage":"es","potentialAction":[{"@type":"CommentAction","name":"Comment","target":["https:\/\/transformiran.com\/es\/redaccion\/por-que-los-musulmanes-iraquies-se-unieron-a-jezus-cvandaag-podcast\/#respond"]}]},{"@type":"WebPage","@id":"https:\/\/transformiran.com\/es\/redaccion\/por-que-los-musulmanes-iraquies-se-unieron-a-jezus-cvandaag-podcast\/","url":"https:\/\/transformiran.com\/es\/redaccion\/por-que-los-musulmanes-iraquies-se-unieron-a-jezus-cvandaag-podcast\/","name":"Por qu\u00e9 los musulmanes iraqu\u00edes se unieron a Jezus: Cvandaag podcast - Transform Iran","isPartOf":{"@id":"https:\/\/transformiran.com\/es\/#website"},"primaryImageOfPage":{"@id":"https:\/\/transformiran.com\/es\/redaccion\/por-que-los-musulmanes-iraquies-se-unieron-a-jezus-cvandaag-podcast\/#primaryimage"},"image":{"@id":"https:\/\/transformiran.com\/es\/redaccion\/por-que-los-musulmanes-iraquies-se-unieron-a-jezus-cvandaag-podcast\/#primaryimage"},"thumbnailUrl":"https:\/\/transformiran.com\/app\/uploads\/2023\/09\/cvandaag-Mariette-Sept-7-2023.png","datePublished":"2023-09-07T12:08:48+00:00","dateModified":"2024-03-26T15:10:41+00:00","breadcrumb":{"@id":"https:\/\/transformiran.com\/es\/redaccion\/por-que-los-musulmanes-iraquies-se-unieron-a-jezus-cvandaag-podcast\/#breadcrumb"},"inLanguage":"es","potentialAction":[{"@type":"ReadAction","target":["https:\/\/transformiran.com\/es\/redaccion\/por-que-los-musulmanes-iraquies-se-unieron-a-jezus-cvandaag-podcast\/"]}]},{"@type":"ImageObject","inLanguage":"es","@id":"https:\/\/transformiran.com\/es\/redaccion\/por-que-los-musulmanes-iraquies-se-unieron-a-jezus-cvandaag-podcast\/#primaryimage","url":"https:\/\/transformiran.com\/app\/uploads\/2023\/09\/cvandaag-Mariette-Sept-7-2023.png","contentUrl":"https:\/\/transformiran.com\/app\/uploads\/2023\/09\/cvandaag-Mariette-Sept-7-2023.png","width":1600,"height":756},{"@type":"BreadcrumbList","@id":"https:\/\/transformiran.com\/es\/redaccion\/por-que-los-musulmanes-iraquies-se-unieron-a-jezus-cvandaag-podcast\/#breadcrumb","itemListElement":[{"@type":"ListItem","position":1,"name":"Home","item":"https:\/\/transformiran.com\/es\/inicio-2\/"},{"@type":"ListItem","position":2,"name":"Por qu\u00e9 los musulmanes iraqu\u00edes se unieron a Jezus: Cvandaag podcast"}]},{"@type":"WebSite","@id":"https:\/\/transformiran.com\/es\/#website","url":"https:\/\/transformiran.com\/es\/","name":"Transform Iran","description":"Bringing the love and power of Christ to Iran - and beyond","publisher":{"@id":"https:\/\/transformiran.com\/es\/#organization"},"potentialAction":[{"@type":"SearchAction","target":{"@type":"EntryPoint","urlTemplate":"https:\/\/transformiran.com\/es\/?s={search_term_string}"},"query-input":{"@type":"PropertyValueSpecification","valueRequired":true,"valueName":"search_term_string"}}],"inLanguage":"es"},{"@type":"Organization","@id":"https:\/\/transformiran.com\/es\/#organization","name":"Transform Iran","url":"https:\/\/transformiran.com\/es\/","logo":{"@type":"ImageObject","inLanguage":"es","@id":"https:\/\/transformiran.com\/es\/#\/schema\/logo\/image\/","url":"https:\/\/transformiran.com\/app\/uploads\/2022\/11\/logo_grey.jpg","contentUrl":"https:\/\/transformiran.com\/app\/uploads\/2022\/11\/logo_grey.jpg","width":528,"height":90,"caption":"Transform Iran"},"image":{"@id":"https:\/\/transformiran.com\/es\/#\/schema\/logo\/image\/"},"sameAs":["https:\/\/www.facebook.com\/222MinistriesUSAInc","https:\/\/x.com\/222minint","https:\/\/www.instagram.com\/222ministriesinternational\/"]},{"@type":"Person","@id":"https:\/\/transformiran.com\/es\/#\/schema\/person\/c0e1862a6f8592d7945bcb851b52cd9c","name":"Lana Silk","image":{"@type":"ImageObject","inLanguage":"es","@id":"https:\/\/secure.gravatar.com\/avatar\/d632b13d91e0186b2ead0912a0e293a96cf08479bc1b68caebfeca5ef8d55a9f?s=96&d=mm&r=g","url":"https:\/\/secure.gravatar.com\/avatar\/d632b13d91e0186b2ead0912a0e293a96cf08479bc1b68caebfeca5ef8d55a9f?s=96&d=mm&r=g","contentUrl":"https:\/\/secure.gravatar.com\/avatar\/d632b13d91e0186b2ead0912a0e293a96cf08479bc1b68caebfeca5ef8d55a9f?s=96&d=mm&r=g","caption":"Lana Silk"},"url":"https:\/\/transformiran.com\/es\/author\/lana\/"}]}},"_links":{"self":[{"href":"https:\/\/transformiran.com\/es\/wp-json\/wp\/v2\/posts\/11955","targetHints":{"allow":["GET"]}}],"collection":[{"href":"https:\/\/transformiran.com\/es\/wp-json\/wp\/v2\/posts"}],"about":[{"href":"https:\/\/transformiran.com\/es\/wp-json\/wp\/v2\/types\/post"}],"author":[{"embeddable":true,"href":"https:\/\/transformiran.com\/es\/wp-json\/wp\/v2\/users\/4"}],"replies":[{"embeddable":true,"href":"https:\/\/transformiran.com\/es\/wp-json\/wp\/v2\/comments?post=11955"}],"version-history":[{"count":0,"href":"https:\/\/transformiran.com\/es\/wp-json\/wp\/v2\/posts\/11955\/revisions"}],"wp:featuredmedia":[{"embeddable":true,"href":"https:\/\/transformiran.com\/es\/wp-json\/wp\/v2\/media\/11487"}],"wp:attachment":[{"href":"https:\/\/transformiran.com\/es\/wp-json\/wp\/v2\/media?parent=11955"}],"wp:term":[{"taxonomy":"category","embeddable":true,"href":"https:\/\/transformiran.com\/es\/wp-json\/wp\/v2\/categories?post=11955"},{"taxonomy":"post_tag","embeddable":true,"href":"https:\/\/transformiran.com\/es\/wp-json\/wp\/v2\/tags?post=11955"}],"curies":[{"name":"wp","href":"https:\/\/api.w.org\/{rel}","templated":true}]}}