{"id":11968,"date":"2023-10-10T16:27:55","date_gmt":"2023-10-10T15:27:55","guid":{"rendered":"https:\/\/transformiran.com\/sin-categorizar\/los-manifestantes-iranies-conservan-sus-historias-frente-a-la-violencia-mission-network-news\/"},"modified":"2024-03-26T15:10:52","modified_gmt":"2024-03-26T15:10:52","slug":"los-manifestantes-iranies-conservan-sus-historias-frente-a-la-violencia-mission-network-news","status":"publish","type":"post","link":"https:\/\/transformiran.com\/es\/redaccion\/los-manifestantes-iranies-conservan-sus-historias-frente-a-la-violencia-mission-network-news\/","title":{"rendered":"Los manifestantes iran\u00edes conservan sus historias frente a la violencia: Mission Network News"},"content":{"rendered":"\n<p>por Alex Anhalt<\/p>\n\n<p>Ir\u00e1n (MNN) &#8211; En septiembre del a\u00f1o pasado, <a href=\"https:\/\/www.npr.org\/2022\/09\/21\/1124237272\/mahsa-amini-iran-women-protest-hijab-morality-police\" target=\"_blank\" rel=\"noreferrer noopener\">\n  <strong>Mahsa Amini muri\u00f3 mientras estaba bajo custodia de la polic\u00eda de moralidad de Ir\u00e1n<\/strong>\n<\/a>. Fue una tragedia que encendi\u00f3 un fuego en los corazones de los iran\u00edes de toda la naci\u00f3n. Desde hace un a\u00f1o, las protestas son cotidianas. En palabras de Lana Silk, de <a href=\"https:\/\/www.mnnonline.org\/mission_groups\/transform-iran\/\" target=\"_blank\" rel=\"noreferrer noopener\">\n  <strong>Transformar Ir\u00e1n<\/strong>\n<\/a>&#8220;Aquellas personas que pod\u00edan pensar que estaban solas vieron que no, que hay cientos, si no miles, de personas en todo el pa\u00eds que no s\u00f3lo sienten lo mismo, sino que est\u00e1n dispuestas a hacer algo al respecto&#8221;.<\/p>\n\n<p>La respuesta de los funcionarios ha sido despiadada. &#8220;El gobierno est\u00e1 tomando represalias brutales contra la poblaci\u00f3n&#8221;, afirma Silk. &#8220;Est\u00e1n matando, violando, torturando y deteniendo. Est\u00e1n intimidando y amenazando a los j\u00f3venes de Ir\u00e1n y a sus familias.<\/p>\n\n<p>Pero incluso en la muerte, las voces de los oprimidos exigen ser escuchadas. Hace poco, Silk se enter\u00f3 de la detenci\u00f3n de una joven durante una protesta contra la obligatoriedad del hiyab. Debido a su comportamiento desafiante, fue torturada y maltratada.  <\/p>\n\n<blockquote class=\"wp-block-quote is-layout-flow wp-block-quote-is-layout-flow\">\n<p><em>As\u00ed que grab\u00f3 un v\u00eddeo en el que esencialmente dec\u00eda: &#8216;No creo que vayan a dejarme marchar, no creo que su respuesta a mis acciones haya terminado. Si desapareciera, si me detuvieran, me torturaran, me martirizaran [&#8230;] por favor, recu\u00e9rdenlo, recu\u00e9rdennos&#8221;. Y dice espec\u00edficamente: &#8216;S\u00e9 nuestra voz. Necesitamos que seas nuestra voz. Te necesitamos para dar fuerza a este movimiento&#8221;.<\/em><\/p>\n<\/blockquote>\n\n<p>Tras difundir el v\u00eddeo, la joven desapareci\u00f3. Los funcionarios detuvieron y golpearon a sus padres. Los abusos que predijo se hicieron realidad.<\/p>\n\n<p>\u00bfQu\u00e9 ocurre ahora? Ahora mismo, los j\u00f3venes que luchan por su libertad est\u00e1n experimentando un trauma y un dolor inmensos a causa de su resistencia. Transform Iran espera intervenir en esos retos y proporcionar las herramientas para mantenerse fuertes. &#8220;[Through digital media]Ofrecemos muchas ense\u00f1anzas sobre la identidad, la curaci\u00f3n, la victoria sobre la adicci\u00f3n, la superaci\u00f3n del dolor y la lucha contra el trauma&#8221;, afirma Silk. &#8220;Luego, a trav\u00e9s de ese proceso, invitamos a la gente a que se ponga en contacto con nosotros [via audio or video calls] y reciba asesoramiento individual, sobre todo en relaci\u00f3n con los traumas que han sufrido&#8221;.<\/p>\n\n<p><strong>Transform Iran pide apoyo<\/strong> para estas ramas de su ministerio, especialmente porque est\u00e1n intentando incorporar un nuevo grupo de consejeros especializados.  <\/p>\n\n<p>Tambi\u00e9n te piden que sigas observando y escuchando. Presta atenci\u00f3n a las historias de los j\u00f3venes iran\u00edes. Presta atenci\u00f3n al modo en que los j\u00f3venes buscan la libertad, tanto f\u00edsica como espiritual. Y presta atenci\u00f3n a las formas en que Dios est\u00e1 obrando incluso en medio de la violencia de Ir\u00e1n.<\/p>\n\n<p><em>Publicado originalmente en: <a href=\"https:\/\/www.mnnonline.org\/news\/iranian-protestors-preserve-their-stories-in-the-face-of-violence\/\" target=\"_blank\" rel=\"noreferrer noopener\">Mission Network News<\/a>.<\/em><\/p>\n","protected":false},"excerpt":{"rendered":"<p>Lo que siguen soportando los j\u00f3venes iran\u00edes en su lucha por la libertad<\/p>\n","protected":false},"author":4,"featured_media":11492,"comment_status":"open","ping_status":"open","sticky":false,"template":"","format":"standard","meta":{"_acf_changed":false,"give_campaign_id":0,"om_disable_all_campaigns":false,"_mi_skip_tracking":false,"footnotes":""},"categories":[161],"tags":[165,152,155,162],"class_list":["post-11968","post","type-post","status-publish","format-standard","has-post-thumbnail","hentry","category-redaccion","tag-gobierno","tag-iran-es","tag-mujeres","tag-persecucion"],"acf":[],"yoast_head":"<!-- This site is optimized with the Yoast SEO plugin v27.3 - https:\/\/yoast.com\/product\/yoast-seo-wordpress\/ -->\n<title>Los manifestantes iran\u00edes conservan sus historias frente a la violencia: Mission Network News - Transform Iran<\/title>\n<meta name=\"robots\" content=\"index, follow, max-snippet:-1, max-image-preview:large, max-video-preview:-1\" \/>\n<link rel=\"canonical\" href=\"https:\/\/transformiran.com\/es\/redaccion\/los-manifestantes-iranies-conservan-sus-historias-frente-a-la-violencia-mission-network-news\/\" \/>\n<meta property=\"og:locale\" content=\"es_ES\" \/>\n<meta property=\"og:type\" content=\"article\" \/>\n<meta property=\"og:title\" content=\"Los manifestantes iran\u00edes conservan sus historias frente a la violencia: Mission Network News - Transform Iran\" \/>\n<meta property=\"og:description\" content=\"Lo que siguen soportando los j\u00f3venes iran\u00edes en su lucha por la libertad\" \/>\n<meta property=\"og:url\" content=\"https:\/\/transformiran.com\/es\/redaccion\/los-manifestantes-iranies-conservan-sus-historias-frente-a-la-violencia-mission-network-news\/\" \/>\n<meta property=\"og:site_name\" content=\"Transform Iran\" \/>\n<meta property=\"article:publisher\" content=\"https:\/\/www.facebook.com\/222MinistriesUSAInc\" \/>\n<meta property=\"article:published_time\" content=\"2023-10-10T15:27:55+00:00\" \/>\n<meta property=\"article:modified_time\" content=\"2024-03-26T15:10:52+00:00\" \/>\n<meta property=\"og:image\" content=\"https:\/\/transformiran.com\/app\/uploads\/2023\/10\/MNN-Iran-protestors-Oct-2023-Lite.jpeg\" \/>\n\t<meta property=\"og:image:width\" content=\"1280\" \/>\n\t<meta property=\"og:image:height\" content=\"853\" \/>\n\t<meta property=\"og:image:type\" content=\"image\/jpeg\" \/>\n<meta name=\"author\" content=\"Lana Silk\" \/>\n<meta name=\"twitter:card\" content=\"summary_large_image\" \/>\n<meta name=\"twitter:creator\" content=\"@222minint\" \/>\n<meta name=\"twitter:site\" content=\"@222minint\" \/>\n<meta name=\"twitter:label1\" content=\"Escrito por\" \/>\n\t<meta name=\"twitter:data1\" content=\"Lana Silk\" \/>\n\t<meta name=\"twitter:label2\" content=\"Tiempo de lectura\" \/>\n\t<meta name=\"twitter:data2\" content=\"2 minutos\" \/>\n<script type=\"application\/ld+json\" class=\"yoast-schema-graph\">{\"@context\":\"https:\\\/\\\/schema.org\",\"@graph\":[{\"@type\":\"Article\",\"@id\":\"https:\\\/\\\/transformiran.com\\\/es\\\/redaccion\\\/los-manifestantes-iranies-conservan-sus-historias-frente-a-la-violencia-mission-network-news\\\/#article\",\"isPartOf\":{\"@id\":\"https:\\\/\\\/transformiran.com\\\/es\\\/redaccion\\\/los-manifestantes-iranies-conservan-sus-historias-frente-a-la-violencia-mission-network-news\\\/\"},\"author\":{\"name\":\"Lana Silk\",\"@id\":\"https:\\\/\\\/transformiran.com\\\/es\\\/#\\\/schema\\\/person\\\/c0e1862a6f8592d7945bcb851b52cd9c\"},\"headline\":\"Los manifestantes iran\u00edes conservan sus historias frente a la violencia: Mission Network News\",\"datePublished\":\"2023-10-10T15:27:55+00:00\",\"dateModified\":\"2024-03-26T15:10:52+00:00\",\"mainEntityOfPage\":{\"@id\":\"https:\\\/\\\/transformiran.com\\\/es\\\/redaccion\\\/los-manifestantes-iranies-conservan-sus-historias-frente-a-la-violencia-mission-network-news\\\/\"},\"wordCount\":494,\"commentCount\":0,\"publisher\":{\"@id\":\"https:\\\/\\\/transformiran.com\\\/es\\\/#organization\"},\"image\":{\"@id\":\"https:\\\/\\\/transformiran.com\\\/es\\\/redaccion\\\/los-manifestantes-iranies-conservan-sus-historias-frente-a-la-violencia-mission-network-news\\\/#primaryimage\"},\"thumbnailUrl\":\"https:\\\/\\\/transformiran.com\\\/app\\\/uploads\\\/2023\\\/10\\\/MNN-Iran-protestors-Oct-2023-Lite.jpeg\",\"keywords\":[\"Gobierno\",\"Ir\u00e1n\",\"Mujeres\",\"Persecuci\u00f3n\"],\"articleSection\":[\"Redacci\u00f3n\"],\"inLanguage\":\"es\",\"potentialAction\":[{\"@type\":\"CommentAction\",\"name\":\"Comment\",\"target\":[\"https:\\\/\\\/transformiran.com\\\/es\\\/redaccion\\\/los-manifestantes-iranies-conservan-sus-historias-frente-a-la-violencia-mission-network-news\\\/#respond\"]}]},{\"@type\":\"WebPage\",\"@id\":\"https:\\\/\\\/transformiran.com\\\/es\\\/redaccion\\\/los-manifestantes-iranies-conservan-sus-historias-frente-a-la-violencia-mission-network-news\\\/\",\"url\":\"https:\\\/\\\/transformiran.com\\\/es\\\/redaccion\\\/los-manifestantes-iranies-conservan-sus-historias-frente-a-la-violencia-mission-network-news\\\/\",\"name\":\"Los manifestantes iran\u00edes conservan sus historias frente a la violencia: Mission Network News - Transform Iran\",\"isPartOf\":{\"@id\":\"https:\\\/\\\/transformiran.com\\\/es\\\/#website\"},\"primaryImageOfPage\":{\"@id\":\"https:\\\/\\\/transformiran.com\\\/es\\\/redaccion\\\/los-manifestantes-iranies-conservan-sus-historias-frente-a-la-violencia-mission-network-news\\\/#primaryimage\"},\"image\":{\"@id\":\"https:\\\/\\\/transformiran.com\\\/es\\\/redaccion\\\/los-manifestantes-iranies-conservan-sus-historias-frente-a-la-violencia-mission-network-news\\\/#primaryimage\"},\"thumbnailUrl\":\"https:\\\/\\\/transformiran.com\\\/app\\\/uploads\\\/2023\\\/10\\\/MNN-Iran-protestors-Oct-2023-Lite.jpeg\",\"datePublished\":\"2023-10-10T15:27:55+00:00\",\"dateModified\":\"2024-03-26T15:10:52+00:00\",\"breadcrumb\":{\"@id\":\"https:\\\/\\\/transformiran.com\\\/es\\\/redaccion\\\/los-manifestantes-iranies-conservan-sus-historias-frente-a-la-violencia-mission-network-news\\\/#breadcrumb\"},\"inLanguage\":\"es\",\"potentialAction\":[{\"@type\":\"ReadAction\",\"target\":[\"https:\\\/\\\/transformiran.com\\\/es\\\/redaccion\\\/los-manifestantes-iranies-conservan-sus-historias-frente-a-la-violencia-mission-network-news\\\/\"]}]},{\"@type\":\"ImageObject\",\"inLanguage\":\"es\",\"@id\":\"https:\\\/\\\/transformiran.com\\\/es\\\/redaccion\\\/los-manifestantes-iranies-conservan-sus-historias-frente-a-la-violencia-mission-network-news\\\/#primaryimage\",\"url\":\"https:\\\/\\\/transformiran.com\\\/app\\\/uploads\\\/2023\\\/10\\\/MNN-Iran-protestors-Oct-2023-Lite.jpeg\",\"contentUrl\":\"https:\\\/\\\/transformiran.com\\\/app\\\/uploads\\\/2023\\\/10\\\/MNN-Iran-protestors-Oct-2023-Lite.jpeg\",\"width\":1280,\"height\":853},{\"@type\":\"BreadcrumbList\",\"@id\":\"https:\\\/\\\/transformiran.com\\\/es\\\/redaccion\\\/los-manifestantes-iranies-conservan-sus-historias-frente-a-la-violencia-mission-network-news\\\/#breadcrumb\",\"itemListElement\":[{\"@type\":\"ListItem\",\"position\":1,\"name\":\"Home\",\"item\":\"https:\\\/\\\/transformiran.com\\\/es\\\/inicio-2\\\/\"},{\"@type\":\"ListItem\",\"position\":2,\"name\":\"Los manifestantes iran\u00edes conservan sus historias frente a la violencia: Mission Network News\"}]},{\"@type\":\"WebSite\",\"@id\":\"https:\\\/\\\/transformiran.com\\\/es\\\/#website\",\"url\":\"https:\\\/\\\/transformiran.com\\\/es\\\/\",\"name\":\"Transform Iran\",\"description\":\"Bringing the love and power of Christ to Iran - and beyond\",\"publisher\":{\"@id\":\"https:\\\/\\\/transformiran.com\\\/es\\\/#organization\"},\"potentialAction\":[{\"@type\":\"SearchAction\",\"target\":{\"@type\":\"EntryPoint\",\"urlTemplate\":\"https:\\\/\\\/transformiran.com\\\/es\\\/?s={search_term_string}\"},\"query-input\":{\"@type\":\"PropertyValueSpecification\",\"valueRequired\":true,\"valueName\":\"search_term_string\"}}],\"inLanguage\":\"es\"},{\"@type\":\"Organization\",\"@id\":\"https:\\\/\\\/transformiran.com\\\/es\\\/#organization\",\"name\":\"Transform Iran\",\"url\":\"https:\\\/\\\/transformiran.com\\\/es\\\/\",\"logo\":{\"@type\":\"ImageObject\",\"inLanguage\":\"es\",\"@id\":\"https:\\\/\\\/transformiran.com\\\/es\\\/#\\\/schema\\\/logo\\\/image\\\/\",\"url\":\"https:\\\/\\\/transformiran.com\\\/app\\\/uploads\\\/2022\\\/11\\\/logo_grey.jpg\",\"contentUrl\":\"https:\\\/\\\/transformiran.com\\\/app\\\/uploads\\\/2022\\\/11\\\/logo_grey.jpg\",\"width\":528,\"height\":90,\"caption\":\"Transform Iran\"},\"image\":{\"@id\":\"https:\\\/\\\/transformiran.com\\\/es\\\/#\\\/schema\\\/logo\\\/image\\\/\"},\"sameAs\":[\"https:\\\/\\\/www.facebook.com\\\/222MinistriesUSAInc\",\"https:\\\/\\\/x.com\\\/222minint\",\"https:\\\/\\\/www.instagram.com\\\/222ministriesinternational\\\/\"]},{\"@type\":\"Person\",\"@id\":\"https:\\\/\\\/transformiran.com\\\/es\\\/#\\\/schema\\\/person\\\/c0e1862a6f8592d7945bcb851b52cd9c\",\"name\":\"Lana Silk\",\"image\":{\"@type\":\"ImageObject\",\"inLanguage\":\"es\",\"@id\":\"https:\\\/\\\/secure.gravatar.com\\\/avatar\\\/d632b13d91e0186b2ead0912a0e293a96cf08479bc1b68caebfeca5ef8d55a9f?s=96&d=mm&r=g\",\"url\":\"https:\\\/\\\/secure.gravatar.com\\\/avatar\\\/d632b13d91e0186b2ead0912a0e293a96cf08479bc1b68caebfeca5ef8d55a9f?s=96&d=mm&r=g\",\"contentUrl\":\"https:\\\/\\\/secure.gravatar.com\\\/avatar\\\/d632b13d91e0186b2ead0912a0e293a96cf08479bc1b68caebfeca5ef8d55a9f?s=96&d=mm&r=g\",\"caption\":\"Lana Silk\"},\"url\":\"https:\\\/\\\/transformiran.com\\\/es\\\/author\\\/lana\\\/\"}]}<\/script>\n<!-- \/ Yoast SEO plugin. -->","yoast_head_json":{"title":"Los manifestantes iran\u00edes conservan sus historias frente a la violencia: Mission Network News - Transform Iran","robots":{"index":"index","follow":"follow","max-snippet":"max-snippet:-1","max-image-preview":"max-image-preview:large","max-video-preview":"max-video-preview:-1"},"canonical":"https:\/\/transformiran.com\/es\/redaccion\/los-manifestantes-iranies-conservan-sus-historias-frente-a-la-violencia-mission-network-news\/","og_locale":"es_ES","og_type":"article","og_title":"Los manifestantes iran\u00edes conservan sus historias frente a la violencia: Mission Network News - Transform Iran","og_description":"Lo que siguen soportando los j\u00f3venes iran\u00edes en su lucha por la libertad","og_url":"https:\/\/transformiran.com\/es\/redaccion\/los-manifestantes-iranies-conservan-sus-historias-frente-a-la-violencia-mission-network-news\/","og_site_name":"Transform Iran","article_publisher":"https:\/\/www.facebook.com\/222MinistriesUSAInc","article_published_time":"2023-10-10T15:27:55+00:00","article_modified_time":"2024-03-26T15:10:52+00:00","og_image":[{"width":1280,"height":853,"url":"https:\/\/transformiran.com\/app\/uploads\/2023\/10\/MNN-Iran-protestors-Oct-2023-Lite.jpeg","type":"image\/jpeg"}],"author":"Lana Silk","twitter_card":"summary_large_image","twitter_creator":"@222minint","twitter_site":"@222minint","twitter_misc":{"Escrito por":"Lana Silk","Tiempo de lectura":"2 minutos"},"schema":{"@context":"https:\/\/schema.org","@graph":[{"@type":"Article","@id":"https:\/\/transformiran.com\/es\/redaccion\/los-manifestantes-iranies-conservan-sus-historias-frente-a-la-violencia-mission-network-news\/#article","isPartOf":{"@id":"https:\/\/transformiran.com\/es\/redaccion\/los-manifestantes-iranies-conservan-sus-historias-frente-a-la-violencia-mission-network-news\/"},"author":{"name":"Lana Silk","@id":"https:\/\/transformiran.com\/es\/#\/schema\/person\/c0e1862a6f8592d7945bcb851b52cd9c"},"headline":"Los manifestantes iran\u00edes conservan sus historias frente a la violencia: Mission Network News","datePublished":"2023-10-10T15:27:55+00:00","dateModified":"2024-03-26T15:10:52+00:00","mainEntityOfPage":{"@id":"https:\/\/transformiran.com\/es\/redaccion\/los-manifestantes-iranies-conservan-sus-historias-frente-a-la-violencia-mission-network-news\/"},"wordCount":494,"commentCount":0,"publisher":{"@id":"https:\/\/transformiran.com\/es\/#organization"},"image":{"@id":"https:\/\/transformiran.com\/es\/redaccion\/los-manifestantes-iranies-conservan-sus-historias-frente-a-la-violencia-mission-network-news\/#primaryimage"},"thumbnailUrl":"https:\/\/transformiran.com\/app\/uploads\/2023\/10\/MNN-Iran-protestors-Oct-2023-Lite.jpeg","keywords":["Gobierno","Ir\u00e1n","Mujeres","Persecuci\u00f3n"],"articleSection":["Redacci\u00f3n"],"inLanguage":"es","potentialAction":[{"@type":"CommentAction","name":"Comment","target":["https:\/\/transformiran.com\/es\/redaccion\/los-manifestantes-iranies-conservan-sus-historias-frente-a-la-violencia-mission-network-news\/#respond"]}]},{"@type":"WebPage","@id":"https:\/\/transformiran.com\/es\/redaccion\/los-manifestantes-iranies-conservan-sus-historias-frente-a-la-violencia-mission-network-news\/","url":"https:\/\/transformiran.com\/es\/redaccion\/los-manifestantes-iranies-conservan-sus-historias-frente-a-la-violencia-mission-network-news\/","name":"Los manifestantes iran\u00edes conservan sus historias frente a la violencia: Mission Network News - Transform Iran","isPartOf":{"@id":"https:\/\/transformiran.com\/es\/#website"},"primaryImageOfPage":{"@id":"https:\/\/transformiran.com\/es\/redaccion\/los-manifestantes-iranies-conservan-sus-historias-frente-a-la-violencia-mission-network-news\/#primaryimage"},"image":{"@id":"https:\/\/transformiran.com\/es\/redaccion\/los-manifestantes-iranies-conservan-sus-historias-frente-a-la-violencia-mission-network-news\/#primaryimage"},"thumbnailUrl":"https:\/\/transformiran.com\/app\/uploads\/2023\/10\/MNN-Iran-protestors-Oct-2023-Lite.jpeg","datePublished":"2023-10-10T15:27:55+00:00","dateModified":"2024-03-26T15:10:52+00:00","breadcrumb":{"@id":"https:\/\/transformiran.com\/es\/redaccion\/los-manifestantes-iranies-conservan-sus-historias-frente-a-la-violencia-mission-network-news\/#breadcrumb"},"inLanguage":"es","potentialAction":[{"@type":"ReadAction","target":["https:\/\/transformiran.com\/es\/redaccion\/los-manifestantes-iranies-conservan-sus-historias-frente-a-la-violencia-mission-network-news\/"]}]},{"@type":"ImageObject","inLanguage":"es","@id":"https:\/\/transformiran.com\/es\/redaccion\/los-manifestantes-iranies-conservan-sus-historias-frente-a-la-violencia-mission-network-news\/#primaryimage","url":"https:\/\/transformiran.com\/app\/uploads\/2023\/10\/MNN-Iran-protestors-Oct-2023-Lite.jpeg","contentUrl":"https:\/\/transformiran.com\/app\/uploads\/2023\/10\/MNN-Iran-protestors-Oct-2023-Lite.jpeg","width":1280,"height":853},{"@type":"BreadcrumbList","@id":"https:\/\/transformiran.com\/es\/redaccion\/los-manifestantes-iranies-conservan-sus-historias-frente-a-la-violencia-mission-network-news\/#breadcrumb","itemListElement":[{"@type":"ListItem","position":1,"name":"Home","item":"https:\/\/transformiran.com\/es\/inicio-2\/"},{"@type":"ListItem","position":2,"name":"Los manifestantes iran\u00edes conservan sus historias frente a la violencia: Mission Network News"}]},{"@type":"WebSite","@id":"https:\/\/transformiran.com\/es\/#website","url":"https:\/\/transformiran.com\/es\/","name":"Transform Iran","description":"Bringing the love and power of Christ to Iran - and beyond","publisher":{"@id":"https:\/\/transformiran.com\/es\/#organization"},"potentialAction":[{"@type":"SearchAction","target":{"@type":"EntryPoint","urlTemplate":"https:\/\/transformiran.com\/es\/?s={search_term_string}"},"query-input":{"@type":"PropertyValueSpecification","valueRequired":true,"valueName":"search_term_string"}}],"inLanguage":"es"},{"@type":"Organization","@id":"https:\/\/transformiran.com\/es\/#organization","name":"Transform Iran","url":"https:\/\/transformiran.com\/es\/","logo":{"@type":"ImageObject","inLanguage":"es","@id":"https:\/\/transformiran.com\/es\/#\/schema\/logo\/image\/","url":"https:\/\/transformiran.com\/app\/uploads\/2022\/11\/logo_grey.jpg","contentUrl":"https:\/\/transformiran.com\/app\/uploads\/2022\/11\/logo_grey.jpg","width":528,"height":90,"caption":"Transform Iran"},"image":{"@id":"https:\/\/transformiran.com\/es\/#\/schema\/logo\/image\/"},"sameAs":["https:\/\/www.facebook.com\/222MinistriesUSAInc","https:\/\/x.com\/222minint","https:\/\/www.instagram.com\/222ministriesinternational\/"]},{"@type":"Person","@id":"https:\/\/transformiran.com\/es\/#\/schema\/person\/c0e1862a6f8592d7945bcb851b52cd9c","name":"Lana Silk","image":{"@type":"ImageObject","inLanguage":"es","@id":"https:\/\/secure.gravatar.com\/avatar\/d632b13d91e0186b2ead0912a0e293a96cf08479bc1b68caebfeca5ef8d55a9f?s=96&d=mm&r=g","url":"https:\/\/secure.gravatar.com\/avatar\/d632b13d91e0186b2ead0912a0e293a96cf08479bc1b68caebfeca5ef8d55a9f?s=96&d=mm&r=g","contentUrl":"https:\/\/secure.gravatar.com\/avatar\/d632b13d91e0186b2ead0912a0e293a96cf08479bc1b68caebfeca5ef8d55a9f?s=96&d=mm&r=g","caption":"Lana Silk"},"url":"https:\/\/transformiran.com\/es\/author\/lana\/"}]}},"_links":{"self":[{"href":"https:\/\/transformiran.com\/es\/wp-json\/wp\/v2\/posts\/11968","targetHints":{"allow":["GET"]}}],"collection":[{"href":"https:\/\/transformiran.com\/es\/wp-json\/wp\/v2\/posts"}],"about":[{"href":"https:\/\/transformiran.com\/es\/wp-json\/wp\/v2\/types\/post"}],"author":[{"embeddable":true,"href":"https:\/\/transformiran.com\/es\/wp-json\/wp\/v2\/users\/4"}],"replies":[{"embeddable":true,"href":"https:\/\/transformiran.com\/es\/wp-json\/wp\/v2\/comments?post=11968"}],"version-history":[{"count":0,"href":"https:\/\/transformiran.com\/es\/wp-json\/wp\/v2\/posts\/11968\/revisions"}],"wp:featuredmedia":[{"embeddable":true,"href":"https:\/\/transformiran.com\/es\/wp-json\/wp\/v2\/media\/11492"}],"wp:attachment":[{"href":"https:\/\/transformiran.com\/es\/wp-json\/wp\/v2\/media?parent=11968"}],"wp:term":[{"taxonomy":"category","embeddable":true,"href":"https:\/\/transformiran.com\/es\/wp-json\/wp\/v2\/categories?post=11968"},{"taxonomy":"post_tag","embeddable":true,"href":"https:\/\/transformiran.com\/es\/wp-json\/wp\/v2\/tags?post=11968"}],"curies":[{"name":"wp","href":"https:\/\/api.w.org\/{rel}","templated":true}]}}