{"id":12583,"date":"2024-04-17T18:58:35","date_gmt":"2024-04-17T17:58:35","guid":{"rendered":"https:\/\/transformiran.com\/sin-categorizar\/iran-e-israel-dios-establecera-su-trono-en-elam-y-estamos-llamados-a-orar-hasta-que-suceda-higher-ground\/"},"modified":"2024-10-02T10:16:45","modified_gmt":"2024-10-02T09:16:45","slug":"iran-e-israel-dios-establecera-su-trono-en-elam-y-estamos-llamados-a-orar-hasta-que-suceda-higher-ground","status":"publish","type":"post","link":"https:\/\/transformiran.com\/es\/redaccion\/iran-e-israel-dios-establecera-su-trono-en-elam-y-estamos-llamados-a-orar-hasta-que-suceda-higher-ground\/","title":{"rendered":"Ir\u00e1n e Israel: Dios establecer\u00e1 Su trono en Elam y estamos llamados a orar hasta que suceda: Higher Ground"},"content":{"rendered":"\n<p>por Lana Silk &#8211; Especial para Higher Ground<\/p>\n\n<p>Nuestra atenci\u00f3n est\u00e1 actualmente localizada en la agitaci\u00f3n de Oriente Medio, concretamente a la luz de los continuos <a href=\"https:\/\/www.washingtontimes.com\/specials\/threat-status-podcast\/\" target=\"_blank\" rel=\"noreferrer noopener\">ataques a dos bandas<\/a> entre <a href=\"https:\/\/highergroundtimes.com\/topics\/israel\/\" target=\"_blank\" rel=\"noreferrer noopener\">Israel<\/a> e <a href=\"https:\/\/highergroundtimes.com\/topics\/iran\/\" target=\"_blank\" rel=\"noreferrer noopener\">Ir\u00e1n<\/a>, que tienen como resultado <a href=\"https:\/\/www.washingtontimes.com\/news\/2024\/apr\/17\/israel-will-respond-militarily-irans-attack-britis\/\" target=\"_blank\" rel=\"noreferrer noopener\"><\/a> el voto de respuesta<a href=\"https:\/\/highergroundtimes.com\/topics\/israel\/\" target=\"_blank\" rel=\"noreferrer noopener\">de Israel<\/a>y <a href=\"https:\/\/www.washingtontimes.com\/news\/2024\/apr\/16\/iran-launched-unprecedented-attack-on-israel-but-d\/\" target=\"_blank\" rel=\"noreferrer noopener\"><\/a> el llamamiento de<a href=\"https:\/\/highergroundtimes.com\/topics\/iran\/\">Ir\u00e1n<\/a>a la moderaci\u00f3n.<\/p>\n\n<p>Mientras el mundo espera a ver c\u00f3mo responde <a href=\"https:\/\/highergroundtimes.com\/topics\/israel\/\" target=\"_blank\" rel=\"noreferrer noopener\">Israel<\/a>, debemos preguntarnos cu\u00e1l debe ser nuestra propia respuesta.<\/p>\n\n<h3 class=\"wp-block-heading\"><a href=\"https:\/\/highergroundtimes.com\/topics\/iran\/\" target=\"_blank\" rel=\"noreferrer noopener\">Ir\u00e1n<\/a> contra la <a href=\"https:\/\/highergroundtimes.com\/topics\/iran\/\" target=\"_blank\" rel=\"noreferrer noopener\">Rep\u00fablica Isl\u00e1mica de Ir\u00e1n<\/a><\/h3>\n\n<p>Tanto si hemos estado &#8220;al lado de <a href=\"https:\/\/highergroundtimes.com\/topics\/israel\/\" target=\"_blank\" rel=\"noreferrer noopener\">Israel<\/a>&#8221; como si hemos estado &#8220;abogando por <a href=\"https:\/\/highergroundtimes.com\/topics\/iran\/\" target=\"_blank\" rel=\"noreferrer noopener\">Ir\u00e1n<\/a>&#8220;, debemos ajustar nuestro enfoque a Dios, dejando atr\u00e1s cualquier apariencia de idolatr\u00eda por cualquier creencia pol\u00edtica o social. \u00bfPor qu\u00e9? Porque la Biblia nos obliga a ello.<\/p>\n\n<blockquote class=\"wp-block-quote is-layout-flow wp-block-quote-is-layout-flow\">\n<p>Hab\u00e9is o\u00eddo que se dijo: Amar\u00e1s a tu pr\u00f3jimo y odiar\u00e1s a tu enemigo. Pero yo os digo: Amad a vuestros enemigos y orad por los que os persiguen.<\/p>\n<cite><a href=\"https:\/\/www.biblegateway.com\/passage\/?search=Matthew+5%3A43-44&amp;version=ESV\" target=\"_blank\" rel=\"noreferrer noopener\">Mateo 5:43-44<\/a><\/cite><\/blockquote>\n\n<p>Si hemos considerado a <a href=\"https:\/\/highergroundtimes.com\/topics\/iran\/\" target=\"_blank\" rel=\"noreferrer noopener\">Ir\u00e1n<\/a> un enemigo, deber\u00edamos sentirnos obligados a amarlo a\u00fan m\u00e1s.<\/p>\n\n<p><strong>Debemos reconocer el hecho de que los ciudadanos iran\u00edes no son representativos del r\u00e9gimen iran\u00ed.<\/strong> De hecho, si algo hemos visto en los dos \u00faltimos a\u00f1os, ha sido una <a href=\"https:\/\/www.washingtontimes.com\/news\/2024\/mar\/15\/womens-history-month-iranian-women-are-truly-makin\/\" target=\"_blank\" rel=\"noreferrer noopener\">rebeli\u00f3n local <em>contra<\/em> el gobierno controlador iran\u00ed<\/a>, concretamente por parte de las mujeres iran\u00edes y de las minor\u00edas \u00e9tnicas, que constituyen la mayor\u00eda t\u00e1cita y sin poder de <a href=\"https:\/\/highergroundtimes.com\/topics\/iran\/\" target=\"_blank\" rel=\"noreferrer noopener\">Ir\u00e1n<\/a>.<\/p>\n\n<p>Mientras el malvado r\u00e9gimen ha obligado a sus ni\u00f1os a gritar &#8220;\u00a1Muerte a <a href=\"https:\/\/highergroundtimes.com\/topics\/israel\/\" target=\"_blank\" rel=\"noreferrer noopener\">Israel<\/a>! Muerte a Am\u00e9rica!&#8221; cada d\u00eda en la escuela durante m\u00e1s de 30 a\u00f1os, la respuesta de represalia del pueblo iran\u00ed vocaliz\u00f3 hace s\u00f3lo unos meses: &#8220;\u00a1Muerte al dictador!&#8221;.<\/p>\n\n<p>En consecuencia, a medida que vemos c\u00f3mo <a href=\"https:\/\/highergroundtimes.com\/higher-ground\/2024\/apr\/13\/encountering-jesus-in-dreams-missionary-shares-mir\/\" target=\"_blank\" rel=\"noreferrer noopener\">los iran\u00edes entregan sus vidas a Cristo<\/a> en masa, debemos preguntarnos no s\u00f3lo <em>por qu\u00e9<\/em> est\u00e1 ocurriendo esto, sino tambi\u00e9n <em>c\u00f3mo<\/em> podemos apoyarles mientras se adentran en una fe cristiana verdaderamente peligrosa y sacrificada bajo un r\u00e9gimen isl\u00e1mico altamente opresivo.<\/p>\n\n<h3 class=\"wp-block-heading\">Profec\u00eda b\u00edblica: Un trono establecido en <a href=\"https:\/\/highergroundtimes.com\/topics\/iran\/\" target=\"_blank\" rel=\"noreferrer noopener\">Ir\u00e1n<\/a><\/h3>\n\n<blockquote class=\"wp-block-quote is-layout-flow wp-block-quote-is-layout-flow\">\n<p>&#8216;Pondr\u00e9 mi trono en Elam y destruir\u00e9 a su rey y a sus funcionarios&#8217;, declara el Se\u00f1or. Sin embargo, restaurar\u00e9 la fortuna de Elam en los d\u00edas venideros&#8221;,&#8230;  <\/p>\n<cite><a href=\"https:\/\/www.biblegateway.com\/passage\/?search=Jeremiah+49%3A38-39&amp;version=ESV\" target=\"_blank\" rel=\"noreferrer noopener\">Jerem\u00edas 49:38-39<\/a><\/cite><\/blockquote>\n\n<p>Jerem\u00edas 49 pinta un crudo cuadro de destrucci\u00f3n. A medida que seamos testigos de este conflicto entre <a href=\"https:\/\/highergroundtimes.com\/topics\/israel\/\" target=\"_blank\" rel=\"noreferrer noopener\">Israel<\/a> e <a href=\"https:\/\/highergroundtimes.com\/topics\/iran\/\" target=\"_blank\" rel=\"noreferrer noopener\">Ir\u00e1n<\/a>, muchos cristianos, e incluso no cristianos, empezar\u00e1n a buscar en las Escrituras una indicaci\u00f3n de lo que est\u00e1 por venir. Aunque no nos corresponde conocer el tiempo ni la hora de tales profec\u00edas b\u00edblicas, no podemos ignorar los acontecimientos que se desarrollan ante nuestros propios ojos.<\/p>\n\n<p>&#8220;Elam&#8221; es el <a href=\"https:\/\/highergroundtimes.com\/topics\/iran\/\" target=\"_blank\" rel=\"noreferrer noopener\">Ir\u00e1n<\/a> actual. Actualmente estamos viendo c\u00f3mo esta escritura se hace realidad. Aunque hay innumerables interpretaciones falsas de las profec\u00edas b\u00edblicas, \u00e9sta no es una de ellas. Podemos estar seguros de <em>que<\/em> Dios establecer\u00e1 Su trono en <a href=\"https:\/\/highergroundtimes.com\/topics\/iran\/\" target=\"_blank\" rel=\"noreferrer noopener\">Ir\u00e1n<\/a>, o Elam, porque la Biblia as\u00ed nos lo dice.<\/p>\n\n<p>S\u00f3lo en los \u00faltimos 45 a\u00f1os, Dios ya ha empezado a establecer Su trono en Elam, pues hemos sido testigos de los inicios de la ca\u00edda de este r\u00e9gimen y de las <a href=\"https:\/\/highergroundtimes.com\/higher-ground\/2024\/apr\/13\/encountering-jesus-in-dreams-missionary-shares-mir\/\" rel=\"noreferrer noopener\" target=\"_blank\">conversiones<\/a> totalmente <a href=\"https:\/\/highergroundtimes.com\/higher-ground\/2024\/apr\/13\/encountering-jesus-in-dreams-missionary-shares-mir\/\" rel=\"noreferrer noopener\" target=\"_blank\">milagrosas de m\u00e1s de un mill\u00f3n de iran\u00edes<\/a>. No podemos ignorar esta profec\u00eda, ni podemos rechazar a estas personas.<\/p>\n\n<p>Dios <a href=\"https:\/\/highergroundtimes.com\/higher-ground\/2024\/apr\/13\/encountering-jesus-in-dreams-missionary-shares-mir\/\" rel=\"noreferrer noopener\" target=\"_blank\">se <\/a> est\u00e1 <a href=\"https:\/\/highergroundtimes.com\/higher-ground\/2024\/apr\/13\/encountering-jesus-in-dreams-missionary-shares-mir\/\" rel=\"noreferrer noopener\" target=\"_blank\">moviendo <\/a> claramente <a href=\"https:\/\/highergroundtimes.com\/higher-ground\/2024\/apr\/13\/encountering-jesus-in-dreams-missionary-shares-mir\/\" rel=\"noreferrer noopener\" target=\"_blank\">en la naci\u00f3n de <\/a><a href=\"https:\/\/highergroundtimes.com\/topics\/iran\/\">Ir\u00e1n<\/a>. Est\u00e1 obrando en los corazones de cada iran\u00ed a trav\u00e9s de milagros, sue\u00f1os y visiones. Est\u00e1 desarrollando la siempre creciente iglesia clandestina en evangelizaci\u00f3n, comunidad y discipulado. Est\u00e1 llegando a las almas mediante traducciones de la Biblia que nunca antes hab\u00edan existido, ahora en lenguas regionales iran\u00edes que el pueblo puede entender y de formas que hablan a sus corazones.<\/p>\n\n<p>A pesar de la guerra, tanto dentro de su naci\u00f3n como con las fuerzas exteriores, <a href=\"https:\/\/highergroundtimes.com\/topics\/iran\/\" target=\"_blank\" rel=\"noreferrer noopener\">Ir\u00e1n<\/a> se vuelve hacia Jes\u00fas. Y, de hecho, es todo lo que pueden hacer.<\/p>\n\n<h3 class=\"wp-block-heading\">Nuestra llamada a la oraci\u00f3n, la defensa y la acci\u00f3n<\/h3>\n\n<p><strong>Oraci\u00f3n:<\/strong> Nuestras oraciones por <a href=\"https:\/\/highergroundtimes.com\/topics\/iran\/\" target=\"_blank\" rel=\"noreferrer noopener\">Ir\u00e1n<\/a> importan. Tanto si alguna vez hemos odiado a estas personas como si hemos crecido en el amor hacia ellas, debemos rezar por ellas. Oremos para que contin\u00fae la difusi\u00f3n del Evangelio, para que la Buena Nueva caiga en tierra buena y para que millones de personas m\u00e1s entreguen su vida a Jes\u00fas. Recemos por la audacia y el testimonio valiente de la Iglesia, junto con su protecci\u00f3n en medio del sufrimiento. Por \u00faltimo, debemos orar por el futuro de <a href=\"https:\/\/highergroundtimes.com\/topics\/iran\/\" target=\"_blank\" rel=\"noreferrer noopener\">Ir\u00e1n<\/a>, pidiendo fervientemente la voluntad y la profec\u00eda del Se\u00f1or sobre la naci\u00f3n, para que Su trono se establezca en todo Elam, llevando esperanza y libertad al pueblo iran\u00ed.<\/p>\n\n<p><strong>Defensa: <\/strong>A medida que nuestros corazones por <a href=\"https:\/\/highergroundtimes.com\/topics\/iran\/\" target=\"_blank\" rel=\"noreferrer noopener\">Ir\u00e1n<\/a> son desarrollados por el Se\u00f1or a trav\u00e9s de nuestras oraciones, inspiremos tambi\u00e9n a otros para que crezcan en conocimiento y amor por el pueblo de <a href=\"https:\/\/highergroundtimes.com\/topics\/iran\/\" target=\"_blank\" rel=\"noreferrer noopener\">Ir\u00e1n<\/a>. No podemos permitir que las creencias sesgadas de otros nos impidan servir de voz amplificada para estas personas oprimidas. Podemos educarnos a nosotros mismos y educar amorosamente a los dem\u00e1s, actuando como defensores de un grupo de personas profundamente desfavorecido e igualmente amado por Dios.<\/p>\n\n<p><strong>Acci\u00f3n: <\/strong>El amor orientado a la acci\u00f3n est\u00e1 interviniendo como las manos y los pies de Cristo, proporcionando los recursos clave de supervivencia y fe que el pueblo iran\u00ed necesita. Al apoyar en oraci\u00f3n a los ministerios que satisfacen activamente estas necesidades actuales, haciendo avanzar el movimiento evang\u00e9lico y defendiendo a la iglesia cristiana iran\u00ed, nos asociamos con otros en la voluntad de Dios para <a href=\"https:\/\/highergroundtimes.com\/topics\/iran\/\" target=\"_blank\" rel=\"noreferrer noopener\">Ir\u00e1n<\/a>.<\/p>\n\n<h3 class=\"wp-block-heading\">Una respuesta que refleje nuestra responsabilidad<\/h3>\n\n<p>No podemos arreglar <a href=\"https:\/\/highergroundtimes.com\/topics\/iran\/\" target=\"_blank\" rel=\"noreferrer noopener\">Ir\u00e1n<\/a>, pero conocemos al Dios poderoso que tiene a este pa\u00eds en Sus manos. Sin embargo, es nuestro deber amar bien a estas naciones en medio de esta \u00e9poca violenta y aparentemente desesperada. Estamos obligados a rezar, defender y actuar.<\/p>\n\n<p>\u00bfLo haremos? \u00bfPediremos que el trono de Dios se establezca firmemente en la Tierra de Elam mientras esta misma profec\u00eda se desarrolla ante nosotros? Oremos para que los pueblos de <a href=\"https:\/\/highergroundtimes.com\/topics\/iran\/\" target=\"_blank\" rel=\"noreferrer noopener\">Ir\u00e1n<\/a> e <a href=\"https:\/\/highergroundtimes.com\/topics\/israel\/\" target=\"_blank\" rel=\"noreferrer noopener\">Israel<\/a> se encuentren con Jesucristo, y ayudemos a los de ambos bandos mientras abogamos y actuamos en reverente obediencia a Dios. Que se haga la voluntad de Dios en <a href=\"https:\/\/highergroundtimes.com\/topics\/israel\/\" target=\"_blank\" rel=\"noreferrer noopener\">Israel<\/a>, <a href=\"https:\/\/highergroundtimes.com\/topics\/iran\/\" target=\"_blank\" rel=\"noreferrer noopener\">Ir\u00e1n<\/a> y Gaza.<\/p>\n\n<p><\/p>\n\n<p><em>Publicado originalmente en: <a href=\"https:\/\/highergroundtimes.com\/higher-ground\/2024\/apr\/17\/iran-and-israel-rebellious-elam-and-biblical-proph\/\" target=\"_blank\" rel=\"noreferrer noopener\">Higher Ground<\/a><\/em><\/p>\n\n<p>Foto:  <em>Miembros del ej\u00e9rcito iran\u00ed marchan durante el desfile del D\u00eda del Ej\u00e9rcito en una base militar en el norte de Teher\u00e1n, Ir\u00e1n, mi\u00e9rcoles 17 de abril de 2024. En el desfile, el presidente Ebrahim Raisi advirti\u00f3 de que la &#8220;m\u00e1s m\u00ednima invasi\u00f3n&#8221; por parte de Israel provocar\u00eda una respuesta &#8220;masiva y dura&#8221;, mientras la regi\u00f3n se prepara para posibles represalias israel\u00edes tras el ataque de Ir\u00e1n del fin de semana. (AP Photo\/Vahid Salemi)<\/em><\/p>\n","protected":false},"excerpt":{"rendered":"<p>Mientras el mundo observa el conflicto Ir\u00e1n-Israel con la respiraci\u00f3n contenida, \u00bfestamos aline\u00e1ndonos con la voluntad de Dios y la profec\u00eda b\u00edblica que se est\u00e1 desarrollando? En este art\u00edculo, Lana comparte algunas verdades b\u00edblicas y nos desaf\u00eda a preguntarnos cu\u00e1l deber\u00eda ser nuestra propia respuesta.<\/p>\n","protected":false},"author":6,"featured_media":12580,"comment_status":"open","ping_status":"open","sticky":false,"template":"","format":"standard","meta":{"_acf_changed":false,"give_campaign_id":0,"om_disable_all_campaigns":false,"_mi_skip_tracking":false,"footnotes":""},"categories":[161],"tags":[165,152,184,150,159],"class_list":["post-12583","post","type-post","status-publish","format-standard","has-post-thumbnail","hentry","category-redaccion","tag-gobierno","tag-iran-es","tag-oriente-medio","tag-salvacion","tag-transformacion"],"acf":[],"yoast_head":"<!-- This site is optimized with the Yoast SEO plugin v27.3 - https:\/\/yoast.com\/product\/yoast-seo-wordpress\/ -->\n<title>Ir\u00e1n e Israel: Dios establecer\u00e1 Su trono en Elam y estamos llamados a orar hasta que suceda: Higher Ground - Transform Iran<\/title>\n<meta name=\"robots\" content=\"index, follow, max-snippet:-1, max-image-preview:large, max-video-preview:-1\" \/>\n<link rel=\"canonical\" href=\"https:\/\/transformiran.com\/es\/redaccion\/iran-e-israel-dios-establecera-su-trono-en-elam-y-estamos-llamados-a-orar-hasta-que-suceda-higher-ground\/\" \/>\n<meta property=\"og:locale\" content=\"es_ES\" \/>\n<meta property=\"og:type\" content=\"article\" \/>\n<meta property=\"og:title\" content=\"Ir\u00e1n e Israel: Dios establecer\u00e1 Su trono en Elam y estamos llamados a orar hasta que suceda: Higher Ground - Transform Iran\" \/>\n<meta property=\"og:description\" content=\"Mientras el mundo observa el conflicto Ir\u00e1n-Israel con la respiraci\u00f3n contenida, \u00bfestamos aline\u00e1ndonos con la voluntad de Dios y la profec\u00eda b\u00edblica que se est\u00e1 desarrollando? En este art\u00edculo, Lana comparte algunas verdades b\u00edblicas y nos desaf\u00eda a preguntarnos cu\u00e1l deber\u00eda ser nuestra propia respuesta.\" \/>\n<meta property=\"og:url\" content=\"https:\/\/transformiran.com\/es\/redaccion\/iran-e-israel-dios-establecera-su-trono-en-elam-y-estamos-llamados-a-orar-hasta-que-suceda-higher-ground\/\" \/>\n<meta property=\"og:site_name\" content=\"Transform Iran\" \/>\n<meta property=\"article:publisher\" content=\"https:\/\/www.facebook.com\/222MinistriesUSAInc\" \/>\n<meta property=\"article:published_time\" content=\"2024-04-17T17:58:35+00:00\" \/>\n<meta property=\"article:modified_time\" content=\"2024-10-02T09:16:45+00:00\" \/>\n<meta property=\"og:image\" content=\"https:\/\/transformiran.com\/app\/uploads\/2024\/04\/APTOPIX_Iran_Mideast_Tensions_65777_c0-188-4500-2811_s885x516.webp\" \/>\n\t<meta property=\"og:image:width\" content=\"885\" \/>\n\t<meta property=\"og:image:height\" content=\"516\" \/>\n\t<meta property=\"og:image:type\" content=\"image\/webp\" \/>\n<meta name=\"author\" content=\"Ashleigh Bedford\" \/>\n<meta name=\"twitter:card\" content=\"summary_large_image\" \/>\n<meta name=\"twitter:creator\" content=\"@222minint\" \/>\n<meta name=\"twitter:site\" content=\"@222minint\" \/>\n<meta name=\"twitter:label1\" content=\"Escrito por\" \/>\n\t<meta name=\"twitter:data1\" content=\"Ashleigh Bedford\" \/>\n\t<meta name=\"twitter:label2\" content=\"Tiempo de lectura\" \/>\n\t<meta name=\"twitter:data2\" content=\"6 minutos\" \/>\n<script type=\"application\/ld+json\" class=\"yoast-schema-graph\">{\"@context\":\"https:\\\/\\\/schema.org\",\"@graph\":[{\"@type\":\"Article\",\"@id\":\"https:\\\/\\\/transformiran.com\\\/es\\\/redaccion\\\/iran-e-israel-dios-establecera-su-trono-en-elam-y-estamos-llamados-a-orar-hasta-que-suceda-higher-ground\\\/#article\",\"isPartOf\":{\"@id\":\"https:\\\/\\\/transformiran.com\\\/es\\\/redaccion\\\/iran-e-israel-dios-establecera-su-trono-en-elam-y-estamos-llamados-a-orar-hasta-que-suceda-higher-ground\\\/\"},\"author\":{\"name\":\"Ashleigh Bedford\",\"@id\":\"https:\\\/\\\/transformiran.com\\\/es\\\/#\\\/schema\\\/person\\\/901d817bcb841b949dbba5fa2886bfe3\"},\"headline\":\"Ir\u00e1n e Israel: Dios establecer\u00e1 Su trono en Elam y estamos llamados a orar hasta que suceda: Higher Ground\",\"datePublished\":\"2024-04-17T17:58:35+00:00\",\"dateModified\":\"2024-10-02T09:16:45+00:00\",\"mainEntityOfPage\":{\"@id\":\"https:\\\/\\\/transformiran.com\\\/es\\\/redaccion\\\/iran-e-israel-dios-establecera-su-trono-en-elam-y-estamos-llamados-a-orar-hasta-que-suceda-higher-ground\\\/\"},\"wordCount\":1212,\"commentCount\":0,\"publisher\":{\"@id\":\"https:\\\/\\\/transformiran.com\\\/es\\\/#organization\"},\"image\":{\"@id\":\"https:\\\/\\\/transformiran.com\\\/es\\\/redaccion\\\/iran-e-israel-dios-establecera-su-trono-en-elam-y-estamos-llamados-a-orar-hasta-que-suceda-higher-ground\\\/#primaryimage\"},\"thumbnailUrl\":\"https:\\\/\\\/transformiran.com\\\/app\\\/uploads\\\/2024\\\/04\\\/APTOPIX_Iran_Mideast_Tensions_65777_c0-188-4500-2811_s885x516.webp\",\"keywords\":[\"Gobierno\",\"Ir\u00e1n\",\"Oriente Medio\",\"Salvaci\u00f3n\",\"Transformaci\u00f3n\"],\"articleSection\":[\"Redacci\u00f3n\"],\"inLanguage\":\"es\",\"potentialAction\":[{\"@type\":\"CommentAction\",\"name\":\"Comment\",\"target\":[\"https:\\\/\\\/transformiran.com\\\/es\\\/redaccion\\\/iran-e-israel-dios-establecera-su-trono-en-elam-y-estamos-llamados-a-orar-hasta-que-suceda-higher-ground\\\/#respond\"]}]},{\"@type\":\"WebPage\",\"@id\":\"https:\\\/\\\/transformiran.com\\\/es\\\/redaccion\\\/iran-e-israel-dios-establecera-su-trono-en-elam-y-estamos-llamados-a-orar-hasta-que-suceda-higher-ground\\\/\",\"url\":\"https:\\\/\\\/transformiran.com\\\/es\\\/redaccion\\\/iran-e-israel-dios-establecera-su-trono-en-elam-y-estamos-llamados-a-orar-hasta-que-suceda-higher-ground\\\/\",\"name\":\"Ir\u00e1n e Israel: Dios establecer\u00e1 Su trono en Elam y estamos llamados a orar hasta que suceda: Higher Ground - Transform Iran\",\"isPartOf\":{\"@id\":\"https:\\\/\\\/transformiran.com\\\/es\\\/#website\"},\"primaryImageOfPage\":{\"@id\":\"https:\\\/\\\/transformiran.com\\\/es\\\/redaccion\\\/iran-e-israel-dios-establecera-su-trono-en-elam-y-estamos-llamados-a-orar-hasta-que-suceda-higher-ground\\\/#primaryimage\"},\"image\":{\"@id\":\"https:\\\/\\\/transformiran.com\\\/es\\\/redaccion\\\/iran-e-israel-dios-establecera-su-trono-en-elam-y-estamos-llamados-a-orar-hasta-que-suceda-higher-ground\\\/#primaryimage\"},\"thumbnailUrl\":\"https:\\\/\\\/transformiran.com\\\/app\\\/uploads\\\/2024\\\/04\\\/APTOPIX_Iran_Mideast_Tensions_65777_c0-188-4500-2811_s885x516.webp\",\"datePublished\":\"2024-04-17T17:58:35+00:00\",\"dateModified\":\"2024-10-02T09:16:45+00:00\",\"breadcrumb\":{\"@id\":\"https:\\\/\\\/transformiran.com\\\/es\\\/redaccion\\\/iran-e-israel-dios-establecera-su-trono-en-elam-y-estamos-llamados-a-orar-hasta-que-suceda-higher-ground\\\/#breadcrumb\"},\"inLanguage\":\"es\",\"potentialAction\":[{\"@type\":\"ReadAction\",\"target\":[\"https:\\\/\\\/transformiran.com\\\/es\\\/redaccion\\\/iran-e-israel-dios-establecera-su-trono-en-elam-y-estamos-llamados-a-orar-hasta-que-suceda-higher-ground\\\/\"]}]},{\"@type\":\"ImageObject\",\"inLanguage\":\"es\",\"@id\":\"https:\\\/\\\/transformiran.com\\\/es\\\/redaccion\\\/iran-e-israel-dios-establecera-su-trono-en-elam-y-estamos-llamados-a-orar-hasta-que-suceda-higher-ground\\\/#primaryimage\",\"url\":\"https:\\\/\\\/transformiran.com\\\/app\\\/uploads\\\/2024\\\/04\\\/APTOPIX_Iran_Mideast_Tensions_65777_c0-188-4500-2811_s885x516.webp\",\"contentUrl\":\"https:\\\/\\\/transformiran.com\\\/app\\\/uploads\\\/2024\\\/04\\\/APTOPIX_Iran_Mideast_Tensions_65777_c0-188-4500-2811_s885x516.webp\",\"width\":885,\"height\":516},{\"@type\":\"BreadcrumbList\",\"@id\":\"https:\\\/\\\/transformiran.com\\\/es\\\/redaccion\\\/iran-e-israel-dios-establecera-su-trono-en-elam-y-estamos-llamados-a-orar-hasta-que-suceda-higher-ground\\\/#breadcrumb\",\"itemListElement\":[{\"@type\":\"ListItem\",\"position\":1,\"name\":\"Home\",\"item\":\"https:\\\/\\\/transformiran.com\\\/es\\\/inicio-2\\\/\"},{\"@type\":\"ListItem\",\"position\":2,\"name\":\"Ir\u00e1n e Israel: Dios establecer\u00e1 Su trono en Elam y estamos llamados a orar hasta que suceda: Higher Ground\"}]},{\"@type\":\"WebSite\",\"@id\":\"https:\\\/\\\/transformiran.com\\\/es\\\/#website\",\"url\":\"https:\\\/\\\/transformiran.com\\\/es\\\/\",\"name\":\"Transform Iran\",\"description\":\"Bringing the love and power of Christ to Iran - and beyond\",\"publisher\":{\"@id\":\"https:\\\/\\\/transformiran.com\\\/es\\\/#organization\"},\"potentialAction\":[{\"@type\":\"SearchAction\",\"target\":{\"@type\":\"EntryPoint\",\"urlTemplate\":\"https:\\\/\\\/transformiran.com\\\/es\\\/?s={search_term_string}\"},\"query-input\":{\"@type\":\"PropertyValueSpecification\",\"valueRequired\":true,\"valueName\":\"search_term_string\"}}],\"inLanguage\":\"es\"},{\"@type\":\"Organization\",\"@id\":\"https:\\\/\\\/transformiran.com\\\/es\\\/#organization\",\"name\":\"Transform Iran\",\"url\":\"https:\\\/\\\/transformiran.com\\\/es\\\/\",\"logo\":{\"@type\":\"ImageObject\",\"inLanguage\":\"es\",\"@id\":\"https:\\\/\\\/transformiran.com\\\/es\\\/#\\\/schema\\\/logo\\\/image\\\/\",\"url\":\"https:\\\/\\\/transformiran.com\\\/app\\\/uploads\\\/2022\\\/11\\\/logo_grey.jpg\",\"contentUrl\":\"https:\\\/\\\/transformiran.com\\\/app\\\/uploads\\\/2022\\\/11\\\/logo_grey.jpg\",\"width\":528,\"height\":90,\"caption\":\"Transform Iran\"},\"image\":{\"@id\":\"https:\\\/\\\/transformiran.com\\\/es\\\/#\\\/schema\\\/logo\\\/image\\\/\"},\"sameAs\":[\"https:\\\/\\\/www.facebook.com\\\/222MinistriesUSAInc\",\"https:\\\/\\\/x.com\\\/222minint\",\"https:\\\/\\\/www.instagram.com\\\/222ministriesinternational\\\/\"]},{\"@type\":\"Person\",\"@id\":\"https:\\\/\\\/transformiran.com\\\/es\\\/#\\\/schema\\\/person\\\/901d817bcb841b949dbba5fa2886bfe3\",\"name\":\"Ashleigh Bedford\",\"image\":{\"@type\":\"ImageObject\",\"inLanguage\":\"es\",\"@id\":\"https:\\\/\\\/secure.gravatar.com\\\/avatar\\\/fe25a0a0785840df62a592de76ed79e48013f590cc9a874b448f15b293751483?s=96&d=mm&r=g\",\"url\":\"https:\\\/\\\/secure.gravatar.com\\\/avatar\\\/fe25a0a0785840df62a592de76ed79e48013f590cc9a874b448f15b293751483?s=96&d=mm&r=g\",\"contentUrl\":\"https:\\\/\\\/secure.gravatar.com\\\/avatar\\\/fe25a0a0785840df62a592de76ed79e48013f590cc9a874b448f15b293751483?s=96&d=mm&r=g\",\"caption\":\"Ashleigh Bedford\"},\"url\":\"https:\\\/\\\/transformiran.com\\\/es\\\/author\\\/ashleigh\\\/\"}]}<\/script>\n<!-- \/ Yoast SEO plugin. -->","yoast_head_json":{"title":"Ir\u00e1n e Israel: Dios establecer\u00e1 Su trono en Elam y estamos llamados a orar hasta que suceda: Higher Ground - Transform Iran","robots":{"index":"index","follow":"follow","max-snippet":"max-snippet:-1","max-image-preview":"max-image-preview:large","max-video-preview":"max-video-preview:-1"},"canonical":"https:\/\/transformiran.com\/es\/redaccion\/iran-e-israel-dios-establecera-su-trono-en-elam-y-estamos-llamados-a-orar-hasta-que-suceda-higher-ground\/","og_locale":"es_ES","og_type":"article","og_title":"Ir\u00e1n e Israel: Dios establecer\u00e1 Su trono en Elam y estamos llamados a orar hasta que suceda: Higher Ground - Transform Iran","og_description":"Mientras el mundo observa el conflicto Ir\u00e1n-Israel con la respiraci\u00f3n contenida, \u00bfestamos aline\u00e1ndonos con la voluntad de Dios y la profec\u00eda b\u00edblica que se est\u00e1 desarrollando? En este art\u00edculo, Lana comparte algunas verdades b\u00edblicas y nos desaf\u00eda a preguntarnos cu\u00e1l deber\u00eda ser nuestra propia respuesta.","og_url":"https:\/\/transformiran.com\/es\/redaccion\/iran-e-israel-dios-establecera-su-trono-en-elam-y-estamos-llamados-a-orar-hasta-que-suceda-higher-ground\/","og_site_name":"Transform Iran","article_publisher":"https:\/\/www.facebook.com\/222MinistriesUSAInc","article_published_time":"2024-04-17T17:58:35+00:00","article_modified_time":"2024-10-02T09:16:45+00:00","og_image":[{"width":885,"height":516,"url":"https:\/\/transformiran.com\/app\/uploads\/2024\/04\/APTOPIX_Iran_Mideast_Tensions_65777_c0-188-4500-2811_s885x516.webp","type":"image\/webp"}],"author":"Ashleigh Bedford","twitter_card":"summary_large_image","twitter_creator":"@222minint","twitter_site":"@222minint","twitter_misc":{"Escrito por":"Ashleigh Bedford","Tiempo de lectura":"6 minutos"},"schema":{"@context":"https:\/\/schema.org","@graph":[{"@type":"Article","@id":"https:\/\/transformiran.com\/es\/redaccion\/iran-e-israel-dios-establecera-su-trono-en-elam-y-estamos-llamados-a-orar-hasta-que-suceda-higher-ground\/#article","isPartOf":{"@id":"https:\/\/transformiran.com\/es\/redaccion\/iran-e-israel-dios-establecera-su-trono-en-elam-y-estamos-llamados-a-orar-hasta-que-suceda-higher-ground\/"},"author":{"name":"Ashleigh Bedford","@id":"https:\/\/transformiran.com\/es\/#\/schema\/person\/901d817bcb841b949dbba5fa2886bfe3"},"headline":"Ir\u00e1n e Israel: Dios establecer\u00e1 Su trono en Elam y estamos llamados a orar hasta que suceda: Higher Ground","datePublished":"2024-04-17T17:58:35+00:00","dateModified":"2024-10-02T09:16:45+00:00","mainEntityOfPage":{"@id":"https:\/\/transformiran.com\/es\/redaccion\/iran-e-israel-dios-establecera-su-trono-en-elam-y-estamos-llamados-a-orar-hasta-que-suceda-higher-ground\/"},"wordCount":1212,"commentCount":0,"publisher":{"@id":"https:\/\/transformiran.com\/es\/#organization"},"image":{"@id":"https:\/\/transformiran.com\/es\/redaccion\/iran-e-israel-dios-establecera-su-trono-en-elam-y-estamos-llamados-a-orar-hasta-que-suceda-higher-ground\/#primaryimage"},"thumbnailUrl":"https:\/\/transformiran.com\/app\/uploads\/2024\/04\/APTOPIX_Iran_Mideast_Tensions_65777_c0-188-4500-2811_s885x516.webp","keywords":["Gobierno","Ir\u00e1n","Oriente Medio","Salvaci\u00f3n","Transformaci\u00f3n"],"articleSection":["Redacci\u00f3n"],"inLanguage":"es","potentialAction":[{"@type":"CommentAction","name":"Comment","target":["https:\/\/transformiran.com\/es\/redaccion\/iran-e-israel-dios-establecera-su-trono-en-elam-y-estamos-llamados-a-orar-hasta-que-suceda-higher-ground\/#respond"]}]},{"@type":"WebPage","@id":"https:\/\/transformiran.com\/es\/redaccion\/iran-e-israel-dios-establecera-su-trono-en-elam-y-estamos-llamados-a-orar-hasta-que-suceda-higher-ground\/","url":"https:\/\/transformiran.com\/es\/redaccion\/iran-e-israel-dios-establecera-su-trono-en-elam-y-estamos-llamados-a-orar-hasta-que-suceda-higher-ground\/","name":"Ir\u00e1n e Israel: Dios establecer\u00e1 Su trono en Elam y estamos llamados a orar hasta que suceda: Higher Ground - Transform Iran","isPartOf":{"@id":"https:\/\/transformiran.com\/es\/#website"},"primaryImageOfPage":{"@id":"https:\/\/transformiran.com\/es\/redaccion\/iran-e-israel-dios-establecera-su-trono-en-elam-y-estamos-llamados-a-orar-hasta-que-suceda-higher-ground\/#primaryimage"},"image":{"@id":"https:\/\/transformiran.com\/es\/redaccion\/iran-e-israel-dios-establecera-su-trono-en-elam-y-estamos-llamados-a-orar-hasta-que-suceda-higher-ground\/#primaryimage"},"thumbnailUrl":"https:\/\/transformiran.com\/app\/uploads\/2024\/04\/APTOPIX_Iran_Mideast_Tensions_65777_c0-188-4500-2811_s885x516.webp","datePublished":"2024-04-17T17:58:35+00:00","dateModified":"2024-10-02T09:16:45+00:00","breadcrumb":{"@id":"https:\/\/transformiran.com\/es\/redaccion\/iran-e-israel-dios-establecera-su-trono-en-elam-y-estamos-llamados-a-orar-hasta-que-suceda-higher-ground\/#breadcrumb"},"inLanguage":"es","potentialAction":[{"@type":"ReadAction","target":["https:\/\/transformiran.com\/es\/redaccion\/iran-e-israel-dios-establecera-su-trono-en-elam-y-estamos-llamados-a-orar-hasta-que-suceda-higher-ground\/"]}]},{"@type":"ImageObject","inLanguage":"es","@id":"https:\/\/transformiran.com\/es\/redaccion\/iran-e-israel-dios-establecera-su-trono-en-elam-y-estamos-llamados-a-orar-hasta-que-suceda-higher-ground\/#primaryimage","url":"https:\/\/transformiran.com\/app\/uploads\/2024\/04\/APTOPIX_Iran_Mideast_Tensions_65777_c0-188-4500-2811_s885x516.webp","contentUrl":"https:\/\/transformiran.com\/app\/uploads\/2024\/04\/APTOPIX_Iran_Mideast_Tensions_65777_c0-188-4500-2811_s885x516.webp","width":885,"height":516},{"@type":"BreadcrumbList","@id":"https:\/\/transformiran.com\/es\/redaccion\/iran-e-israel-dios-establecera-su-trono-en-elam-y-estamos-llamados-a-orar-hasta-que-suceda-higher-ground\/#breadcrumb","itemListElement":[{"@type":"ListItem","position":1,"name":"Home","item":"https:\/\/transformiran.com\/es\/inicio-2\/"},{"@type":"ListItem","position":2,"name":"Ir\u00e1n e Israel: Dios establecer\u00e1 Su trono en Elam y estamos llamados a orar hasta que suceda: Higher Ground"}]},{"@type":"WebSite","@id":"https:\/\/transformiran.com\/es\/#website","url":"https:\/\/transformiran.com\/es\/","name":"Transform Iran","description":"Bringing the love and power of Christ to Iran - and beyond","publisher":{"@id":"https:\/\/transformiran.com\/es\/#organization"},"potentialAction":[{"@type":"SearchAction","target":{"@type":"EntryPoint","urlTemplate":"https:\/\/transformiran.com\/es\/?s={search_term_string}"},"query-input":{"@type":"PropertyValueSpecification","valueRequired":true,"valueName":"search_term_string"}}],"inLanguage":"es"},{"@type":"Organization","@id":"https:\/\/transformiran.com\/es\/#organization","name":"Transform Iran","url":"https:\/\/transformiran.com\/es\/","logo":{"@type":"ImageObject","inLanguage":"es","@id":"https:\/\/transformiran.com\/es\/#\/schema\/logo\/image\/","url":"https:\/\/transformiran.com\/app\/uploads\/2022\/11\/logo_grey.jpg","contentUrl":"https:\/\/transformiran.com\/app\/uploads\/2022\/11\/logo_grey.jpg","width":528,"height":90,"caption":"Transform Iran"},"image":{"@id":"https:\/\/transformiran.com\/es\/#\/schema\/logo\/image\/"},"sameAs":["https:\/\/www.facebook.com\/222MinistriesUSAInc","https:\/\/x.com\/222minint","https:\/\/www.instagram.com\/222ministriesinternational\/"]},{"@type":"Person","@id":"https:\/\/transformiran.com\/es\/#\/schema\/person\/901d817bcb841b949dbba5fa2886bfe3","name":"Ashleigh Bedford","image":{"@type":"ImageObject","inLanguage":"es","@id":"https:\/\/secure.gravatar.com\/avatar\/fe25a0a0785840df62a592de76ed79e48013f590cc9a874b448f15b293751483?s=96&d=mm&r=g","url":"https:\/\/secure.gravatar.com\/avatar\/fe25a0a0785840df62a592de76ed79e48013f590cc9a874b448f15b293751483?s=96&d=mm&r=g","contentUrl":"https:\/\/secure.gravatar.com\/avatar\/fe25a0a0785840df62a592de76ed79e48013f590cc9a874b448f15b293751483?s=96&d=mm&r=g","caption":"Ashleigh Bedford"},"url":"https:\/\/transformiran.com\/es\/author\/ashleigh\/"}]}},"_links":{"self":[{"href":"https:\/\/transformiran.com\/es\/wp-json\/wp\/v2\/posts\/12583","targetHints":{"allow":["GET"]}}],"collection":[{"href":"https:\/\/transformiran.com\/es\/wp-json\/wp\/v2\/posts"}],"about":[{"href":"https:\/\/transformiran.com\/es\/wp-json\/wp\/v2\/types\/post"}],"author":[{"embeddable":true,"href":"https:\/\/transformiran.com\/es\/wp-json\/wp\/v2\/users\/6"}],"replies":[{"embeddable":true,"href":"https:\/\/transformiran.com\/es\/wp-json\/wp\/v2\/comments?post=12583"}],"version-history":[{"count":0,"href":"https:\/\/transformiran.com\/es\/wp-json\/wp\/v2\/posts\/12583\/revisions"}],"wp:featuredmedia":[{"embeddable":true,"href":"https:\/\/transformiran.com\/es\/wp-json\/wp\/v2\/media\/12580"}],"wp:attachment":[{"href":"https:\/\/transformiran.com\/es\/wp-json\/wp\/v2\/media?parent=12583"}],"wp:term":[{"taxonomy":"category","embeddable":true,"href":"https:\/\/transformiran.com\/es\/wp-json\/wp\/v2\/categories?post=12583"},{"taxonomy":"post_tag","embeddable":true,"href":"https:\/\/transformiran.com\/es\/wp-json\/wp\/v2\/tags?post=12583"}],"curies":[{"name":"wp","href":"https:\/\/api.w.org\/{rel}","templated":true}]}}