{"id":29118,"date":"2025-02-10T18:23:56","date_gmt":"2025-02-10T18:23:56","guid":{"rendered":"https:\/\/transformiran.com\/sin-categorizar\/pia-van-belen-da-voz-a-las-mujeres-cristianas-iranies-su-fe-brilla-en-la-oscuridad-cvandaag\/"},"modified":"2025-02-14T17:12:13","modified_gmt":"2025-02-14T17:12:13","slug":"pia-van-belen-da-voz-a-las-mujeres-cristianas-iranies-su-fe-brilla-en-la-oscuridad-cvandaag","status":"publish","type":"post","link":"https:\/\/transformiran.com\/es\/redaccion\/pia-van-belen-da-voz-a-las-mujeres-cristianas-iranies-su-fe-brilla-en-la-oscuridad-cvandaag\/","title":{"rendered":"Pia van Belen da voz a las mujeres cristianas iran\u00edes: &#8220;Su fe brilla en la oscuridad Cvandaag"},"content":{"rendered":"\n<p>\u00c9sta es una versi\u00f3n abreviada del art\u00edculo completo en neerland\u00e9s (enlace m\u00e1s abajo), escrito por Sjoukje Dijkstra.<\/p>\n\n<p>Pia van Belen (45), investigadora de Transform Iran, describe a las mujeres cristianas iran\u00edes que conoci\u00f3 el verano pasado en Turqu\u00eda y que hab\u00edan huido de la persecuci\u00f3n en Ir\u00e1n. &#8220;Han renunciado a todo por su fe y, sin embargo, dan testimonio de la esperanza que llevan dentro&#8221;, afirma Pia. &#8220;Su fe brilla en la oscuridad, d\u00e1ndoles valor y resistencia frente a las amenazas y la violencia constantes&#8221;.  <\/p>\n\n<h2 class=\"wp-block-heading\">Una llamada inesperada<\/h2>\n\n<p>Pia lleva a\u00f1os ayudando a los refugiados en Holanda, trabajando en centros de asilo y dirigiendo estudios b\u00edblicos. Sin embargo, nunca esper\u00f3 que su trabajo la llevara a Turqu\u00eda. &#8220;Dios puso en mi coraz\u00f3n un amor por los musulmanes&#8221;, explica. &#8220;Me llev\u00f3 a estudiar Trabajo Misionero y a aprender farsi. No conoc\u00eda el prop\u00f3sito, pero confiaba en que \u00c9l me guiar\u00eda&#8221;.   <\/p>\n\n<p>Cuando Pia se acercaba al final de sus estudios, luchaba por encontrar unas pr\u00e1cticas. &#8220;Rec\u00e9 desesperadamente, pidiendo a Dios que me guiara&#8221;. Finalmente, una mujer iran\u00ed que trabajaba para Transform Iran se puso en contacto con ella, lo que la condujo a unas pr\u00e1cticas que le cambiaron la vida. Pia viaj\u00f3 a Turqu\u00eda, donde entrevist\u00f3 a mujeres refugiadas iran\u00edes sobre sus vidas de miedo e incertidumbre, descubriendo un tema com\u00fan: la inseguridad a la que se enfrentan para ellas y sus hijos.   <\/p>\n\n<h2 class=\"wp-block-heading\">&#8220;A su hijo le pegaron en la escuela y se rompi\u00f3 las piernas&#8221;.<\/h2>\n\n<p>Pia conoci\u00f3 a mujeres como Maryan (seud\u00f3nimo), que llevaba ocho a\u00f1os en Turqu\u00eda. &#8220;Asaltaron su casa, golpearon a su hijo en la escuela y los profesores le negaron derechos b\u00e1sicos&#8221;, cuenta Pia. &#8220;Ella misma fue agredida, pero no pudo denunciarlo por miedo a ser deportada&#8221;. A pesar de estos horrores, Maryan sigui\u00f3 siendo resistente, aferr\u00e1ndose a su fe y so\u00f1ando con un espacio seguro para mujeres como ella.   <\/p>\n\n<h2 class=\"wp-block-heading\">Fe en medio del miedo<\/h2>\n\n<p>La investigaci\u00f3n de Pia revel\u00f3 las intensas luchas de las mujeres cristianas iran\u00edes. &#8220;Se enfrentan a una inseguridad constante, a un acceso limitado a la asistencia sanitaria y a la discriminaci\u00f3n. Sin embargo, hablan de la fe, la esperanza y los sue\u00f1os que las mantienen en pie. Muestran lo que significa perseverar en la fe a pesar de retos inimaginables&#8221;. <\/p>\n\n<p>Pia reflexiona:<\/p>\n\n<blockquote class=\"wp-block-quote is-layout-flow wp-block-quote-is-layout-flow\">\n<p>Estas mujeres me recuerdan los sacrificios que exige la fe. Aqu\u00ed, en Holanda, tenemos libertad para practicar nuestra fe, pero no solemos considerar lo que cuesta realmente seguir a Cristo. <\/p>\n<\/blockquote>\n\n<h2 class=\"wp-block-heading\">Las cifras detr\u00e1s de las historias<\/h2>\n\n<p>La investigaci\u00f3n de Pia combina historias personales con estad\u00edsticas:<\/p>\n\n<ul class=\"wp-block-list\">\n<li><strong>Discriminaci\u00f3n e inseguridad<\/strong>: Enfrent\u00e1ndose a la deportaci\u00f3n y la exclusi\u00f3n por su fe y etnia.<br\/><\/li>\n\n\n\n<li><strong>Explotaci\u00f3n<\/strong> econ\u00f3mica: Trabajar en malas condiciones sin protecci\u00f3n legal.<br\/><\/li>\n\n\n\n<li><strong>Acceso limitado a los servicios<\/strong>: Lucha para acceder a la asistencia sanitaria, la vivienda y la educaci\u00f3n.<br\/><\/li>\n\n\n\n<li><strong>Violencia y abusos<\/strong>: Violencia sexual y acoso generalizados.<br\/><\/li>\n\n\n\n<li><strong>Inseguridad para los ni\u00f1os<\/strong>: Los alumnos se enfrentan a violencia verbal y f\u00edsica en la escuela.<\/li>\n<\/ul>\n\n<p>Pia hace hincapi\u00e9 en la vulnerabilidad de los ni\u00f1os:<\/p>\n\n<blockquote class=\"wp-block-quote is-layout-flow wp-block-quote-is-layout-flow\">\n<p>Muchos tienen miedo de ir a la escuela: el 60% declara tener miedo y el 76% nota cambios de comportamiento. Estos ni\u00f1os llevan una pesada carga. <\/p>\n<\/blockquote>\n\n<h2 class=\"wp-block-heading\">Ayuda que va m\u00e1s all\u00e1 de la oraci\u00f3n<\/h2>\n\n<p>Aunque Pia cree que la oraci\u00f3n es vital, insiste en la necesidad de ayuda pr\u00e1ctica. &#8220;La ayuda estructural es esencial. Los fondos para atenci\u00f3n m\u00e9dica, asistencia jur\u00eddica y alojamiento seguro pueden marcar la diferencia. Las peque\u00f1as donaciones pueden evitar la deportaci\u00f3n y proporcionar seguridad&#8221;. Hace un llamamiento a los lectores para que act\u00faen con amor y cuidado, destacando la diferencia que el apoyo espec\u00edfico puede marcar en la vida de estas mujeres y ni\u00f1os.  <\/p>\n\n<p><a href=\"https:\/\/transformiran.com\/es\/nuestro-trabajo\/refugiados-e-iglesia-perseguida\/\">M\u00e1s informaci\u00f3n sobre nuestro trabajo con los refugiados y la Iglesia perseguida<\/a><\/p>\n\n<h2 class=\"wp-block-heading\">&#8220;A veces la duda me abruma&#8221;.<\/h2>\n\n<p>A pesar de los retos, Pia ha visto esperanza. &#8220;Estas mujeres demuestran que la fe no depende de las circunstancias. Perseveran, siguen cantando y rezando. Su fe es una luz en la oscuridad&#8221;.   <\/p>\n\n<p class=\"has-blue-color has-text-color has-link-color has-medium-font-size wp-elements-ee59e71a82608b8453f8befea511fc9a\">Pia concluye: &#8220;Nunca dudo de Dios mismo. \u00c9l est\u00e1 con estas mujeres, sufriendo con ellas y d\u00e1ndoles fuerza. Es una poderosa lecci\u00f3n para todos nosotros&#8221;.<\/p>\n\n<p><\/p>\n\n<p><a href=\"https:\/\/cvandaag.nl\/104392-pia-van-belen-geeft-iraanse-christenvrouwen-een-stem-hun-geloof-schijnt-helder-in-de-duisternis\/aHVpVEpiZldwdU1OOVVINFVMY1JyS2JXa1d3N3hmdnBKYVE3bzRLUi9vT2F1d3FXNVhndlluND0\" target=\"_blank\" rel=\"noreferrer noopener\">Enlace al art\u00edculo completo en neerland\u00e9s<\/a><\/p>\n\n<p><em>Imagen de cabecera: Pia van Belen durante una visita a Turqu\u00eda.  <\/em><\/p>\n\n<p><em>Publicado originalmente en: <a href=\"https:\/\/cvandaag.nl\/104392-pia-van-belen-geeft-iraanse-christenvrouwen-een-stem-hun-geloof-schijnt-helder-in-de-duisternis\/aHVpVEpiZldwdU1OOVVINFVMY1JyS2JXa1d3N3hmdnBKYVE3bzRLUi9vT2F1d3FXNVhndlluND0\" target=\"_blank\" rel=\"noreferrer noopener\">Cvandaag<\/a><\/em><\/p>\n\n<p><\/p>\n","protected":false},"excerpt":{"rendered":"<p>Lee historias de mujeres cristianas iran\u00edes refugiadas en Turqu\u00eda y sus experiencias de persecuci\u00f3n e incertidumbre.<\/p>\n","protected":false},"author":6,"featured_media":28158,"comment_status":"open","ping_status":"open","sticky":false,"template":"","format":"standard","meta":{"_acf_changed":false,"give_campaign_id":0,"om_disable_all_campaigns":false,"_mi_skip_tracking":false,"footnotes":""},"categories":[161],"tags":[155,162,176,175],"class_list":["post-29118","post","type-post","status-publish","format-standard","has-post-thumbnail","hentry","category-redaccion","tag-mujeres","tag-persecucion","tag-refugiados","tag-turquia"],"acf":[],"yoast_head":"<!-- This site is optimized with the Yoast SEO plugin v27.3 - https:\/\/yoast.com\/product\/yoast-seo-wordpress\/ -->\n<title>Pia van Belen da voz a las mujeres cristianas iran\u00edes: &quot;Su fe brilla en la oscuridad Cvandaag - Transform Iran<\/title>\n<meta name=\"robots\" content=\"index, follow, max-snippet:-1, max-image-preview:large, max-video-preview:-1\" \/>\n<link rel=\"canonical\" href=\"https:\/\/transformiran.com\/es\/redaccion\/pia-van-belen-da-voz-a-las-mujeres-cristianas-iranies-su-fe-brilla-en-la-oscuridad-cvandaag\/\" \/>\n<meta property=\"og:locale\" content=\"es_ES\" \/>\n<meta property=\"og:type\" content=\"article\" \/>\n<meta property=\"og:title\" content=\"Pia van Belen da voz a las mujeres cristianas iran\u00edes: &quot;Su fe brilla en la oscuridad Cvandaag - Transform Iran\" \/>\n<meta property=\"og:description\" content=\"Lee historias de mujeres cristianas iran\u00edes refugiadas en Turqu\u00eda y sus experiencias de persecuci\u00f3n e incertidumbre.\" \/>\n<meta property=\"og:url\" content=\"https:\/\/transformiran.com\/es\/redaccion\/pia-van-belen-da-voz-a-las-mujeres-cristianas-iranies-su-fe-brilla-en-la-oscuridad-cvandaag\/\" \/>\n<meta property=\"og:site_name\" content=\"Transform Iran\" \/>\n<meta property=\"article:publisher\" content=\"https:\/\/www.facebook.com\/222MinistriesUSAInc\" \/>\n<meta property=\"article:published_time\" content=\"2025-02-10T18:23:56+00:00\" \/>\n<meta property=\"article:modified_time\" content=\"2025-02-14T17:12:13+00:00\" \/>\n<meta property=\"og:image\" content=\"https:\/\/transformiran.com\/app\/uploads\/2024\/12\/Pia-van-Belen.png\" \/>\n\t<meta property=\"og:image:width\" content=\"853\" \/>\n\t<meta property=\"og:image:height\" content=\"641\" \/>\n\t<meta property=\"og:image:type\" content=\"image\/png\" \/>\n<meta name=\"author\" content=\"Ashleigh Bedford\" \/>\n<meta name=\"twitter:card\" content=\"summary_large_image\" \/>\n<meta name=\"twitter:creator\" content=\"@222minint\" \/>\n<meta name=\"twitter:site\" content=\"@222minint\" \/>\n<meta name=\"twitter:label1\" content=\"Escrito por\" \/>\n\t<meta name=\"twitter:data1\" content=\"Ashleigh Bedford\" \/>\n\t<meta name=\"twitter:label2\" content=\"Tiempo de lectura\" \/>\n\t<meta name=\"twitter:data2\" content=\"4 minutos\" \/>\n<script type=\"application\/ld+json\" class=\"yoast-schema-graph\">{\"@context\":\"https:\\\/\\\/schema.org\",\"@graph\":[{\"@type\":\"Article\",\"@id\":\"https:\\\/\\\/transformiran.com\\\/es\\\/redaccion\\\/pia-van-belen-da-voz-a-las-mujeres-cristianas-iranies-su-fe-brilla-en-la-oscuridad-cvandaag\\\/#article\",\"isPartOf\":{\"@id\":\"https:\\\/\\\/transformiran.com\\\/es\\\/redaccion\\\/pia-van-belen-da-voz-a-las-mujeres-cristianas-iranies-su-fe-brilla-en-la-oscuridad-cvandaag\\\/\"},\"author\":{\"name\":\"Ashleigh Bedford\",\"@id\":\"https:\\\/\\\/transformiran.com\\\/es\\\/#\\\/schema\\\/person\\\/901d817bcb841b949dbba5fa2886bfe3\"},\"headline\":\"Pia van Belen da voz a las mujeres cristianas iran\u00edes: &#8220;Su fe brilla en la oscuridad Cvandaag\",\"datePublished\":\"2025-02-10T18:23:56+00:00\",\"dateModified\":\"2025-02-14T17:12:13+00:00\",\"mainEntityOfPage\":{\"@id\":\"https:\\\/\\\/transformiran.com\\\/es\\\/redaccion\\\/pia-van-belen-da-voz-a-las-mujeres-cristianas-iranies-su-fe-brilla-en-la-oscuridad-cvandaag\\\/\"},\"wordCount\":784,\"commentCount\":0,\"publisher\":{\"@id\":\"https:\\\/\\\/transformiran.com\\\/es\\\/#organization\"},\"image\":{\"@id\":\"https:\\\/\\\/transformiran.com\\\/es\\\/redaccion\\\/pia-van-belen-da-voz-a-las-mujeres-cristianas-iranies-su-fe-brilla-en-la-oscuridad-cvandaag\\\/#primaryimage\"},\"thumbnailUrl\":\"https:\\\/\\\/transformiran.com\\\/app\\\/uploads\\\/2024\\\/12\\\/Pia-van-Belen.png\",\"keywords\":[\"Mujeres\",\"Persecuci\u00f3n\",\"Refugiados\",\"Turqu\u00eda\"],\"articleSection\":[\"Redacci\u00f3n\"],\"inLanguage\":\"es\",\"potentialAction\":[{\"@type\":\"CommentAction\",\"name\":\"Comment\",\"target\":[\"https:\\\/\\\/transformiran.com\\\/es\\\/redaccion\\\/pia-van-belen-da-voz-a-las-mujeres-cristianas-iranies-su-fe-brilla-en-la-oscuridad-cvandaag\\\/#respond\"]}]},{\"@type\":\"WebPage\",\"@id\":\"https:\\\/\\\/transformiran.com\\\/es\\\/redaccion\\\/pia-van-belen-da-voz-a-las-mujeres-cristianas-iranies-su-fe-brilla-en-la-oscuridad-cvandaag\\\/\",\"url\":\"https:\\\/\\\/transformiran.com\\\/es\\\/redaccion\\\/pia-van-belen-da-voz-a-las-mujeres-cristianas-iranies-su-fe-brilla-en-la-oscuridad-cvandaag\\\/\",\"name\":\"Pia van Belen da voz a las mujeres cristianas iran\u00edes: \\\"Su fe brilla en la oscuridad Cvandaag - Transform Iran\",\"isPartOf\":{\"@id\":\"https:\\\/\\\/transformiran.com\\\/es\\\/#website\"},\"primaryImageOfPage\":{\"@id\":\"https:\\\/\\\/transformiran.com\\\/es\\\/redaccion\\\/pia-van-belen-da-voz-a-las-mujeres-cristianas-iranies-su-fe-brilla-en-la-oscuridad-cvandaag\\\/#primaryimage\"},\"image\":{\"@id\":\"https:\\\/\\\/transformiran.com\\\/es\\\/redaccion\\\/pia-van-belen-da-voz-a-las-mujeres-cristianas-iranies-su-fe-brilla-en-la-oscuridad-cvandaag\\\/#primaryimage\"},\"thumbnailUrl\":\"https:\\\/\\\/transformiran.com\\\/app\\\/uploads\\\/2024\\\/12\\\/Pia-van-Belen.png\",\"datePublished\":\"2025-02-10T18:23:56+00:00\",\"dateModified\":\"2025-02-14T17:12:13+00:00\",\"breadcrumb\":{\"@id\":\"https:\\\/\\\/transformiran.com\\\/es\\\/redaccion\\\/pia-van-belen-da-voz-a-las-mujeres-cristianas-iranies-su-fe-brilla-en-la-oscuridad-cvandaag\\\/#breadcrumb\"},\"inLanguage\":\"es\",\"potentialAction\":[{\"@type\":\"ReadAction\",\"target\":[\"https:\\\/\\\/transformiran.com\\\/es\\\/redaccion\\\/pia-van-belen-da-voz-a-las-mujeres-cristianas-iranies-su-fe-brilla-en-la-oscuridad-cvandaag\\\/\"]}]},{\"@type\":\"ImageObject\",\"inLanguage\":\"es\",\"@id\":\"https:\\\/\\\/transformiran.com\\\/es\\\/redaccion\\\/pia-van-belen-da-voz-a-las-mujeres-cristianas-iranies-su-fe-brilla-en-la-oscuridad-cvandaag\\\/#primaryimage\",\"url\":\"https:\\\/\\\/transformiran.com\\\/app\\\/uploads\\\/2024\\\/12\\\/Pia-van-Belen.png\",\"contentUrl\":\"https:\\\/\\\/transformiran.com\\\/app\\\/uploads\\\/2024\\\/12\\\/Pia-van-Belen.png\",\"width\":853,\"height\":641},{\"@type\":\"BreadcrumbList\",\"@id\":\"https:\\\/\\\/transformiran.com\\\/es\\\/redaccion\\\/pia-van-belen-da-voz-a-las-mujeres-cristianas-iranies-su-fe-brilla-en-la-oscuridad-cvandaag\\\/#breadcrumb\",\"itemListElement\":[{\"@type\":\"ListItem\",\"position\":1,\"name\":\"Home\",\"item\":\"https:\\\/\\\/transformiran.com\\\/es\\\/inicio-2\\\/\"},{\"@type\":\"ListItem\",\"position\":2,\"name\":\"Pia van Belen da voz a las mujeres cristianas iran\u00edes: &#8220;Su fe brilla en la oscuridad Cvandaag\"}]},{\"@type\":\"WebSite\",\"@id\":\"https:\\\/\\\/transformiran.com\\\/es\\\/#website\",\"url\":\"https:\\\/\\\/transformiran.com\\\/es\\\/\",\"name\":\"Transform Iran\",\"description\":\"Bringing the love and power of Christ to Iran - and beyond\",\"publisher\":{\"@id\":\"https:\\\/\\\/transformiran.com\\\/es\\\/#organization\"},\"potentialAction\":[{\"@type\":\"SearchAction\",\"target\":{\"@type\":\"EntryPoint\",\"urlTemplate\":\"https:\\\/\\\/transformiran.com\\\/es\\\/?s={search_term_string}\"},\"query-input\":{\"@type\":\"PropertyValueSpecification\",\"valueRequired\":true,\"valueName\":\"search_term_string\"}}],\"inLanguage\":\"es\"},{\"@type\":\"Organization\",\"@id\":\"https:\\\/\\\/transformiran.com\\\/es\\\/#organization\",\"name\":\"Transform Iran\",\"url\":\"https:\\\/\\\/transformiran.com\\\/es\\\/\",\"logo\":{\"@type\":\"ImageObject\",\"inLanguage\":\"es\",\"@id\":\"https:\\\/\\\/transformiran.com\\\/es\\\/#\\\/schema\\\/logo\\\/image\\\/\",\"url\":\"https:\\\/\\\/transformiran.com\\\/app\\\/uploads\\\/2022\\\/11\\\/logo_grey.jpg\",\"contentUrl\":\"https:\\\/\\\/transformiran.com\\\/app\\\/uploads\\\/2022\\\/11\\\/logo_grey.jpg\",\"width\":528,\"height\":90,\"caption\":\"Transform Iran\"},\"image\":{\"@id\":\"https:\\\/\\\/transformiran.com\\\/es\\\/#\\\/schema\\\/logo\\\/image\\\/\"},\"sameAs\":[\"https:\\\/\\\/www.facebook.com\\\/222MinistriesUSAInc\",\"https:\\\/\\\/x.com\\\/222minint\",\"https:\\\/\\\/www.instagram.com\\\/222ministriesinternational\\\/\"]},{\"@type\":\"Person\",\"@id\":\"https:\\\/\\\/transformiran.com\\\/es\\\/#\\\/schema\\\/person\\\/901d817bcb841b949dbba5fa2886bfe3\",\"name\":\"Ashleigh Bedford\",\"image\":{\"@type\":\"ImageObject\",\"inLanguage\":\"es\",\"@id\":\"https:\\\/\\\/secure.gravatar.com\\\/avatar\\\/fe25a0a0785840df62a592de76ed79e48013f590cc9a874b448f15b293751483?s=96&d=mm&r=g\",\"url\":\"https:\\\/\\\/secure.gravatar.com\\\/avatar\\\/fe25a0a0785840df62a592de76ed79e48013f590cc9a874b448f15b293751483?s=96&d=mm&r=g\",\"contentUrl\":\"https:\\\/\\\/secure.gravatar.com\\\/avatar\\\/fe25a0a0785840df62a592de76ed79e48013f590cc9a874b448f15b293751483?s=96&d=mm&r=g\",\"caption\":\"Ashleigh Bedford\"},\"url\":\"https:\\\/\\\/transformiran.com\\\/es\\\/author\\\/ashleigh\\\/\"}]}<\/script>\n<!-- \/ Yoast SEO plugin. -->","yoast_head_json":{"title":"Pia van Belen da voz a las mujeres cristianas iran\u00edes: \"Su fe brilla en la oscuridad Cvandaag - Transform Iran","robots":{"index":"index","follow":"follow","max-snippet":"max-snippet:-1","max-image-preview":"max-image-preview:large","max-video-preview":"max-video-preview:-1"},"canonical":"https:\/\/transformiran.com\/es\/redaccion\/pia-van-belen-da-voz-a-las-mujeres-cristianas-iranies-su-fe-brilla-en-la-oscuridad-cvandaag\/","og_locale":"es_ES","og_type":"article","og_title":"Pia van Belen da voz a las mujeres cristianas iran\u00edes: \"Su fe brilla en la oscuridad Cvandaag - Transform Iran","og_description":"Lee historias de mujeres cristianas iran\u00edes refugiadas en Turqu\u00eda y sus experiencias de persecuci\u00f3n e incertidumbre.","og_url":"https:\/\/transformiran.com\/es\/redaccion\/pia-van-belen-da-voz-a-las-mujeres-cristianas-iranies-su-fe-brilla-en-la-oscuridad-cvandaag\/","og_site_name":"Transform Iran","article_publisher":"https:\/\/www.facebook.com\/222MinistriesUSAInc","article_published_time":"2025-02-10T18:23:56+00:00","article_modified_time":"2025-02-14T17:12:13+00:00","og_image":[{"width":853,"height":641,"url":"https:\/\/transformiran.com\/app\/uploads\/2024\/12\/Pia-van-Belen.png","type":"image\/png"}],"author":"Ashleigh Bedford","twitter_card":"summary_large_image","twitter_creator":"@222minint","twitter_site":"@222minint","twitter_misc":{"Escrito por":"Ashleigh Bedford","Tiempo de lectura":"4 minutos"},"schema":{"@context":"https:\/\/schema.org","@graph":[{"@type":"Article","@id":"https:\/\/transformiran.com\/es\/redaccion\/pia-van-belen-da-voz-a-las-mujeres-cristianas-iranies-su-fe-brilla-en-la-oscuridad-cvandaag\/#article","isPartOf":{"@id":"https:\/\/transformiran.com\/es\/redaccion\/pia-van-belen-da-voz-a-las-mujeres-cristianas-iranies-su-fe-brilla-en-la-oscuridad-cvandaag\/"},"author":{"name":"Ashleigh Bedford","@id":"https:\/\/transformiran.com\/es\/#\/schema\/person\/901d817bcb841b949dbba5fa2886bfe3"},"headline":"Pia van Belen da voz a las mujeres cristianas iran\u00edes: &#8220;Su fe brilla en la oscuridad Cvandaag","datePublished":"2025-02-10T18:23:56+00:00","dateModified":"2025-02-14T17:12:13+00:00","mainEntityOfPage":{"@id":"https:\/\/transformiran.com\/es\/redaccion\/pia-van-belen-da-voz-a-las-mujeres-cristianas-iranies-su-fe-brilla-en-la-oscuridad-cvandaag\/"},"wordCount":784,"commentCount":0,"publisher":{"@id":"https:\/\/transformiran.com\/es\/#organization"},"image":{"@id":"https:\/\/transformiran.com\/es\/redaccion\/pia-van-belen-da-voz-a-las-mujeres-cristianas-iranies-su-fe-brilla-en-la-oscuridad-cvandaag\/#primaryimage"},"thumbnailUrl":"https:\/\/transformiran.com\/app\/uploads\/2024\/12\/Pia-van-Belen.png","keywords":["Mujeres","Persecuci\u00f3n","Refugiados","Turqu\u00eda"],"articleSection":["Redacci\u00f3n"],"inLanguage":"es","potentialAction":[{"@type":"CommentAction","name":"Comment","target":["https:\/\/transformiran.com\/es\/redaccion\/pia-van-belen-da-voz-a-las-mujeres-cristianas-iranies-su-fe-brilla-en-la-oscuridad-cvandaag\/#respond"]}]},{"@type":"WebPage","@id":"https:\/\/transformiran.com\/es\/redaccion\/pia-van-belen-da-voz-a-las-mujeres-cristianas-iranies-su-fe-brilla-en-la-oscuridad-cvandaag\/","url":"https:\/\/transformiran.com\/es\/redaccion\/pia-van-belen-da-voz-a-las-mujeres-cristianas-iranies-su-fe-brilla-en-la-oscuridad-cvandaag\/","name":"Pia van Belen da voz a las mujeres cristianas iran\u00edes: \"Su fe brilla en la oscuridad Cvandaag - Transform Iran","isPartOf":{"@id":"https:\/\/transformiran.com\/es\/#website"},"primaryImageOfPage":{"@id":"https:\/\/transformiran.com\/es\/redaccion\/pia-van-belen-da-voz-a-las-mujeres-cristianas-iranies-su-fe-brilla-en-la-oscuridad-cvandaag\/#primaryimage"},"image":{"@id":"https:\/\/transformiran.com\/es\/redaccion\/pia-van-belen-da-voz-a-las-mujeres-cristianas-iranies-su-fe-brilla-en-la-oscuridad-cvandaag\/#primaryimage"},"thumbnailUrl":"https:\/\/transformiran.com\/app\/uploads\/2024\/12\/Pia-van-Belen.png","datePublished":"2025-02-10T18:23:56+00:00","dateModified":"2025-02-14T17:12:13+00:00","breadcrumb":{"@id":"https:\/\/transformiran.com\/es\/redaccion\/pia-van-belen-da-voz-a-las-mujeres-cristianas-iranies-su-fe-brilla-en-la-oscuridad-cvandaag\/#breadcrumb"},"inLanguage":"es","potentialAction":[{"@type":"ReadAction","target":["https:\/\/transformiran.com\/es\/redaccion\/pia-van-belen-da-voz-a-las-mujeres-cristianas-iranies-su-fe-brilla-en-la-oscuridad-cvandaag\/"]}]},{"@type":"ImageObject","inLanguage":"es","@id":"https:\/\/transformiran.com\/es\/redaccion\/pia-van-belen-da-voz-a-las-mujeres-cristianas-iranies-su-fe-brilla-en-la-oscuridad-cvandaag\/#primaryimage","url":"https:\/\/transformiran.com\/app\/uploads\/2024\/12\/Pia-van-Belen.png","contentUrl":"https:\/\/transformiran.com\/app\/uploads\/2024\/12\/Pia-van-Belen.png","width":853,"height":641},{"@type":"BreadcrumbList","@id":"https:\/\/transformiran.com\/es\/redaccion\/pia-van-belen-da-voz-a-las-mujeres-cristianas-iranies-su-fe-brilla-en-la-oscuridad-cvandaag\/#breadcrumb","itemListElement":[{"@type":"ListItem","position":1,"name":"Home","item":"https:\/\/transformiran.com\/es\/inicio-2\/"},{"@type":"ListItem","position":2,"name":"Pia van Belen da voz a las mujeres cristianas iran\u00edes: &#8220;Su fe brilla en la oscuridad Cvandaag"}]},{"@type":"WebSite","@id":"https:\/\/transformiran.com\/es\/#website","url":"https:\/\/transformiran.com\/es\/","name":"Transform Iran","description":"Bringing the love and power of Christ to Iran - and beyond","publisher":{"@id":"https:\/\/transformiran.com\/es\/#organization"},"potentialAction":[{"@type":"SearchAction","target":{"@type":"EntryPoint","urlTemplate":"https:\/\/transformiran.com\/es\/?s={search_term_string}"},"query-input":{"@type":"PropertyValueSpecification","valueRequired":true,"valueName":"search_term_string"}}],"inLanguage":"es"},{"@type":"Organization","@id":"https:\/\/transformiran.com\/es\/#organization","name":"Transform Iran","url":"https:\/\/transformiran.com\/es\/","logo":{"@type":"ImageObject","inLanguage":"es","@id":"https:\/\/transformiran.com\/es\/#\/schema\/logo\/image\/","url":"https:\/\/transformiran.com\/app\/uploads\/2022\/11\/logo_grey.jpg","contentUrl":"https:\/\/transformiran.com\/app\/uploads\/2022\/11\/logo_grey.jpg","width":528,"height":90,"caption":"Transform Iran"},"image":{"@id":"https:\/\/transformiran.com\/es\/#\/schema\/logo\/image\/"},"sameAs":["https:\/\/www.facebook.com\/222MinistriesUSAInc","https:\/\/x.com\/222minint","https:\/\/www.instagram.com\/222ministriesinternational\/"]},{"@type":"Person","@id":"https:\/\/transformiran.com\/es\/#\/schema\/person\/901d817bcb841b949dbba5fa2886bfe3","name":"Ashleigh Bedford","image":{"@type":"ImageObject","inLanguage":"es","@id":"https:\/\/secure.gravatar.com\/avatar\/fe25a0a0785840df62a592de76ed79e48013f590cc9a874b448f15b293751483?s=96&d=mm&r=g","url":"https:\/\/secure.gravatar.com\/avatar\/fe25a0a0785840df62a592de76ed79e48013f590cc9a874b448f15b293751483?s=96&d=mm&r=g","contentUrl":"https:\/\/secure.gravatar.com\/avatar\/fe25a0a0785840df62a592de76ed79e48013f590cc9a874b448f15b293751483?s=96&d=mm&r=g","caption":"Ashleigh Bedford"},"url":"https:\/\/transformiran.com\/es\/author\/ashleigh\/"}]}},"_links":{"self":[{"href":"https:\/\/transformiran.com\/es\/wp-json\/wp\/v2\/posts\/29118","targetHints":{"allow":["GET"]}}],"collection":[{"href":"https:\/\/transformiran.com\/es\/wp-json\/wp\/v2\/posts"}],"about":[{"href":"https:\/\/transformiran.com\/es\/wp-json\/wp\/v2\/types\/post"}],"author":[{"embeddable":true,"href":"https:\/\/transformiran.com\/es\/wp-json\/wp\/v2\/users\/6"}],"replies":[{"embeddable":true,"href":"https:\/\/transformiran.com\/es\/wp-json\/wp\/v2\/comments?post=29118"}],"version-history":[{"count":0,"href":"https:\/\/transformiran.com\/es\/wp-json\/wp\/v2\/posts\/29118\/revisions"}],"wp:featuredmedia":[{"embeddable":true,"href":"https:\/\/transformiran.com\/es\/wp-json\/wp\/v2\/media\/28158"}],"wp:attachment":[{"href":"https:\/\/transformiran.com\/es\/wp-json\/wp\/v2\/media?parent=29118"}],"wp:term":[{"taxonomy":"category","embeddable":true,"href":"https:\/\/transformiran.com\/es\/wp-json\/wp\/v2\/categories?post=29118"},{"taxonomy":"post_tag","embeddable":true,"href":"https:\/\/transformiran.com\/es\/wp-json\/wp\/v2\/tags?post=29118"}],"curies":[{"name":"wp","href":"https:\/\/api.w.org\/{rel}","templated":true}]}}