{"id":37701,"date":"2026-04-07T20:06:06","date_gmt":"2026-04-07T19:06:06","guid":{"rendered":"https:\/\/transformiran.com\/sin-categorizar\/sal-y-luz-el-cristianismo-en-iran-hoy-persecucion-e-iglesia-en-crecimiento\/"},"modified":"2026-04-27T17:02:57","modified_gmt":"2026-04-27T16:02:57","slug":"sal-y-luz-el-cristianismo-en-iran-hoy-persecucion-e-iglesia-en-crecimiento","status":"publish","type":"post","link":"https:\/\/transformiran.com\/es\/redaccion\/sal-y-luz-el-cristianismo-en-iran-hoy-persecucion-e-iglesia-en-crecimiento\/","title":{"rendered":"Sal y Luz: El cristianismo en Ir\u00e1n hoy: persecuci\u00f3n e iglesia en crecimiento"},"content":{"rendered":"\n<p class=\"has-medium-font-size\">Mientras Ir\u00e1n sigue dominando los titulares mundiales -con protestas, violentas medidas represivas y una escalada del conflicto-, la realidad dentro del pa\u00eds es m\u00e1s devastadora y compleja de lo que muchos creen.  <\/p>\n\n<p class=\"has-medium-font-size\">En este podcast de voz con Release International, L\u00e1zaro Yeghnazar, fundador de Transform Iran, ofrece una perspectiva poco com\u00fan y profundamente personal. Bas\u00e1ndose en d\u00e9cadas de conexi\u00f3n con el pa\u00eds y su iglesia clandestina, describe una naci\u00f3n sometida a una inmensa presi\u00f3n, pero que tambi\u00e9n est\u00e1 experimentando un extraordinario cambio espiritual. <\/p>\n\n<figure class=\"wp-block-audio\"><audio controls=\"\" src=\"https:\/\/transformiran.com\/app\/uploads\/2026\/04\/salt-and-light-the-church-in-iran.mp3\"><\/audio><\/figure>\n\n<h2 class=\"wp-block-heading\">&#8220;Esto no es una represi\u00f3n, es brutalidad&#8221;<\/h2>\n\n<p>Los informes internacionales han descrito una &#8220;fuerte represi\u00f3n&#8221; de las protestas. Yeghnazar es claro: ese lenguaje no va lo suficientemente lejos. <\/p>\n\n<p>Describe lo que est\u00e1 ocurriendo como &#8220;una completa barbarie&#8221;, con j\u00f3venes, estudiantes e incluso trabajadores m\u00e9dicos atrapados en la violencia. Algunos de los relatos m\u00e1s aleccionadores no son los de los manifestantes, sino los de quienes intentan ayudarles.   <\/p>\n\n<blockquote class=\"wp-block-quote is-layout-flow wp-block-quote-is-layout-flow\">\n<p>M\u00e9dicos y enfermeras han sido detenidos o incluso asesinados simplemente por atender a los heridos. En un caso, dispararon a quemarropa a un trabajador cristiano, no por protestar, sino por ayudar a los heridos. <\/p>\n<\/blockquote>\n\n<p>Esto, explica, refleja algo m\u00e1s profundo que el malestar pol\u00edtico. Se trata de un sistema que considera la disensi\u00f3n -cualquier disensi\u00f3n- como una amenaza que hay que eliminar. <\/p>\n\n<h3 class=\"wp-block-heading\">Una naci\u00f3n bajo presi\u00f3n a largo plazo<\/h3>\n\n<p>Las protestas no surgieron de la nada. Son el resultado de a\u00f1os de represi\u00f3n, desigualdad y creciente frustraci\u00f3n, sobre todo entre los j\u00f3venes. <\/p>\n\n<blockquote class=\"wp-block-quote is-layout-flow wp-block-quote-is-layout-flow\">\n<p>No se trata s\u00f3lo de control pol\u00edtico. Se trata de un r\u00e9gimen que ve la naci\u00f3n como algo que le pertenece. <\/p>\n<\/blockquote>\n\n<p>Las consecuencias son graves. Seg\u00fan los informes, decenas de miles de personas han muerto en las represiones, y muchas m\u00e1s han sido encarceladas. Siguen apareciendo historias horribles de adolescentes sometidos a abusos y traumas durante su detenci\u00f3n.  <\/p>\n\n<p>La situaci\u00f3n no puede entenderse simplemente como un &#8220;momento de agitaci\u00f3n&#8221;.<\/p>\n\n<h3 class=\"wp-block-heading\">Conflicto, sufrimiento y una respuesta dividida<\/h3>\n\n<p>Hablando del reciente conflicto, Yeghnazar utiliza una sorprendente analog\u00eda: \u00e9ste ha sido un c\u00e1ncer que ha crecido durante mucho tiempo y que ahora requiere una intervenci\u00f3n urgente y dolorosa.<\/p>\n\n<p>No celebra la destrucci\u00f3n. Pero explica por qu\u00e9 algunos iran\u00edes, sobre todo los que han sufrido d\u00e9cadas de represi\u00f3n, ven los acontecimientos de forma diferente a como lo hacen los observadores externos. <\/p>\n\n<blockquote class=\"wp-block-quote is-layout-flow wp-block-quote-is-layout-flow\">\n<p>Para muchos, no se trata de pol\u00edtica o geopol\u00edtica, sino de supervivencia. Se trata de eliminar lo que \u00e9l describe como las fuerzas que &#8220;asfixian a la naci\u00f3n&#8221;. <\/p>\n<\/blockquote>\n\n<p>Al mismo tiempo, el impacto humanitario es innegable. La poblaci\u00f3n civil est\u00e1 atrapada en las consecuencias. El miedo, la inestabilidad y la escasez aumentan r\u00e1pidamente.  <\/p>\n\n<h2 class=\"wp-block-heading\">La Iglesia: La fe visible tiene un coste<\/h2>\n\n<p>Para los cristianos de Ir\u00e1n, la persecuci\u00f3n no es te\u00f3rica, sino profundamente pr\u00e1ctica.<\/p>\n\n<p>Yeghnazar lo explica sencillamente: la fe en s\u00ed puede tolerarse, pero la fe visible no.<\/p>\n\n<p>Puedes ser cristiano tranquilamente. Pero en el momento en que empiezas a compartir tu fe, a discipular a otros o a bautizar a nuevos creyentes, entras en riesgo. Reflexiona sobre las ense\u00f1anzas de Jes\u00fas acerca de ser sal y luz, y c\u00f3mo se manifiestan en el Ir\u00e1n actual. En efecto, a los creyentes se les dice: sed sal, pero no demasiado salados; sed luz, pero no brill\u00e9is demasiado.   <\/p>\n\n<blockquote class=\"wp-block-quote is-layout-flow wp-block-quote-is-layout-flow\">\n<p>La realidad es que cuando la fe se hace visible -cuando empieza a transformar a los dem\u00e1s- es cuando surge la oposici\u00f3n.<\/p>\n<\/blockquote>\n\n<p>Y, sin embargo, \u00e9sta es exactamente la raz\u00f3n por la que la Iglesia en Ir\u00e1n sigue creciendo.<\/p>\n\n<h3 class=\"wp-block-heading\">Una historia olvidada: Los misioneros que vinieron antes<\/h3>\n\n<p>Mucho antes de la iglesia clandestina actual, Ir\u00e1n fue moldeado por generaciones de misioneros cristianos.<\/p>\n\n<p>Construyeron hospitales, escuelas y sirvieron a comunidades de todo el pa\u00eds, a menudo con un gran coste personal. Muchos pasaron all\u00ed toda su vida y est\u00e1n enterrados en suelo iran\u00ed.   <\/p>\n\n<p>Y sin embargo, a pesar de todo su sacrificio, hubo pocos frutos visibles en aquel momento. Tras m\u00e1s de un siglo de trabajo, s\u00f3lo se conoc\u00edan unos cientos de creyentes de origen musulm\u00e1n. <\/p>\n\n<p>Yeghnazar explica que m\u00e1s tarde el r\u00e9gimen acus\u00f3 falsamente a esos mismos misioneros de ser esp\u00edas extranjeros.<\/p>\n\n<blockquote class=\"wp-block-quote is-layout-flow wp-block-quote-is-layout-flow\">\n<p>Vinieron, no por pol\u00edtica o poder, sino para servir.<\/p>\n<\/blockquote>\n\n<p>Y su legado s\u00f3lo ahora se est\u00e1 realizando plenamente.<\/p>\n\n<h3 class=\"wp-block-heading\">De un pu\u00f1ado de creyentes a un movimiento creciente<\/h3>\n\n<p>Lo que ha ocurrido en las \u00faltimas d\u00e9cadas es notable. De unos pocos cientos de creyentes, el n\u00famero de cristianos en Ir\u00e1n ha crecido hasta superar con creces el mill\u00f3n. <\/p>\n\n<p>Este crecimiento no ha seguido los patrones t\u00edpicos. No ha sido impulsado principalmente por la evangelizaci\u00f3n p\u00fablica o la expansi\u00f3n institucional. En cambio, muchos iran\u00edes est\u00e1n encontrando a Jes\u00fas personalmente, a menudo antes de hablar con otro cristiano.  <\/p>\n\n<p>Yeghnazar describe el importante papel que desempe\u00f1an <a href=\"https:\/\/transformiran.com\/es\/redaccion\/cada-vez-mas-musulmanes-encuentran-a-jesus-en-suenos-cbn-news\/\" target=\"_blank\" rel=\"noreferrer noopener\">los sue\u00f1os y las visiones<\/a>. En todo el pa\u00eds, personas de distintos or\u00edgenes -musulmanes, adictos, personas en crisis- informan de encuentros con Cristo. <\/p>\n\n<p>Es silencioso. Es personal. Pero est\u00e1 muy extendido. Y est\u00e1 remodelando el paisaje espiritual de la naci\u00f3n.   <\/p>\n\n<h2 class=\"wp-block-heading\">Prepararse para lo que viene despu\u00e9s<\/h2>\n\n<p>Mientras gran parte del mundo se centra en la crisis actual, Transform Iran lleva d\u00e9cadas mirando hacia el futuro.<\/p>\n\n<p>Cada vez hay m\u00e1s conciencia de que si el pa\u00eds se abre -sea gradual o repentinamente- las necesidades ser\u00e1n inmensas. Los traumas son profundos. Las familias est\u00e1n fracturadas. La adicci\u00f3n, la pobreza y las heridas emocionales afectan a millones de personas.   <\/p>\n\n<p>Yeghnazar habla de a\u00f1os de planificaci\u00f3n activa: c\u00f3mo proporcionar asesoramiento, c\u00f3mo apoyar la recuperaci\u00f3n, c\u00f3mo reconstruir vidas y comunidades.<\/p>\n\n<p>La visi\u00f3n no es s\u00f3lo evangelizaci\u00f3n, sino restauraci\u00f3n. No s\u00f3lo supervivencia, sino curaci\u00f3n. <\/p>\n\n<p><a href=\"https:\/\/transformiran.com\/es\/nuestro-trabajo\/perla-de-persia\/\" target=\"_blank\" rel=\"noreferrer noopener\">Lee c\u00f3mo Pearl of Persia aporta curaci\u00f3n y restauraci\u00f3n a quienes superan traumas, adicciones y abusos<\/a><\/p>\n\n<h2 class=\"wp-block-heading\">Un futuro que impacta en el mundo<\/h2>\n\n<p>A pesar de todo, Yeghnazar sigue convencido de que la historia de Ir\u00e1n no ha terminado.<\/p>\n\n<p>Cree que el pa\u00eds se abrir\u00e1, de un modo u otro. Y cuando lo haga, la Iglesia no s\u00f3lo crecer\u00e1 internamente, sino que empezar\u00e1 a enviar hacia fuera. <\/p>\n\n<blockquote class=\"wp-block-quote is-layout-flow wp-block-quote-is-layout-flow\">\n<p>Existe la visi\u00f3n de que los creyentes iran\u00edes se conviertan en misioneros, llevando su fe a otras naciones, incluidas partes del mundo en las que la Iglesia se ha acomodado o callado.<\/p>\n<\/blockquote>\n\n<p>Es una inversi\u00f3n sorprendente: de uno de los entornos m\u00e1s reprimidos a una fuente de renovaci\u00f3n.<\/p>\n\n<h2 class=\"wp-block-heading\">Una llamada a rezar y a permanecer unidos<\/h2>\n\n<p class=\"has-medium-font-size\"><strong>Las necesidades en Ir\u00e1n son urgentes.<\/strong>  Este es un momento tanto de crisis como de oportunidad.<\/p>\n\n<p>Los cristianos se enfrentan a la presi\u00f3n y la incertidumbre. Las familias luchan por el aprovisionamiento b\u00e1sico, sobre todo porque la inestabilidad afecta a la vida cotidiana. El acceso a los alimentos, la atenci\u00f3n m\u00e9dica y la seguridad no est\u00e1 garantizado.  <\/p>\n\n<p>Y sin embargo, hay resiliencia. Hay valor. Y hay fe.  <\/p>\n\n<p>Los creyentes de todo el mundo pueden responder activamente:<\/p>\n\n<ul class=\"wp-block-list\">\n<li><strong><a href=\"https:\/\/transformiran.com\/es\/reza\/\">Reza<\/a><\/strong> por protecci\u00f3n, provisi\u00f3n y audacia para los creyentes. Reza por el cambio, incluso dentro del liderazgo. Reza por sabidur\u00eda para que los ministerios respondan en un momento de creciente necesidad.  <\/li>\n\n\n\n<li><strong><a href=\"https:\/\/transformiran.com\/es\/suscripcion-al-boletin\/\">Mantente informado<\/a><\/strong> con actualizaciones reales desde el interior de Ir\u00e1n: suscr\u00edbete a nuestro bolet\u00edn mensual.<\/li>\n\n\n\n<li><strong><a href=\"https:\/\/transformiran.com\/es\/donar\/\">Haz una donaci\u00f3n a<\/a><\/strong> para ayudar a proporcionar ayuda humanitaria urgente, atenci\u00f3n traumatol\u00f3gica y discipulado centrado en el Evangelio.<\/li>\n<\/ul>\n\n<p class=\"has-medium-font-size\">Y para los que observan desde fuera, es una invitaci\u00f3n, no s\u00f3lo a estar informados, sino a participar.<\/p>\n\n<p><\/p>\n\n<p><em>Publicado originalmente en: <a href=\"https:\/\/releaseinternational.org\/podcast\/\" target=\"_blank\" rel=\"noreferrer noopener\">Release International<\/a><\/em><\/p>\n\n<p><\/p>\n","protected":false},"excerpt":{"rendered":"<p>Mientras Ir\u00e1n domina los titulares mundiales con protestas, violentas medidas represivas y una escalada del conflicto, la realidad dentro del pa\u00eds es mucho m\u00e1s compleja. En este podcast de La Voz con Release International, L\u00e1zaro Yeghnazar comparte una perspectiva poco com\u00fan y personal sobre una naci\u00f3n bajo presi\u00f3n y una iglesia clandestina que experimenta un crecimiento espiritual sin precedentes. <\/p>\n","protected":false},"author":6,"featured_media":37694,"comment_status":"open","ping_status":"open","sticky":false,"template":"","format":"standard","meta":{"_acf_changed":false,"give_campaign_id":0,"om_disable_all_campaigns":false,"_mi_skip_tracking":false,"footnotes":""},"categories":[161],"tags":[174,165,332,152,159],"class_list":["post-37701","post","type-post","status-publish","format-standard","has-post-thumbnail","hentry","category-redaccion","tag-crisis-humanitaria-2","tag-gobierno","tag-iglesia-perseguida","tag-iran-es","tag-transformacion"],"acf":[],"yoast_head":"<!-- This site is optimized with the Yoast SEO plugin v27.3 - https:\/\/yoast.com\/product\/yoast-seo-wordpress\/ -->\n<title>Sal y Luz: El cristianismo en Ir\u00e1n hoy: persecuci\u00f3n e iglesia en crecimiento - Transform Iran<\/title>\n<meta name=\"description\" content=\"Mientras Ir\u00e1n se enfrenta a protestas, medidas en\u00e9rgicas y conflictos, L\u00e1zaro Yeghnazar comparte su visi\u00f3n sobre la crisis, la persecuci\u00f3n y el crecimiento de la Iglesia clandestina.\" \/>\n<meta name=\"robots\" content=\"index, follow, max-snippet:-1, max-image-preview:large, max-video-preview:-1\" \/>\n<link rel=\"canonical\" href=\"https:\/\/transformiran.com\/es\/redaccion\/sal-y-luz-el-cristianismo-en-iran-hoy-persecucion-e-iglesia-en-crecimiento\/\" \/>\n<meta property=\"og:locale\" content=\"es_ES\" \/>\n<meta property=\"og:type\" content=\"article\" \/>\n<meta property=\"og:title\" content=\"Sal y Luz: El cristianismo en Ir\u00e1n hoy: persecuci\u00f3n e iglesia en crecimiento - Transform Iran\" \/>\n<meta property=\"og:description\" content=\"Mientras Ir\u00e1n se enfrenta a protestas, medidas en\u00e9rgicas y conflictos, L\u00e1zaro Yeghnazar comparte su visi\u00f3n sobre la crisis, la persecuci\u00f3n y el crecimiento de la Iglesia clandestina.\" \/>\n<meta property=\"og:url\" content=\"https:\/\/transformiran.com\/es\/redaccion\/sal-y-luz-el-cristianismo-en-iran-hoy-persecucion-e-iglesia-en-crecimiento\/\" \/>\n<meta property=\"og:site_name\" content=\"Transform Iran\" \/>\n<meta property=\"article:publisher\" content=\"https:\/\/www.facebook.com\/222MinistriesUSAInc\" \/>\n<meta property=\"article:published_time\" content=\"2026-04-07T19:06:06+00:00\" \/>\n<meta property=\"article:modified_time\" content=\"2026-04-27T16:02:57+00:00\" \/>\n<meta property=\"og:image\" content=\"https:\/\/transformiran.com\/app\/uploads\/2026\/04\/release_interntional_lazarus_worship.jpg\" \/>\n\t<meta property=\"og:image:width\" content=\"1920\" \/>\n\t<meta property=\"og:image:height\" content=\"555\" \/>\n\t<meta property=\"og:image:type\" content=\"image\/jpeg\" \/>\n<meta name=\"author\" content=\"Ashleigh Bedford\" \/>\n<meta name=\"twitter:card\" content=\"summary_large_image\" \/>\n<meta name=\"twitter:creator\" content=\"@222minint\" \/>\n<meta name=\"twitter:site\" content=\"@222minint\" \/>\n<meta name=\"twitter:label1\" content=\"Escrito por\" \/>\n\t<meta name=\"twitter:data1\" content=\"Ashleigh Bedford\" \/>\n\t<meta name=\"twitter:label2\" content=\"Tiempo de lectura\" \/>\n\t<meta name=\"twitter:data2\" content=\"7 minutos\" \/>\n<script type=\"application\/ld+json\" class=\"yoast-schema-graph\">{\"@context\":\"https:\\\/\\\/schema.org\",\"@graph\":[{\"@type\":\"Article\",\"@id\":\"https:\\\/\\\/transformiran.com\\\/es\\\/redaccion\\\/sal-y-luz-el-cristianismo-en-iran-hoy-persecucion-e-iglesia-en-crecimiento\\\/#article\",\"isPartOf\":{\"@id\":\"https:\\\/\\\/transformiran.com\\\/es\\\/redaccion\\\/sal-y-luz-el-cristianismo-en-iran-hoy-persecucion-e-iglesia-en-crecimiento\\\/\"},\"author\":{\"name\":\"Ashleigh Bedford\",\"@id\":\"https:\\\/\\\/transformiran.com\\\/es\\\/#\\\/schema\\\/person\\\/901d817bcb841b949dbba5fa2886bfe3\"},\"headline\":\"Sal y Luz: El cristianismo en Ir\u00e1n hoy: persecuci\u00f3n e iglesia en crecimiento\",\"datePublished\":\"2026-04-07T19:06:06+00:00\",\"dateModified\":\"2026-04-27T16:02:57+00:00\",\"mainEntityOfPage\":{\"@id\":\"https:\\\/\\\/transformiran.com\\\/es\\\/redaccion\\\/sal-y-luz-el-cristianismo-en-iran-hoy-persecucion-e-iglesia-en-crecimiento\\\/\"},\"wordCount\":1355,\"commentCount\":0,\"publisher\":{\"@id\":\"https:\\\/\\\/transformiran.com\\\/es\\\/#organization\"},\"image\":{\"@id\":\"https:\\\/\\\/transformiran.com\\\/es\\\/redaccion\\\/sal-y-luz-el-cristianismo-en-iran-hoy-persecucion-e-iglesia-en-crecimiento\\\/#primaryimage\"},\"thumbnailUrl\":\"https:\\\/\\\/transformiran.com\\\/app\\\/uploads\\\/2026\\\/04\\\/release_interntional_lazarus_worship.jpg\",\"keywords\":[\"Crisis humanitaria\",\"Gobierno\",\"Iglesia Perseguida\",\"Ir\u00e1n\",\"Transformaci\u00f3n\"],\"articleSection\":[\"Redacci\u00f3n\"],\"inLanguage\":\"es\",\"potentialAction\":[{\"@type\":\"CommentAction\",\"name\":\"Comment\",\"target\":[\"https:\\\/\\\/transformiran.com\\\/es\\\/redaccion\\\/sal-y-luz-el-cristianismo-en-iran-hoy-persecucion-e-iglesia-en-crecimiento\\\/#respond\"]}]},{\"@type\":\"WebPage\",\"@id\":\"https:\\\/\\\/transformiran.com\\\/es\\\/redaccion\\\/sal-y-luz-el-cristianismo-en-iran-hoy-persecucion-e-iglesia-en-crecimiento\\\/\",\"url\":\"https:\\\/\\\/transformiran.com\\\/es\\\/redaccion\\\/sal-y-luz-el-cristianismo-en-iran-hoy-persecucion-e-iglesia-en-crecimiento\\\/\",\"name\":\"Sal y Luz: El cristianismo en Ir\u00e1n hoy: persecuci\u00f3n e iglesia en crecimiento - Transform Iran\",\"isPartOf\":{\"@id\":\"https:\\\/\\\/transformiran.com\\\/es\\\/#website\"},\"primaryImageOfPage\":{\"@id\":\"https:\\\/\\\/transformiran.com\\\/es\\\/redaccion\\\/sal-y-luz-el-cristianismo-en-iran-hoy-persecucion-e-iglesia-en-crecimiento\\\/#primaryimage\"},\"image\":{\"@id\":\"https:\\\/\\\/transformiran.com\\\/es\\\/redaccion\\\/sal-y-luz-el-cristianismo-en-iran-hoy-persecucion-e-iglesia-en-crecimiento\\\/#primaryimage\"},\"thumbnailUrl\":\"https:\\\/\\\/transformiran.com\\\/app\\\/uploads\\\/2026\\\/04\\\/release_interntional_lazarus_worship.jpg\",\"datePublished\":\"2026-04-07T19:06:06+00:00\",\"dateModified\":\"2026-04-27T16:02:57+00:00\",\"description\":\"Mientras Ir\u00e1n se enfrenta a protestas, medidas en\u00e9rgicas y conflictos, L\u00e1zaro Yeghnazar comparte su visi\u00f3n sobre la crisis, la persecuci\u00f3n y el crecimiento de la Iglesia clandestina.\",\"breadcrumb\":{\"@id\":\"https:\\\/\\\/transformiran.com\\\/es\\\/redaccion\\\/sal-y-luz-el-cristianismo-en-iran-hoy-persecucion-e-iglesia-en-crecimiento\\\/#breadcrumb\"},\"inLanguage\":\"es\",\"potentialAction\":[{\"@type\":\"ReadAction\",\"target\":[\"https:\\\/\\\/transformiran.com\\\/es\\\/redaccion\\\/sal-y-luz-el-cristianismo-en-iran-hoy-persecucion-e-iglesia-en-crecimiento\\\/\"]}]},{\"@type\":\"ImageObject\",\"inLanguage\":\"es\",\"@id\":\"https:\\\/\\\/transformiran.com\\\/es\\\/redaccion\\\/sal-y-luz-el-cristianismo-en-iran-hoy-persecucion-e-iglesia-en-crecimiento\\\/#primaryimage\",\"url\":\"https:\\\/\\\/transformiran.com\\\/app\\\/uploads\\\/2026\\\/04\\\/release_interntional_lazarus_worship.jpg\",\"contentUrl\":\"https:\\\/\\\/transformiran.com\\\/app\\\/uploads\\\/2026\\\/04\\\/release_interntional_lazarus_worship.jpg\",\"width\":1920,\"height\":555},{\"@type\":\"BreadcrumbList\",\"@id\":\"https:\\\/\\\/transformiran.com\\\/es\\\/redaccion\\\/sal-y-luz-el-cristianismo-en-iran-hoy-persecucion-e-iglesia-en-crecimiento\\\/#breadcrumb\",\"itemListElement\":[{\"@type\":\"ListItem\",\"position\":1,\"name\":\"Home\",\"item\":\"https:\\\/\\\/transformiran.com\\\/es\\\/inicio-2\\\/\"},{\"@type\":\"ListItem\",\"position\":2,\"name\":\"Sal y Luz: El cristianismo en Ir\u00e1n hoy: persecuci\u00f3n e iglesia en crecimiento\"}]},{\"@type\":\"WebSite\",\"@id\":\"https:\\\/\\\/transformiran.com\\\/es\\\/#website\",\"url\":\"https:\\\/\\\/transformiran.com\\\/es\\\/\",\"name\":\"Transform Iran\",\"description\":\"Bringing the love and power of Christ to Iran - and beyond\",\"publisher\":{\"@id\":\"https:\\\/\\\/transformiran.com\\\/es\\\/#organization\"},\"potentialAction\":[{\"@type\":\"SearchAction\",\"target\":{\"@type\":\"EntryPoint\",\"urlTemplate\":\"https:\\\/\\\/transformiran.com\\\/es\\\/?s={search_term_string}\"},\"query-input\":{\"@type\":\"PropertyValueSpecification\",\"valueRequired\":true,\"valueName\":\"search_term_string\"}}],\"inLanguage\":\"es\"},{\"@type\":\"Organization\",\"@id\":\"https:\\\/\\\/transformiran.com\\\/es\\\/#organization\",\"name\":\"Transform Iran\",\"url\":\"https:\\\/\\\/transformiran.com\\\/es\\\/\",\"logo\":{\"@type\":\"ImageObject\",\"inLanguage\":\"es\",\"@id\":\"https:\\\/\\\/transformiran.com\\\/es\\\/#\\\/schema\\\/logo\\\/image\\\/\",\"url\":\"https:\\\/\\\/transformiran.com\\\/app\\\/uploads\\\/2022\\\/11\\\/logo_grey.jpg\",\"contentUrl\":\"https:\\\/\\\/transformiran.com\\\/app\\\/uploads\\\/2022\\\/11\\\/logo_grey.jpg\",\"width\":528,\"height\":90,\"caption\":\"Transform Iran\"},\"image\":{\"@id\":\"https:\\\/\\\/transformiran.com\\\/es\\\/#\\\/schema\\\/logo\\\/image\\\/\"},\"sameAs\":[\"https:\\\/\\\/www.facebook.com\\\/222MinistriesUSAInc\",\"https:\\\/\\\/x.com\\\/222minint\",\"https:\\\/\\\/www.instagram.com\\\/222ministriesinternational\\\/\"]},{\"@type\":\"Person\",\"@id\":\"https:\\\/\\\/transformiran.com\\\/es\\\/#\\\/schema\\\/person\\\/901d817bcb841b949dbba5fa2886bfe3\",\"name\":\"Ashleigh Bedford\",\"image\":{\"@type\":\"ImageObject\",\"inLanguage\":\"es\",\"@id\":\"https:\\\/\\\/secure.gravatar.com\\\/avatar\\\/fe25a0a0785840df62a592de76ed79e48013f590cc9a874b448f15b293751483?s=96&d=mm&r=g\",\"url\":\"https:\\\/\\\/secure.gravatar.com\\\/avatar\\\/fe25a0a0785840df62a592de76ed79e48013f590cc9a874b448f15b293751483?s=96&d=mm&r=g\",\"contentUrl\":\"https:\\\/\\\/secure.gravatar.com\\\/avatar\\\/fe25a0a0785840df62a592de76ed79e48013f590cc9a874b448f15b293751483?s=96&d=mm&r=g\",\"caption\":\"Ashleigh Bedford\"},\"url\":\"https:\\\/\\\/transformiran.com\\\/es\\\/author\\\/ashleigh\\\/\"}]}<\/script>\n<!-- \/ Yoast SEO plugin. -->","yoast_head_json":{"title":"Sal y Luz: El cristianismo en Ir\u00e1n hoy: persecuci\u00f3n e iglesia en crecimiento - Transform Iran","description":"Mientras Ir\u00e1n se enfrenta a protestas, medidas en\u00e9rgicas y conflictos, L\u00e1zaro Yeghnazar comparte su visi\u00f3n sobre la crisis, la persecuci\u00f3n y el crecimiento de la Iglesia clandestina.","robots":{"index":"index","follow":"follow","max-snippet":"max-snippet:-1","max-image-preview":"max-image-preview:large","max-video-preview":"max-video-preview:-1"},"canonical":"https:\/\/transformiran.com\/es\/redaccion\/sal-y-luz-el-cristianismo-en-iran-hoy-persecucion-e-iglesia-en-crecimiento\/","og_locale":"es_ES","og_type":"article","og_title":"Sal y Luz: El cristianismo en Ir\u00e1n hoy: persecuci\u00f3n e iglesia en crecimiento - Transform Iran","og_description":"Mientras Ir\u00e1n se enfrenta a protestas, medidas en\u00e9rgicas y conflictos, L\u00e1zaro Yeghnazar comparte su visi\u00f3n sobre la crisis, la persecuci\u00f3n y el crecimiento de la Iglesia clandestina.","og_url":"https:\/\/transformiran.com\/es\/redaccion\/sal-y-luz-el-cristianismo-en-iran-hoy-persecucion-e-iglesia-en-crecimiento\/","og_site_name":"Transform Iran","article_publisher":"https:\/\/www.facebook.com\/222MinistriesUSAInc","article_published_time":"2026-04-07T19:06:06+00:00","article_modified_time":"2026-04-27T16:02:57+00:00","og_image":[{"width":1920,"height":555,"url":"https:\/\/transformiran.com\/app\/uploads\/2026\/04\/release_interntional_lazarus_worship.jpg","type":"image\/jpeg"}],"author":"Ashleigh Bedford","twitter_card":"summary_large_image","twitter_creator":"@222minint","twitter_site":"@222minint","twitter_misc":{"Escrito por":"Ashleigh Bedford","Tiempo de lectura":"7 minutos"},"schema":{"@context":"https:\/\/schema.org","@graph":[{"@type":"Article","@id":"https:\/\/transformiran.com\/es\/redaccion\/sal-y-luz-el-cristianismo-en-iran-hoy-persecucion-e-iglesia-en-crecimiento\/#article","isPartOf":{"@id":"https:\/\/transformiran.com\/es\/redaccion\/sal-y-luz-el-cristianismo-en-iran-hoy-persecucion-e-iglesia-en-crecimiento\/"},"author":{"name":"Ashleigh Bedford","@id":"https:\/\/transformiran.com\/es\/#\/schema\/person\/901d817bcb841b949dbba5fa2886bfe3"},"headline":"Sal y Luz: El cristianismo en Ir\u00e1n hoy: persecuci\u00f3n e iglesia en crecimiento","datePublished":"2026-04-07T19:06:06+00:00","dateModified":"2026-04-27T16:02:57+00:00","mainEntityOfPage":{"@id":"https:\/\/transformiran.com\/es\/redaccion\/sal-y-luz-el-cristianismo-en-iran-hoy-persecucion-e-iglesia-en-crecimiento\/"},"wordCount":1355,"commentCount":0,"publisher":{"@id":"https:\/\/transformiran.com\/es\/#organization"},"image":{"@id":"https:\/\/transformiran.com\/es\/redaccion\/sal-y-luz-el-cristianismo-en-iran-hoy-persecucion-e-iglesia-en-crecimiento\/#primaryimage"},"thumbnailUrl":"https:\/\/transformiran.com\/app\/uploads\/2026\/04\/release_interntional_lazarus_worship.jpg","keywords":["Crisis humanitaria","Gobierno","Iglesia Perseguida","Ir\u00e1n","Transformaci\u00f3n"],"articleSection":["Redacci\u00f3n"],"inLanguage":"es","potentialAction":[{"@type":"CommentAction","name":"Comment","target":["https:\/\/transformiran.com\/es\/redaccion\/sal-y-luz-el-cristianismo-en-iran-hoy-persecucion-e-iglesia-en-crecimiento\/#respond"]}]},{"@type":"WebPage","@id":"https:\/\/transformiran.com\/es\/redaccion\/sal-y-luz-el-cristianismo-en-iran-hoy-persecucion-e-iglesia-en-crecimiento\/","url":"https:\/\/transformiran.com\/es\/redaccion\/sal-y-luz-el-cristianismo-en-iran-hoy-persecucion-e-iglesia-en-crecimiento\/","name":"Sal y Luz: El cristianismo en Ir\u00e1n hoy: persecuci\u00f3n e iglesia en crecimiento - Transform Iran","isPartOf":{"@id":"https:\/\/transformiran.com\/es\/#website"},"primaryImageOfPage":{"@id":"https:\/\/transformiran.com\/es\/redaccion\/sal-y-luz-el-cristianismo-en-iran-hoy-persecucion-e-iglesia-en-crecimiento\/#primaryimage"},"image":{"@id":"https:\/\/transformiran.com\/es\/redaccion\/sal-y-luz-el-cristianismo-en-iran-hoy-persecucion-e-iglesia-en-crecimiento\/#primaryimage"},"thumbnailUrl":"https:\/\/transformiran.com\/app\/uploads\/2026\/04\/release_interntional_lazarus_worship.jpg","datePublished":"2026-04-07T19:06:06+00:00","dateModified":"2026-04-27T16:02:57+00:00","description":"Mientras Ir\u00e1n se enfrenta a protestas, medidas en\u00e9rgicas y conflictos, L\u00e1zaro Yeghnazar comparte su visi\u00f3n sobre la crisis, la persecuci\u00f3n y el crecimiento de la Iglesia clandestina.","breadcrumb":{"@id":"https:\/\/transformiran.com\/es\/redaccion\/sal-y-luz-el-cristianismo-en-iran-hoy-persecucion-e-iglesia-en-crecimiento\/#breadcrumb"},"inLanguage":"es","potentialAction":[{"@type":"ReadAction","target":["https:\/\/transformiran.com\/es\/redaccion\/sal-y-luz-el-cristianismo-en-iran-hoy-persecucion-e-iglesia-en-crecimiento\/"]}]},{"@type":"ImageObject","inLanguage":"es","@id":"https:\/\/transformiran.com\/es\/redaccion\/sal-y-luz-el-cristianismo-en-iran-hoy-persecucion-e-iglesia-en-crecimiento\/#primaryimage","url":"https:\/\/transformiran.com\/app\/uploads\/2026\/04\/release_interntional_lazarus_worship.jpg","contentUrl":"https:\/\/transformiran.com\/app\/uploads\/2026\/04\/release_interntional_lazarus_worship.jpg","width":1920,"height":555},{"@type":"BreadcrumbList","@id":"https:\/\/transformiran.com\/es\/redaccion\/sal-y-luz-el-cristianismo-en-iran-hoy-persecucion-e-iglesia-en-crecimiento\/#breadcrumb","itemListElement":[{"@type":"ListItem","position":1,"name":"Home","item":"https:\/\/transformiran.com\/es\/inicio-2\/"},{"@type":"ListItem","position":2,"name":"Sal y Luz: El cristianismo en Ir\u00e1n hoy: persecuci\u00f3n e iglesia en crecimiento"}]},{"@type":"WebSite","@id":"https:\/\/transformiran.com\/es\/#website","url":"https:\/\/transformiran.com\/es\/","name":"Transform Iran","description":"Bringing the love and power of Christ to Iran - and beyond","publisher":{"@id":"https:\/\/transformiran.com\/es\/#organization"},"potentialAction":[{"@type":"SearchAction","target":{"@type":"EntryPoint","urlTemplate":"https:\/\/transformiran.com\/es\/?s={search_term_string}"},"query-input":{"@type":"PropertyValueSpecification","valueRequired":true,"valueName":"search_term_string"}}],"inLanguage":"es"},{"@type":"Organization","@id":"https:\/\/transformiran.com\/es\/#organization","name":"Transform Iran","url":"https:\/\/transformiran.com\/es\/","logo":{"@type":"ImageObject","inLanguage":"es","@id":"https:\/\/transformiran.com\/es\/#\/schema\/logo\/image\/","url":"https:\/\/transformiran.com\/app\/uploads\/2022\/11\/logo_grey.jpg","contentUrl":"https:\/\/transformiran.com\/app\/uploads\/2022\/11\/logo_grey.jpg","width":528,"height":90,"caption":"Transform Iran"},"image":{"@id":"https:\/\/transformiran.com\/es\/#\/schema\/logo\/image\/"},"sameAs":["https:\/\/www.facebook.com\/222MinistriesUSAInc","https:\/\/x.com\/222minint","https:\/\/www.instagram.com\/222ministriesinternational\/"]},{"@type":"Person","@id":"https:\/\/transformiran.com\/es\/#\/schema\/person\/901d817bcb841b949dbba5fa2886bfe3","name":"Ashleigh Bedford","image":{"@type":"ImageObject","inLanguage":"es","@id":"https:\/\/secure.gravatar.com\/avatar\/fe25a0a0785840df62a592de76ed79e48013f590cc9a874b448f15b293751483?s=96&d=mm&r=g","url":"https:\/\/secure.gravatar.com\/avatar\/fe25a0a0785840df62a592de76ed79e48013f590cc9a874b448f15b293751483?s=96&d=mm&r=g","contentUrl":"https:\/\/secure.gravatar.com\/avatar\/fe25a0a0785840df62a592de76ed79e48013f590cc9a874b448f15b293751483?s=96&d=mm&r=g","caption":"Ashleigh Bedford"},"url":"https:\/\/transformiran.com\/es\/author\/ashleigh\/"}]}},"_links":{"self":[{"href":"https:\/\/transformiran.com\/es\/wp-json\/wp\/v2\/posts\/37701","targetHints":{"allow":["GET"]}}],"collection":[{"href":"https:\/\/transformiran.com\/es\/wp-json\/wp\/v2\/posts"}],"about":[{"href":"https:\/\/transformiran.com\/es\/wp-json\/wp\/v2\/types\/post"}],"author":[{"embeddable":true,"href":"https:\/\/transformiran.com\/es\/wp-json\/wp\/v2\/users\/6"}],"replies":[{"embeddable":true,"href":"https:\/\/transformiran.com\/es\/wp-json\/wp\/v2\/comments?post=37701"}],"version-history":[{"count":4,"href":"https:\/\/transformiran.com\/es\/wp-json\/wp\/v2\/posts\/37701\/revisions"}],"predecessor-version":[{"id":37729,"href":"https:\/\/transformiran.com\/es\/wp-json\/wp\/v2\/posts\/37701\/revisions\/37729"}],"wp:featuredmedia":[{"embeddable":true,"href":"https:\/\/transformiran.com\/es\/wp-json\/wp\/v2\/media\/37694"}],"wp:attachment":[{"href":"https:\/\/transformiran.com\/es\/wp-json\/wp\/v2\/media?parent=37701"}],"wp:term":[{"taxonomy":"category","embeddable":true,"href":"https:\/\/transformiran.com\/es\/wp-json\/wp\/v2\/categories?post=37701"},{"taxonomy":"post_tag","embeddable":true,"href":"https:\/\/transformiran.com\/es\/wp-json\/wp\/v2\/tags?post=37701"}],"curies":[{"name":"wp","href":"https:\/\/api.w.org\/{rel}","templated":true}]}}