{"id":37763,"date":"2026-04-28T19:00:28","date_gmt":"2026-04-28T18:00:28","guid":{"rendered":"https:\/\/transformiran.com\/sin-categorizar\/el-historial-de-derechos-humanos-de-iran-se-somete-a-escrutinio-tras-su-nombramiento-en-la-onu\/"},"modified":"2026-04-30T19:44:44","modified_gmt":"2026-04-30T18:44:44","slug":"el-historial-de-derechos-humanos-de-iran-se-somete-a-escrutinio-tras-su-nombramiento-en-la-onu","status":"publish","type":"post","link":"https:\/\/transformiran.com\/es\/redaccion\/el-historial-de-derechos-humanos-de-iran-se-somete-a-escrutinio-tras-su-nombramiento-en-la-onu\/","title":{"rendered":"El historial de derechos humanos de Ir\u00e1n se somete a escrutinio tras su nombramiento en la ONU"},"content":{"rendered":"\n<p>Por Katey Hearth<\/p>\n\n<p class=\"has-medium-font-size\">Ir\u00e1n (MNN) &#8211; <strong><a href=\"https:\/\/abcnews.com\/International\/executions-protesters-iran-surge-start-war-human-rights\/story?id=132250133&amp;utm_source=chatgpt.com\" target=\"_blank\" rel=\"noreferrer noopener\">Los observadores de derechos humanos afirman que<\/a><\/strong> Ir\u00e1n ha estado matando a m\u00e1s manifestantes desde que comenz\u00f3 la guerra a finales de febrero.<\/p>\n\n<p>Se han producido ejecuciones <strong><a href=\"https:\/\/www.aol.com\/articles\/executions-protesters-iran-surge-since-202744943.html?utm_source=chatgpt.com\" target=\"_blank\" rel=\"noreferrer noopener\">casi todas las semanas<\/a><\/strong> desde mediados de marzo. <strong><a href=\"https:\/\/www.theguardian.com\/world\/2026\/apr\/25\/hanged-under-the-cover-of-war-letters-and-videos-tell-stories-of-iran-death-row-victims?utm_source=chatgpt.com\" target=\"_blank\" rel=\"noreferrer noopener\">En el \u00faltimo mes<\/a><\/strong>16 hombres -ocho presos pol\u00edticos y ocho manifestantes- han sido ahorcados en Ir\u00e1n.<\/p>\n\n<div class=\"wp-block-media-text is-stacked-on-mobile\" style=\"grid-template-columns:31% auto\"><figure class=\"wp-block-media-text__media\"><img loading=\"lazy\" decoding=\"async\" width=\"683\" height=\"1024\" src=\"https:\/\/transformiran.com\/app\/uploads\/2026\/04\/memorycatcher-noose-3271502-683x1024.jpg\" alt=\"\" class=\"wp-image-37380 size-full\" srcset=\"https:\/\/transformiran.com\/app\/uploads\/2026\/04\/memorycatcher-noose-3271502-683x1024.jpg 683w, https:\/\/transformiran.com\/app\/uploads\/2026\/04\/memorycatcher-noose-3271502-200x300.jpg 200w, https:\/\/transformiran.com\/app\/uploads\/2026\/04\/memorycatcher-noose-3271502-768x1152.jpg 768w, https:\/\/transformiran.com\/app\/uploads\/2026\/04\/memorycatcher-noose-3271502-1024x1536.jpg 1024w, https:\/\/transformiran.com\/app\/uploads\/2026\/04\/memorycatcher-noose-3271502-1365x2048.jpg 1365w, https:\/\/transformiran.com\/app\/uploads\/2026\/04\/memorycatcher-noose-3271502-scaled.jpg 2000w\" sizes=\"auto, (max-width: 683px) 100vw, 683px\" \/><\/figure><div class=\"wp-block-media-text__content\">\n<p>Al mismo tiempo, un grupo de 54 pa\u00edses <strong><a href=\"https:\/\/www.msn.com\/en-us\/news\/insight\/iran-s-nomination-to-un-rights-panel-sparks-outrage\/gm-GM39B17428?gemSnapshotKey=GM39B17428-snapshot-1\" target=\"_blank\" rel=\"noreferrer noopener\">de la ONU eligi\u00f3<\/a><\/strong> a la Rep\u00fablica Isl\u00e1mica para supervisar un comit\u00e9 que configura la pol\u00edtica de derechos humanos. Estados Unidos fue el \u00fanico pa\u00eds miembro que se opuso a varias selecciones, incluida la de Ir\u00e1n. <\/p>\n\n\n\n<p>&#8220;Es tan obviamente rid\u00edculo&#8221;, Lana Silk de <strong><a href=\"https:\/\/www.mnnonline.org\/mission_groups\/transform-iran\/\" target=\"_blank\" rel=\"noreferrer noopener\">Transform Iran<\/a><\/strong> afirma.<\/p>\n<\/div><\/div>\n\n<blockquote class=\"wp-block-quote is-layout-flow wp-block-quote-is-layout-flow\">\n<p>\u00bfA qu\u00e9 nivel tiene esto sentido? Un pa\u00eds que es uno de los peores perpetradores del mundo de violaciones de los derechos humanos, en particular de los derechos de las mujeres, que se sienta e influye en los derechos humanos a escala internacional.<\/p>\n<\/blockquote>\n\n<p>Los organismos de control de la ONU <strong><a href=\"https:\/\/unwatch.org\/outrage-at-un-democracies-enable-iran-china-cuba-to-oversee-human-rights-bodies\/\" target=\"_blank\" rel=\"noreferrer noopener\">piden a los pa\u00edses miembros<\/a><\/strong> que den explicaciones. &#8220;El momento es extremadamente sospechoso&#8221;, afirma Silk. <\/p>\n\n<p>&#8220;Ir\u00e1n ha violado los derechos humanos durante 47 a\u00f1os, pero agresivamente en los \u00faltimos meses. \u00bfPor qu\u00e9 ocurre esto (el nombramiento de la ONU) ahora?&#8221;<\/p>\n\n<h2 class=\"wp-block-heading\">La fe crece en medio de una creciente persecuci\u00f3n<\/h2>\n\n<p><strong><a href=\"https:\/\/www.aol.com\/articles\/executions-protesters-iran-surge-since-202744943.html?utm_source=chatgpt.com\" target=\"_blank\" rel=\"noreferrer noopener\">M\u00e1s de 1.600 personas<\/a><\/strong> fueron ejecutadas por el r\u00e9gimen iran\u00ed el a\u00f1o pasado, batiendo un r\u00e9cord de 1989. <em><strong>Mientras avanzan las atrocidades, tambi\u00e9n lo hace el Evangelio.<\/strong><\/em> &#8220;Esta misma ma\u00f1ana, hablaba con uno de los l\u00edderes de nuestro ministerio sobre algunos viajes misioneros que estamos organizando para las pr\u00f3ximas semanas&#8221;, afirma Silk.<\/p>\n\n<p><strong>&#8220;La gente est\u00e1 activa y quiere difundir el Evangelio, y los que lo oyen responden positivamente&#8221;.<\/strong><\/p>\n\n<p><strong><a href=\"https:\/\/transformiran.com\/es\/aprenda\/la-vida-en-iran-tras-el-alto-el-fuego-una-vision-desde-dentro\/\" target=\"_blank\" rel=\"noreferrer noopener\">Lee sobre la vida dentro de Ir\u00e1n durante el alto el fuego aqu\u00ed.<\/a><\/strong><\/p>\n\n<p>Transform Iran apoya a los trabajadores evang\u00e9licos aut\u00f3ctonos en varios frentes, como la evangelizaci\u00f3n y la plantaci\u00f3n de iglesias, as\u00ed como la ayuda y la recuperaci\u00f3n.  <strong><a href=\"https:\/\/transformiran.com\/es\/nuestro-trabajo\/\" target=\"_blank\" rel=\"noreferrer noopener\">Obt\u00e9n m\u00e1s informaci\u00f3n sobre sus esfuerzos aqu\u00ed.<\/a><\/strong><\/p>\n\n<p>&#8220;En algunos de estos espacios m\u00e1s duros, donde sucede toda esta fealdad, vemos oscuridad. Entre bastidores, Dios est\u00e1 redimiendo a la gente, y vemos salvaciones constantemente en Ir\u00e1n&#8221;, afirma Silk.<\/p>\n\n<blockquote class=\"wp-block-quote is-layout-flow wp-block-quote-is-layout-flow\">\n<p>Lo que ser\u00eda bueno para nosotros es escarbar bajo la superficie, aprender sobre los ministerios que trabajan en estos espacios, permitir que nuestros esp\u00edritus se animen por el buen trabajo que Dios est\u00e1 haciendo, y luego unirnos -ayudar a avanzarlo, potenciarlo, rezar por \u00e9l-.<\/p>\n<\/blockquote>\n\n<p><em><em>La imagen del encabezado muestra a las fuerzas de seguridad iran\u00edes abriendo fuego contra manifestantes callejeros en enero de 2026.<\/em><\/em><em>Cr\u00e9dito de la foto: Iran International<\/em><\/p>\n\n<p><em>Publicado originalmente en: <a href=\"https:\/\/www.mnnonline.org\/news\/irans-human-rights-record-faces-scrutiny-after-un-appointment\/\" target=\"_blank\" rel=\"noreferrer noopener\">Mission Network News<\/a><\/em><\/p>\n\n<p><\/p>\n\n<p><\/p>\n","protected":false},"excerpt":{"rendered":"<p>En medio del aumento de las ejecuciones y las violaciones de los derechos humanos en Ir\u00e1n, un nombramiento de la ONU ha despertado la preocupaci\u00f3n mundial. Lana Silk se pregunta por el momento y por qu\u00e9 la fe sigue creciendo en medio de la persecuci\u00f3n. <\/p>\n","protected":false},"author":6,"featured_media":34616,"comment_status":"open","ping_status":"open","sticky":false,"template":"","format":"standard","meta":{"_acf_changed":false,"give_campaign_id":0,"om_disable_all_campaigns":false,"_mi_skip_tracking":false,"footnotes":""},"categories":[161],"tags":[174,149,165,168,152],"class_list":["post-37763","post","type-post","status-publish","format-standard","has-post-thumbnail","hentry","category-redaccion","tag-crisis-humanitaria-2","tag-evangelismo","tag-gobierno","tag-iglesia","tag-iran-es"],"acf":[],"yoast_head":"<!-- This site is optimized with the Yoast SEO plugin v27.3 - https:\/\/yoast.com\/product\/yoast-seo-wordpress\/ -->\n<title>El historial de derechos humanos de Ir\u00e1n se somete a escrutinio tras su nombramiento en la ONU - Transform Iran<\/title>\n<meta name=\"description\" content=\"Ir\u00e1n se enfrenta al escrutinio mundial tras una cita de la ONU sobre derechos humanos, a pesar del aumento de las ejecuciones y la represi\u00f3n, mientras Lana Silk destaca la creciente persecuci\u00f3n y la fe.\" \/>\n<meta name=\"robots\" content=\"index, follow, max-snippet:-1, max-image-preview:large, max-video-preview:-1\" \/>\n<link rel=\"canonical\" href=\"https:\/\/transformiran.com\/es\/redaccion\/el-historial-de-derechos-humanos-de-iran-se-somete-a-escrutinio-tras-su-nombramiento-en-la-onu\/\" \/>\n<meta property=\"og:locale\" content=\"es_ES\" \/>\n<meta property=\"og:type\" content=\"article\" \/>\n<meta property=\"og:title\" content=\"El historial de derechos humanos de Ir\u00e1n se somete a escrutinio tras su nombramiento en la ONU - Transform Iran\" \/>\n<meta property=\"og:description\" content=\"Ir\u00e1n se enfrenta al escrutinio mundial tras una cita de la ONU sobre derechos humanos, a pesar del aumento de las ejecuciones y la represi\u00f3n, mientras Lana Silk destaca la creciente persecuci\u00f3n y la fe.\" \/>\n<meta property=\"og:url\" content=\"https:\/\/transformiran.com\/es\/redaccion\/el-historial-de-derechos-humanos-de-iran-se-somete-a-escrutinio-tras-su-nombramiento-en-la-onu\/\" \/>\n<meta property=\"og:site_name\" content=\"Transform Iran\" \/>\n<meta property=\"article:publisher\" content=\"https:\/\/www.facebook.com\/222MinistriesUSAInc\" \/>\n<meta property=\"article:published_time\" content=\"2026-04-28T18:00:28+00:00\" \/>\n<meta property=\"article:modified_time\" content=\"2026-04-30T18:44:44+00:00\" \/>\n<meta name=\"author\" content=\"Ashleigh Bedford\" \/>\n<meta name=\"twitter:card\" content=\"summary_large_image\" \/>\n<meta name=\"twitter:creator\" content=\"@222minint\" \/>\n<meta name=\"twitter:site\" content=\"@222minint\" \/>\n<meta name=\"twitter:label1\" content=\"Escrito por\" \/>\n\t<meta name=\"twitter:data1\" content=\"Ashleigh Bedford\" \/>\n\t<meta name=\"twitter:label2\" content=\"Tiempo de lectura\" \/>\n\t<meta name=\"twitter:data2\" content=\"2 minutos\" \/>\n<script type=\"application\/ld+json\" class=\"yoast-schema-graph\">{\"@context\":\"https:\\\/\\\/schema.org\",\"@graph\":[{\"@type\":\"Article\",\"@id\":\"https:\\\/\\\/transformiran.com\\\/es\\\/redaccion\\\/el-historial-de-derechos-humanos-de-iran-se-somete-a-escrutinio-tras-su-nombramiento-en-la-onu\\\/#article\",\"isPartOf\":{\"@id\":\"https:\\\/\\\/transformiran.com\\\/es\\\/redaccion\\\/el-historial-de-derechos-humanos-de-iran-se-somete-a-escrutinio-tras-su-nombramiento-en-la-onu\\\/\"},\"author\":{\"name\":\"Ashleigh Bedford\",\"@id\":\"https:\\\/\\\/transformiran.com\\\/es\\\/#\\\/schema\\\/person\\\/901d817bcb841b949dbba5fa2886bfe3\"},\"headline\":\"El historial de derechos humanos de Ir\u00e1n se somete a escrutinio tras su nombramiento en la ONU\",\"datePublished\":\"2026-04-28T18:00:28+00:00\",\"dateModified\":\"2026-04-30T18:44:44+00:00\",\"mainEntityOfPage\":{\"@id\":\"https:\\\/\\\/transformiran.com\\\/es\\\/redaccion\\\/el-historial-de-derechos-humanos-de-iran-se-somete-a-escrutinio-tras-su-nombramiento-en-la-onu\\\/\"},\"wordCount\":483,\"commentCount\":0,\"publisher\":{\"@id\":\"https:\\\/\\\/transformiran.com\\\/es\\\/#organization\"},\"image\":{\"@id\":\"https:\\\/\\\/transformiran.com\\\/es\\\/redaccion\\\/el-historial-de-derechos-humanos-de-iran-se-somete-a-escrutinio-tras-su-nombramiento-en-la-onu\\\/#primaryimage\"},\"thumbnailUrl\":\"https:\\\/\\\/transformiran.com\\\/app\\\/uploads\\\/2026\\\/01\\\/IranIntl.org-regime-violence-and-systematic-killing.avif\",\"keywords\":[\"Crisis humanitaria\",\"Evangelismo\",\"Gobierno\",\"Iglesia\",\"Ir\u00e1n\"],\"articleSection\":[\"Redacci\u00f3n\"],\"inLanguage\":\"es\",\"potentialAction\":[{\"@type\":\"CommentAction\",\"name\":\"Comment\",\"target\":[\"https:\\\/\\\/transformiran.com\\\/es\\\/redaccion\\\/el-historial-de-derechos-humanos-de-iran-se-somete-a-escrutinio-tras-su-nombramiento-en-la-onu\\\/#respond\"]}]},{\"@type\":\"WebPage\",\"@id\":\"https:\\\/\\\/transformiran.com\\\/es\\\/redaccion\\\/el-historial-de-derechos-humanos-de-iran-se-somete-a-escrutinio-tras-su-nombramiento-en-la-onu\\\/\",\"url\":\"https:\\\/\\\/transformiran.com\\\/es\\\/redaccion\\\/el-historial-de-derechos-humanos-de-iran-se-somete-a-escrutinio-tras-su-nombramiento-en-la-onu\\\/\",\"name\":\"El historial de derechos humanos de Ir\u00e1n se somete a escrutinio tras su nombramiento en la ONU - Transform Iran\",\"isPartOf\":{\"@id\":\"https:\\\/\\\/transformiran.com\\\/es\\\/#website\"},\"primaryImageOfPage\":{\"@id\":\"https:\\\/\\\/transformiran.com\\\/es\\\/redaccion\\\/el-historial-de-derechos-humanos-de-iran-se-somete-a-escrutinio-tras-su-nombramiento-en-la-onu\\\/#primaryimage\"},\"image\":{\"@id\":\"https:\\\/\\\/transformiran.com\\\/es\\\/redaccion\\\/el-historial-de-derechos-humanos-de-iran-se-somete-a-escrutinio-tras-su-nombramiento-en-la-onu\\\/#primaryimage\"},\"thumbnailUrl\":\"https:\\\/\\\/transformiran.com\\\/app\\\/uploads\\\/2026\\\/01\\\/IranIntl.org-regime-violence-and-systematic-killing.avif\",\"datePublished\":\"2026-04-28T18:00:28+00:00\",\"dateModified\":\"2026-04-30T18:44:44+00:00\",\"description\":\"Ir\u00e1n se enfrenta al escrutinio mundial tras una cita de la ONU sobre derechos humanos, a pesar del aumento de las ejecuciones y la represi\u00f3n, mientras Lana Silk destaca la creciente persecuci\u00f3n y la fe.\",\"breadcrumb\":{\"@id\":\"https:\\\/\\\/transformiran.com\\\/es\\\/redaccion\\\/el-historial-de-derechos-humanos-de-iran-se-somete-a-escrutinio-tras-su-nombramiento-en-la-onu\\\/#breadcrumb\"},\"inLanguage\":\"es\",\"potentialAction\":[{\"@type\":\"ReadAction\",\"target\":[\"https:\\\/\\\/transformiran.com\\\/es\\\/redaccion\\\/el-historial-de-derechos-humanos-de-iran-se-somete-a-escrutinio-tras-su-nombramiento-en-la-onu\\\/\"]}]},{\"@type\":\"ImageObject\",\"inLanguage\":\"es\",\"@id\":\"https:\\\/\\\/transformiran.com\\\/es\\\/redaccion\\\/el-historial-de-derechos-humanos-de-iran-se-somete-a-escrutinio-tras-su-nombramiento-en-la-onu\\\/#primaryimage\",\"url\":\"https:\\\/\\\/transformiran.com\\\/app\\\/uploads\\\/2026\\\/01\\\/IranIntl.org-regime-violence-and-systematic-killing.avif\",\"contentUrl\":\"https:\\\/\\\/transformiran.com\\\/app\\\/uploads\\\/2026\\\/01\\\/IranIntl.org-regime-violence-and-systematic-killing.avif\",\"width\":992,\"height\":660},{\"@type\":\"BreadcrumbList\",\"@id\":\"https:\\\/\\\/transformiran.com\\\/es\\\/redaccion\\\/el-historial-de-derechos-humanos-de-iran-se-somete-a-escrutinio-tras-su-nombramiento-en-la-onu\\\/#breadcrumb\",\"itemListElement\":[{\"@type\":\"ListItem\",\"position\":1,\"name\":\"Home\",\"item\":\"https:\\\/\\\/transformiran.com\\\/es\\\/inicio-2\\\/\"},{\"@type\":\"ListItem\",\"position\":2,\"name\":\"El historial de derechos humanos de Ir\u00e1n se somete a escrutinio tras su nombramiento en la ONU\"}]},{\"@type\":\"WebSite\",\"@id\":\"https:\\\/\\\/transformiran.com\\\/es\\\/#website\",\"url\":\"https:\\\/\\\/transformiran.com\\\/es\\\/\",\"name\":\"Transform Iran\",\"description\":\"Bringing the love and power of Christ to Iran - and beyond\",\"publisher\":{\"@id\":\"https:\\\/\\\/transformiran.com\\\/es\\\/#organization\"},\"potentialAction\":[{\"@type\":\"SearchAction\",\"target\":{\"@type\":\"EntryPoint\",\"urlTemplate\":\"https:\\\/\\\/transformiran.com\\\/es\\\/?s={search_term_string}\"},\"query-input\":{\"@type\":\"PropertyValueSpecification\",\"valueRequired\":true,\"valueName\":\"search_term_string\"}}],\"inLanguage\":\"es\"},{\"@type\":\"Organization\",\"@id\":\"https:\\\/\\\/transformiran.com\\\/es\\\/#organization\",\"name\":\"Transform Iran\",\"url\":\"https:\\\/\\\/transformiran.com\\\/es\\\/\",\"logo\":{\"@type\":\"ImageObject\",\"inLanguage\":\"es\",\"@id\":\"https:\\\/\\\/transformiran.com\\\/es\\\/#\\\/schema\\\/logo\\\/image\\\/\",\"url\":\"https:\\\/\\\/transformiran.com\\\/app\\\/uploads\\\/2022\\\/11\\\/logo_grey.jpg\",\"contentUrl\":\"https:\\\/\\\/transformiran.com\\\/app\\\/uploads\\\/2022\\\/11\\\/logo_grey.jpg\",\"width\":528,\"height\":90,\"caption\":\"Transform Iran\"},\"image\":{\"@id\":\"https:\\\/\\\/transformiran.com\\\/es\\\/#\\\/schema\\\/logo\\\/image\\\/\"},\"sameAs\":[\"https:\\\/\\\/www.facebook.com\\\/222MinistriesUSAInc\",\"https:\\\/\\\/x.com\\\/222minint\",\"https:\\\/\\\/www.instagram.com\\\/222ministriesinternational\\\/\"]},{\"@type\":\"Person\",\"@id\":\"https:\\\/\\\/transformiran.com\\\/es\\\/#\\\/schema\\\/person\\\/901d817bcb841b949dbba5fa2886bfe3\",\"name\":\"Ashleigh Bedford\",\"image\":{\"@type\":\"ImageObject\",\"inLanguage\":\"es\",\"@id\":\"https:\\\/\\\/secure.gravatar.com\\\/avatar\\\/fe25a0a0785840df62a592de76ed79e48013f590cc9a874b448f15b293751483?s=96&d=mm&r=g\",\"url\":\"https:\\\/\\\/secure.gravatar.com\\\/avatar\\\/fe25a0a0785840df62a592de76ed79e48013f590cc9a874b448f15b293751483?s=96&d=mm&r=g\",\"contentUrl\":\"https:\\\/\\\/secure.gravatar.com\\\/avatar\\\/fe25a0a0785840df62a592de76ed79e48013f590cc9a874b448f15b293751483?s=96&d=mm&r=g\",\"caption\":\"Ashleigh Bedford\"},\"url\":\"https:\\\/\\\/transformiran.com\\\/es\\\/author\\\/ashleigh\\\/\"}]}<\/script>\n<!-- \/ Yoast SEO plugin. -->","yoast_head_json":{"title":"El historial de derechos humanos de Ir\u00e1n se somete a escrutinio tras su nombramiento en la ONU - Transform Iran","description":"Ir\u00e1n se enfrenta al escrutinio mundial tras una cita de la ONU sobre derechos humanos, a pesar del aumento de las ejecuciones y la represi\u00f3n, mientras Lana Silk destaca la creciente persecuci\u00f3n y la fe.","robots":{"index":"index","follow":"follow","max-snippet":"max-snippet:-1","max-image-preview":"max-image-preview:large","max-video-preview":"max-video-preview:-1"},"canonical":"https:\/\/transformiran.com\/es\/redaccion\/el-historial-de-derechos-humanos-de-iran-se-somete-a-escrutinio-tras-su-nombramiento-en-la-onu\/","og_locale":"es_ES","og_type":"article","og_title":"El historial de derechos humanos de Ir\u00e1n se somete a escrutinio tras su nombramiento en la ONU - Transform Iran","og_description":"Ir\u00e1n se enfrenta al escrutinio mundial tras una cita de la ONU sobre derechos humanos, a pesar del aumento de las ejecuciones y la represi\u00f3n, mientras Lana Silk destaca la creciente persecuci\u00f3n y la fe.","og_url":"https:\/\/transformiran.com\/es\/redaccion\/el-historial-de-derechos-humanos-de-iran-se-somete-a-escrutinio-tras-su-nombramiento-en-la-onu\/","og_site_name":"Transform Iran","article_publisher":"https:\/\/www.facebook.com\/222MinistriesUSAInc","article_published_time":"2026-04-28T18:00:28+00:00","article_modified_time":"2026-04-30T18:44:44+00:00","author":"Ashleigh Bedford","twitter_card":"summary_large_image","twitter_creator":"@222minint","twitter_site":"@222minint","twitter_misc":{"Escrito por":"Ashleigh Bedford","Tiempo de lectura":"2 minutos"},"schema":{"@context":"https:\/\/schema.org","@graph":[{"@type":"Article","@id":"https:\/\/transformiran.com\/es\/redaccion\/el-historial-de-derechos-humanos-de-iran-se-somete-a-escrutinio-tras-su-nombramiento-en-la-onu\/#article","isPartOf":{"@id":"https:\/\/transformiran.com\/es\/redaccion\/el-historial-de-derechos-humanos-de-iran-se-somete-a-escrutinio-tras-su-nombramiento-en-la-onu\/"},"author":{"name":"Ashleigh Bedford","@id":"https:\/\/transformiran.com\/es\/#\/schema\/person\/901d817bcb841b949dbba5fa2886bfe3"},"headline":"El historial de derechos humanos de Ir\u00e1n se somete a escrutinio tras su nombramiento en la ONU","datePublished":"2026-04-28T18:00:28+00:00","dateModified":"2026-04-30T18:44:44+00:00","mainEntityOfPage":{"@id":"https:\/\/transformiran.com\/es\/redaccion\/el-historial-de-derechos-humanos-de-iran-se-somete-a-escrutinio-tras-su-nombramiento-en-la-onu\/"},"wordCount":483,"commentCount":0,"publisher":{"@id":"https:\/\/transformiran.com\/es\/#organization"},"image":{"@id":"https:\/\/transformiran.com\/es\/redaccion\/el-historial-de-derechos-humanos-de-iran-se-somete-a-escrutinio-tras-su-nombramiento-en-la-onu\/#primaryimage"},"thumbnailUrl":"https:\/\/transformiran.com\/app\/uploads\/2026\/01\/IranIntl.org-regime-violence-and-systematic-killing.avif","keywords":["Crisis humanitaria","Evangelismo","Gobierno","Iglesia","Ir\u00e1n"],"articleSection":["Redacci\u00f3n"],"inLanguage":"es","potentialAction":[{"@type":"CommentAction","name":"Comment","target":["https:\/\/transformiran.com\/es\/redaccion\/el-historial-de-derechos-humanos-de-iran-se-somete-a-escrutinio-tras-su-nombramiento-en-la-onu\/#respond"]}]},{"@type":"WebPage","@id":"https:\/\/transformiran.com\/es\/redaccion\/el-historial-de-derechos-humanos-de-iran-se-somete-a-escrutinio-tras-su-nombramiento-en-la-onu\/","url":"https:\/\/transformiran.com\/es\/redaccion\/el-historial-de-derechos-humanos-de-iran-se-somete-a-escrutinio-tras-su-nombramiento-en-la-onu\/","name":"El historial de derechos humanos de Ir\u00e1n se somete a escrutinio tras su nombramiento en la ONU - Transform Iran","isPartOf":{"@id":"https:\/\/transformiran.com\/es\/#website"},"primaryImageOfPage":{"@id":"https:\/\/transformiran.com\/es\/redaccion\/el-historial-de-derechos-humanos-de-iran-se-somete-a-escrutinio-tras-su-nombramiento-en-la-onu\/#primaryimage"},"image":{"@id":"https:\/\/transformiran.com\/es\/redaccion\/el-historial-de-derechos-humanos-de-iran-se-somete-a-escrutinio-tras-su-nombramiento-en-la-onu\/#primaryimage"},"thumbnailUrl":"https:\/\/transformiran.com\/app\/uploads\/2026\/01\/IranIntl.org-regime-violence-and-systematic-killing.avif","datePublished":"2026-04-28T18:00:28+00:00","dateModified":"2026-04-30T18:44:44+00:00","description":"Ir\u00e1n se enfrenta al escrutinio mundial tras una cita de la ONU sobre derechos humanos, a pesar del aumento de las ejecuciones y la represi\u00f3n, mientras Lana Silk destaca la creciente persecuci\u00f3n y la fe.","breadcrumb":{"@id":"https:\/\/transformiran.com\/es\/redaccion\/el-historial-de-derechos-humanos-de-iran-se-somete-a-escrutinio-tras-su-nombramiento-en-la-onu\/#breadcrumb"},"inLanguage":"es","potentialAction":[{"@type":"ReadAction","target":["https:\/\/transformiran.com\/es\/redaccion\/el-historial-de-derechos-humanos-de-iran-se-somete-a-escrutinio-tras-su-nombramiento-en-la-onu\/"]}]},{"@type":"ImageObject","inLanguage":"es","@id":"https:\/\/transformiran.com\/es\/redaccion\/el-historial-de-derechos-humanos-de-iran-se-somete-a-escrutinio-tras-su-nombramiento-en-la-onu\/#primaryimage","url":"https:\/\/transformiran.com\/app\/uploads\/2026\/01\/IranIntl.org-regime-violence-and-systematic-killing.avif","contentUrl":"https:\/\/transformiran.com\/app\/uploads\/2026\/01\/IranIntl.org-regime-violence-and-systematic-killing.avif","width":992,"height":660},{"@type":"BreadcrumbList","@id":"https:\/\/transformiran.com\/es\/redaccion\/el-historial-de-derechos-humanos-de-iran-se-somete-a-escrutinio-tras-su-nombramiento-en-la-onu\/#breadcrumb","itemListElement":[{"@type":"ListItem","position":1,"name":"Home","item":"https:\/\/transformiran.com\/es\/inicio-2\/"},{"@type":"ListItem","position":2,"name":"El historial de derechos humanos de Ir\u00e1n se somete a escrutinio tras su nombramiento en la ONU"}]},{"@type":"WebSite","@id":"https:\/\/transformiran.com\/es\/#website","url":"https:\/\/transformiran.com\/es\/","name":"Transform Iran","description":"Bringing the love and power of Christ to Iran - and beyond","publisher":{"@id":"https:\/\/transformiran.com\/es\/#organization"},"potentialAction":[{"@type":"SearchAction","target":{"@type":"EntryPoint","urlTemplate":"https:\/\/transformiran.com\/es\/?s={search_term_string}"},"query-input":{"@type":"PropertyValueSpecification","valueRequired":true,"valueName":"search_term_string"}}],"inLanguage":"es"},{"@type":"Organization","@id":"https:\/\/transformiran.com\/es\/#organization","name":"Transform Iran","url":"https:\/\/transformiran.com\/es\/","logo":{"@type":"ImageObject","inLanguage":"es","@id":"https:\/\/transformiran.com\/es\/#\/schema\/logo\/image\/","url":"https:\/\/transformiran.com\/app\/uploads\/2022\/11\/logo_grey.jpg","contentUrl":"https:\/\/transformiran.com\/app\/uploads\/2022\/11\/logo_grey.jpg","width":528,"height":90,"caption":"Transform Iran"},"image":{"@id":"https:\/\/transformiran.com\/es\/#\/schema\/logo\/image\/"},"sameAs":["https:\/\/www.facebook.com\/222MinistriesUSAInc","https:\/\/x.com\/222minint","https:\/\/www.instagram.com\/222ministriesinternational\/"]},{"@type":"Person","@id":"https:\/\/transformiran.com\/es\/#\/schema\/person\/901d817bcb841b949dbba5fa2886bfe3","name":"Ashleigh Bedford","image":{"@type":"ImageObject","inLanguage":"es","@id":"https:\/\/secure.gravatar.com\/avatar\/fe25a0a0785840df62a592de76ed79e48013f590cc9a874b448f15b293751483?s=96&d=mm&r=g","url":"https:\/\/secure.gravatar.com\/avatar\/fe25a0a0785840df62a592de76ed79e48013f590cc9a874b448f15b293751483?s=96&d=mm&r=g","contentUrl":"https:\/\/secure.gravatar.com\/avatar\/fe25a0a0785840df62a592de76ed79e48013f590cc9a874b448f15b293751483?s=96&d=mm&r=g","caption":"Ashleigh Bedford"},"url":"https:\/\/transformiran.com\/es\/author\/ashleigh\/"}]}},"_links":{"self":[{"href":"https:\/\/transformiran.com\/es\/wp-json\/wp\/v2\/posts\/37763","targetHints":{"allow":["GET"]}}],"collection":[{"href":"https:\/\/transformiran.com\/es\/wp-json\/wp\/v2\/posts"}],"about":[{"href":"https:\/\/transformiran.com\/es\/wp-json\/wp\/v2\/types\/post"}],"author":[{"embeddable":true,"href":"https:\/\/transformiran.com\/es\/wp-json\/wp\/v2\/users\/6"}],"replies":[{"embeddable":true,"href":"https:\/\/transformiran.com\/es\/wp-json\/wp\/v2\/comments?post=37763"}],"version-history":[{"count":2,"href":"https:\/\/transformiran.com\/es\/wp-json\/wp\/v2\/posts\/37763\/revisions"}],"predecessor-version":[{"id":37775,"href":"https:\/\/transformiran.com\/es\/wp-json\/wp\/v2\/posts\/37763\/revisions\/37775"}],"wp:featuredmedia":[{"embeddable":true,"href":"https:\/\/transformiran.com\/es\/wp-json\/wp\/v2\/media\/34616"}],"wp:attachment":[{"href":"https:\/\/transformiran.com\/es\/wp-json\/wp\/v2\/media?parent=37763"}],"wp:term":[{"taxonomy":"category","embeddable":true,"href":"https:\/\/transformiran.com\/es\/wp-json\/wp\/v2\/categories?post=37763"},{"taxonomy":"post_tag","embeddable":true,"href":"https:\/\/transformiran.com\/es\/wp-json\/wp\/v2\/tags?post=37763"}],"curies":[{"name":"wp","href":"https:\/\/api.w.org\/{rel}","templated":true}]}}