{"id":13448,"date":"2023-10-10T16:27:55","date_gmt":"2023-10-10T15:27:55","guid":{"rendered":"https:\/\/transformiran.com\/uncategorized-fi\/iranilaiset-mielenosoittajat-sailyttavat-tarinansa-vakivallan-edessa-mission-network-news\/"},"modified":"2024-05-15T09:50:15","modified_gmt":"2024-05-15T08:50:15","slug":"iranilaiset-mielenosoittajat-sailyttavat-tarinansa-vakivallan-edessa-mission-network-news","status":"publish","type":"post","link":"https:\/\/transformiran.com\/fi\/uutishuone\/iranilaiset-mielenosoittajat-sailyttavat-tarinansa-vakivallan-edessa-mission-network-news\/","title":{"rendered":"Iranilaiset mielenosoittajat s\u00e4ilytt\u00e4v\u00e4t tarinansa v\u00e4kivallan edess\u00e4: Mission Network News"},"content":{"rendered":"\n<p>Alex Anhalt<\/p>\n\n<p>Iran (MNN) &#8211; Viime vuoden syyskuussa, <a href=\"https:\/\/www.npr.org\/2022\/09\/21\/1124237272\/mahsa-amini-iran-women-protest-hijab-morality-police\" target=\"_blank\" rel=\"noreferrer noopener\">\n  <strong>Mahsa Amini kuoli ollessaan Iranin moraalipoliisin huostassa.<\/strong>\n<\/a>. Se oli tragedia, joka sytytti palon iranilaisten syd\u00e4miss\u00e4 kautta maan. Viimeisen vuoden aikana mielenosoituksista on tullut jokap\u00e4iv\u00e4isi\u00e4. Lana Silkin sanoin <a href=\"https:\/\/www.mnnonline.org\/mission_groups\/transform-iran\/\" target=\"_blank\" rel=\"noreferrer noopener\">\n  <strong>Transform Iran<\/strong>\n<\/a>&#8220;Ne henkil\u00f6t, jotka ehk\u00e4 luulivat olevansa yksin, huomasivat, ett\u00e4 ei, maassa on satoja, ellei tuhansia muita, jotka paitsi tuntevat samoin my\u00f6s ovat valmiita tekem\u00e4\u00e4n asialle jotain.&#8221;<\/p>\n\n<p>Virkamiesten vastaus on ollut ilke\u00e4. &#8220;Hallitus on todella julma siin\u00e4, miten se kostaa sen, mit\u00e4 ihmiset tekev\u00e4t&#8221;, Silk sanoo. &#8220;He tappavat, raiskaavat, kiduttavat ja vangitsevat. He pelottelevat ja uhkaavat Iranin nuoria ja heid\u00e4n perheit\u00e4\u00e4n.<\/p>\n\n<p>Mutta sorrettujen \u00e4\u00e4net vaativat kuulluksi tulemista my\u00f6s kuolemassa. Silk sai hiljattain tiet\u00e4\u00e4 nuoresta naisesta, joka pid\u00e4tettiin pakollista hijabia koskevien lakien vastaisen mielenosoituksen aikana. Uhmakkaan k\u00e4yt\u00f6ksens\u00e4 vuoksi h\u00e4nt\u00e4 kidutettiin ja pahoinpideltiin.  <\/p>\n\n<blockquote class=\"wp-block-quote is-layout-flow wp-block-quote-is-layout-flow\">\n<p><em>Niinp\u00e4 h\u00e4n nauhoitti videon, jossa h\u00e4n l\u00e4hinn\u00e4 sanoi: &#8220;En usko, ett\u00e4 he p\u00e4\u00e4st\u00e4v\u00e4t minua menem\u00e4\u00e4n, enk\u00e4 usko, ett\u00e4 heid\u00e4n reaktionsa tekoihini on p\u00e4\u00e4ttynyt&#8221;. Jos min\u00e4 katoaisin, jos minut pid\u00e4tett\u00e4isiin, kidutettaisiin, teht\u00e4isiin marttyyrikuolema [&#8230;] muistakaa t\u00e4m\u00e4, muistakaa meid\u00e4t&#8221;. Ja h\u00e4n sanoo erityisesti: &#8220;Ole meid\u00e4n \u00e4\u00e4nemme. Me tarvitsemme sinua olemaan \u00e4\u00e4nemme. Tarvitsemme sinua antamaan voimaa t\u00e4lle liikkeelle.<\/em><\/p>\n<\/blockquote>\n\n<p>Videon julkaisemisen j\u00e4lkeen nuori nainen katosi. Viranomaiset pid\u00e4ttiv\u00e4t ja pahoinpiteliv\u00e4t h\u00e4nen vanhempansa. H\u00e4nen ennustamansa hyv\u00e4ksik\u00e4ytt\u00f6 toteutui.<\/p>\n\n<p>Mit\u00e4 nyt tapahtuu? Juuri nyt nuoret, jotka taistelevat vapautensa puolesta, kokevat suunnattomia traumoja ja tuskaa, koska he ovat niin sitkeit\u00e4. Transform Iran toivoo voivansa astua n\u00e4ihin haasteisiin ja tarjota ty\u00f6kaluja vahvana pysymiseen. &#8220;[Through digital media], tarjoamme paljon opetusta identiteetist\u00e4, parantumisesta, siit\u00e4, miten voittaa riippuvuus, voittaa traumasta johtuva kipu ja kamppailu&#8221;, Silk sanoo. &#8220;T\u00e4m\u00e4n prosessin kautta kutsumme ihmisi\u00e4 ottamaan yhteytt\u00e4 meihin [via audio or video calls] ja saamaan henkil\u00f6kohtaista neuvontaa, erityisesti heid\u00e4n kokemastaan traumasta.&#8221;<\/p>\n\n<p><strong>Transform Iran pyyt\u00e4\u00e4 tukea<\/strong> n\u00e4ille ty\u00f6aloilleen, erityisesti kun he haluavat lis\u00e4t\u00e4 uuden ryhm\u00e4n erityisneuvojia.  <\/p>\n\n<p>He pyyt\u00e4v\u00e4t my\u00f6s, ett\u00e4 jatkat tarkkailua ja kuuntelua. Kiinnit\u00e4 huomiota iranilaisten nuorten tarinoihin. Kiinnit\u00e4 huomiota siihen, miten nuoret etsiv\u00e4t vapautta sek\u00e4 fyysisesti ett\u00e4 hengellisesti. Ja kiinnit\u00e4 huomiota siihen, miten Jumala toimii jopa Iranin v\u00e4kivallan keskell\u00e4.<\/p>\n\n<p><em>Julkaistu alun perin: <a href=\"https:\/\/www.mnnonline.org\/news\/iranian-protestors-preserve-their-stories-in-the-face-of-violence\/\" target=\"_blank\" rel=\"noreferrer noopener\">L\u00e4hetysverkoston uutiset<\/a>.<\/em><\/p>\n","protected":false},"excerpt":{"rendered":"<p>Mit\u00e4 Iranin nuoret joutuvat kest\u00e4m\u00e4\u00e4n taistellessaan vapauden puolesta?<\/p>\n","protected":false},"author":4,"featured_media":13454,"comment_status":"open","ping_status":"open","sticky":false,"template":"","format":"standard","meta":{"_acf_changed":false,"give_campaign_id":0,"om_disable_all_campaigns":false,"_mi_skip_tracking":false,"footnotes":""},"categories":[240],"tags":[241,219,236,237],"class_list":["post-13448","post","type-post","status-publish","format-standard","has-post-thumbnail","hentry","category-uutishuone","tag-hallitus","tag-iran-fi","tag-naiset","tag-vainoaminen"],"acf":[],"yoast_head":"<!-- This site is optimized with the Yoast SEO plugin v27.3 - https:\/\/yoast.com\/product\/yoast-seo-wordpress\/ -->\n<title>Iranilaiset mielenosoittajat s\u00e4ilytt\u00e4v\u00e4t tarinansa v\u00e4kivallan edess\u00e4: Mission Network News - Transform Iran<\/title>\n<meta name=\"robots\" content=\"index, follow, max-snippet:-1, max-image-preview:large, max-video-preview:-1\" \/>\n<link rel=\"canonical\" href=\"https:\/\/transformiran.com\/fi\/uutishuone\/iranilaiset-mielenosoittajat-sailyttavat-tarinansa-vakivallan-edessa-mission-network-news\/\" \/>\n<meta property=\"og:locale\" content=\"fi_FI\" \/>\n<meta property=\"og:type\" content=\"article\" \/>\n<meta property=\"og:title\" content=\"Iranilaiset mielenosoittajat s\u00e4ilytt\u00e4v\u00e4t tarinansa v\u00e4kivallan edess\u00e4: Mission Network News - Transform Iran\" \/>\n<meta property=\"og:description\" content=\"Mit\u00e4 Iranin nuoret joutuvat kest\u00e4m\u00e4\u00e4n taistellessaan vapauden puolesta?\" \/>\n<meta property=\"og:url\" content=\"https:\/\/transformiran.com\/fi\/uutishuone\/iranilaiset-mielenosoittajat-sailyttavat-tarinansa-vakivallan-edessa-mission-network-news\/\" \/>\n<meta property=\"og:site_name\" content=\"Transform Iran\" \/>\n<meta property=\"article:publisher\" content=\"https:\/\/www.facebook.com\/222MinistriesUSAInc\" \/>\n<meta property=\"article:published_time\" content=\"2023-10-10T15:27:55+00:00\" \/>\n<meta property=\"article:modified_time\" content=\"2024-05-15T08:50:15+00:00\" \/>\n<meta property=\"og:image\" content=\"https:\/\/transformiran.com\/app\/uploads\/2023\/10\/MNN-Iran-protestors-Oct-2023-Lite.jpeg\" \/>\n\t<meta property=\"og:image:width\" content=\"1280\" \/>\n\t<meta property=\"og:image:height\" content=\"853\" \/>\n\t<meta property=\"og:image:type\" content=\"image\/jpeg\" \/>\n<meta name=\"author\" content=\"Lana Silk\" \/>\n<meta name=\"twitter:card\" content=\"summary_large_image\" \/>\n<meta name=\"twitter:creator\" content=\"@222minint\" \/>\n<meta name=\"twitter:site\" content=\"@222minint\" \/>\n<meta name=\"twitter:label1\" content=\"Written by\" \/>\n\t<meta name=\"twitter:data1\" content=\"Lana Silk\" \/>\n\t<meta name=\"twitter:label2\" content=\"Est. reading time\" \/>\n\t<meta name=\"twitter:data2\" content=\"2 minutes\" \/>\n<script type=\"application\/ld+json\" class=\"yoast-schema-graph\">{\"@context\":\"https:\\\/\\\/schema.org\",\"@graph\":[{\"@type\":\"Article\",\"@id\":\"https:\\\/\\\/transformiran.com\\\/fi\\\/uutishuone\\\/iranilaiset-mielenosoittajat-sailyttavat-tarinansa-vakivallan-edessa-mission-network-news\\\/#article\",\"isPartOf\":{\"@id\":\"https:\\\/\\\/transformiran.com\\\/fi\\\/uutishuone\\\/iranilaiset-mielenosoittajat-sailyttavat-tarinansa-vakivallan-edessa-mission-network-news\\\/\"},\"author\":{\"name\":\"Lana Silk\",\"@id\":\"https:\\\/\\\/transformiran.com\\\/fi\\\/#\\\/schema\\\/person\\\/c0e1862a6f8592d7945bcb851b52cd9c\"},\"headline\":\"Iranilaiset mielenosoittajat s\u00e4ilytt\u00e4v\u00e4t tarinansa v\u00e4kivallan edess\u00e4: Mission Network News\",\"datePublished\":\"2023-10-10T15:27:55+00:00\",\"dateModified\":\"2024-05-15T08:50:15+00:00\",\"mainEntityOfPage\":{\"@id\":\"https:\\\/\\\/transformiran.com\\\/fi\\\/uutishuone\\\/iranilaiset-mielenosoittajat-sailyttavat-tarinansa-vakivallan-edessa-mission-network-news\\\/\"},\"wordCount\":392,\"commentCount\":0,\"publisher\":{\"@id\":\"https:\\\/\\\/transformiran.com\\\/fi\\\/#organization\"},\"image\":{\"@id\":\"https:\\\/\\\/transformiran.com\\\/fi\\\/uutishuone\\\/iranilaiset-mielenosoittajat-sailyttavat-tarinansa-vakivallan-edessa-mission-network-news\\\/#primaryimage\"},\"thumbnailUrl\":\"https:\\\/\\\/transformiran.com\\\/app\\\/uploads\\\/2023\\\/10\\\/MNN-Iran-protestors-Oct-2023-Lite.jpeg\",\"keywords\":[\"Hallitus\",\"Iran\",\"Naiset\",\"Vainoaminen\"],\"articleSection\":[\"Uutishuone\"],\"inLanguage\":\"fi\",\"potentialAction\":[{\"@type\":\"CommentAction\",\"name\":\"Comment\",\"target\":[\"https:\\\/\\\/transformiran.com\\\/fi\\\/uutishuone\\\/iranilaiset-mielenosoittajat-sailyttavat-tarinansa-vakivallan-edessa-mission-network-news\\\/#respond\"]}]},{\"@type\":\"WebPage\",\"@id\":\"https:\\\/\\\/transformiran.com\\\/fi\\\/uutishuone\\\/iranilaiset-mielenosoittajat-sailyttavat-tarinansa-vakivallan-edessa-mission-network-news\\\/\",\"url\":\"https:\\\/\\\/transformiran.com\\\/fi\\\/uutishuone\\\/iranilaiset-mielenosoittajat-sailyttavat-tarinansa-vakivallan-edessa-mission-network-news\\\/\",\"name\":\"Iranilaiset mielenosoittajat s\u00e4ilytt\u00e4v\u00e4t tarinansa v\u00e4kivallan edess\u00e4: Mission Network News - Transform Iran\",\"isPartOf\":{\"@id\":\"https:\\\/\\\/transformiran.com\\\/fi\\\/#website\"},\"primaryImageOfPage\":{\"@id\":\"https:\\\/\\\/transformiran.com\\\/fi\\\/uutishuone\\\/iranilaiset-mielenosoittajat-sailyttavat-tarinansa-vakivallan-edessa-mission-network-news\\\/#primaryimage\"},\"image\":{\"@id\":\"https:\\\/\\\/transformiran.com\\\/fi\\\/uutishuone\\\/iranilaiset-mielenosoittajat-sailyttavat-tarinansa-vakivallan-edessa-mission-network-news\\\/#primaryimage\"},\"thumbnailUrl\":\"https:\\\/\\\/transformiran.com\\\/app\\\/uploads\\\/2023\\\/10\\\/MNN-Iran-protestors-Oct-2023-Lite.jpeg\",\"datePublished\":\"2023-10-10T15:27:55+00:00\",\"dateModified\":\"2024-05-15T08:50:15+00:00\",\"breadcrumb\":{\"@id\":\"https:\\\/\\\/transformiran.com\\\/fi\\\/uutishuone\\\/iranilaiset-mielenosoittajat-sailyttavat-tarinansa-vakivallan-edessa-mission-network-news\\\/#breadcrumb\"},\"inLanguage\":\"fi\",\"potentialAction\":[{\"@type\":\"ReadAction\",\"target\":[\"https:\\\/\\\/transformiran.com\\\/fi\\\/uutishuone\\\/iranilaiset-mielenosoittajat-sailyttavat-tarinansa-vakivallan-edessa-mission-network-news\\\/\"]}]},{\"@type\":\"ImageObject\",\"inLanguage\":\"fi\",\"@id\":\"https:\\\/\\\/transformiran.com\\\/fi\\\/uutishuone\\\/iranilaiset-mielenosoittajat-sailyttavat-tarinansa-vakivallan-edessa-mission-network-news\\\/#primaryimage\",\"url\":\"https:\\\/\\\/transformiran.com\\\/app\\\/uploads\\\/2023\\\/10\\\/MNN-Iran-protestors-Oct-2023-Lite.jpeg\",\"contentUrl\":\"https:\\\/\\\/transformiran.com\\\/app\\\/uploads\\\/2023\\\/10\\\/MNN-Iran-protestors-Oct-2023-Lite.jpeg\",\"width\":1280,\"height\":853},{\"@type\":\"BreadcrumbList\",\"@id\":\"https:\\\/\\\/transformiran.com\\\/fi\\\/uutishuone\\\/iranilaiset-mielenosoittajat-sailyttavat-tarinansa-vakivallan-edessa-mission-network-news\\\/#breadcrumb\",\"itemListElement\":[{\"@type\":\"ListItem\",\"position\":1,\"name\":\"Home\",\"item\":\"https:\\\/\\\/transformiran.com\\\/fi\\\/home\\\/\"},{\"@type\":\"ListItem\",\"position\":2,\"name\":\"Iranilaiset mielenosoittajat s\u00e4ilytt\u00e4v\u00e4t tarinansa v\u00e4kivallan edess\u00e4: Mission Network News\"}]},{\"@type\":\"WebSite\",\"@id\":\"https:\\\/\\\/transformiran.com\\\/fi\\\/#website\",\"url\":\"https:\\\/\\\/transformiran.com\\\/fi\\\/\",\"name\":\"Transform Iran\",\"description\":\"Bringing the love and power of Christ to Iran - and beyond\",\"publisher\":{\"@id\":\"https:\\\/\\\/transformiran.com\\\/fi\\\/#organization\"},\"potentialAction\":[{\"@type\":\"SearchAction\",\"target\":{\"@type\":\"EntryPoint\",\"urlTemplate\":\"https:\\\/\\\/transformiran.com\\\/fi\\\/?s={search_term_string}\"},\"query-input\":{\"@type\":\"PropertyValueSpecification\",\"valueRequired\":true,\"valueName\":\"search_term_string\"}}],\"inLanguage\":\"fi\"},{\"@type\":\"Organization\",\"@id\":\"https:\\\/\\\/transformiran.com\\\/fi\\\/#organization\",\"name\":\"Transform Iran\",\"url\":\"https:\\\/\\\/transformiran.com\\\/fi\\\/\",\"logo\":{\"@type\":\"ImageObject\",\"inLanguage\":\"fi\",\"@id\":\"https:\\\/\\\/transformiran.com\\\/fi\\\/#\\\/schema\\\/logo\\\/image\\\/\",\"url\":\"https:\\\/\\\/transformiran.com\\\/app\\\/uploads\\\/2022\\\/11\\\/logo_grey.jpg\",\"contentUrl\":\"https:\\\/\\\/transformiran.com\\\/app\\\/uploads\\\/2022\\\/11\\\/logo_grey.jpg\",\"width\":528,\"height\":90,\"caption\":\"Transform Iran\"},\"image\":{\"@id\":\"https:\\\/\\\/transformiran.com\\\/fi\\\/#\\\/schema\\\/logo\\\/image\\\/\"},\"sameAs\":[\"https:\\\/\\\/www.facebook.com\\\/222MinistriesUSAInc\",\"https:\\\/\\\/x.com\\\/222minint\",\"https:\\\/\\\/www.instagram.com\\\/222ministriesinternational\\\/\"]},{\"@type\":\"Person\",\"@id\":\"https:\\\/\\\/transformiran.com\\\/fi\\\/#\\\/schema\\\/person\\\/c0e1862a6f8592d7945bcb851b52cd9c\",\"name\":\"Lana Silk\",\"image\":{\"@type\":\"ImageObject\",\"inLanguage\":\"fi\",\"@id\":\"https:\\\/\\\/secure.gravatar.com\\\/avatar\\\/d632b13d91e0186b2ead0912a0e293a96cf08479bc1b68caebfeca5ef8d55a9f?s=96&d=mm&r=g\",\"url\":\"https:\\\/\\\/secure.gravatar.com\\\/avatar\\\/d632b13d91e0186b2ead0912a0e293a96cf08479bc1b68caebfeca5ef8d55a9f?s=96&d=mm&r=g\",\"contentUrl\":\"https:\\\/\\\/secure.gravatar.com\\\/avatar\\\/d632b13d91e0186b2ead0912a0e293a96cf08479bc1b68caebfeca5ef8d55a9f?s=96&d=mm&r=g\",\"caption\":\"Lana Silk\"},\"url\":\"https:\\\/\\\/transformiran.com\\\/fi\\\/author\\\/lana\\\/\"}]}<\/script>\n<!-- \/ Yoast SEO plugin. -->","yoast_head_json":{"title":"Iranilaiset mielenosoittajat s\u00e4ilytt\u00e4v\u00e4t tarinansa v\u00e4kivallan edess\u00e4: Mission Network News - Transform Iran","robots":{"index":"index","follow":"follow","max-snippet":"max-snippet:-1","max-image-preview":"max-image-preview:large","max-video-preview":"max-video-preview:-1"},"canonical":"https:\/\/transformiran.com\/fi\/uutishuone\/iranilaiset-mielenosoittajat-sailyttavat-tarinansa-vakivallan-edessa-mission-network-news\/","og_locale":"fi_FI","og_type":"article","og_title":"Iranilaiset mielenosoittajat s\u00e4ilytt\u00e4v\u00e4t tarinansa v\u00e4kivallan edess\u00e4: Mission Network News - Transform Iran","og_description":"Mit\u00e4 Iranin nuoret joutuvat kest\u00e4m\u00e4\u00e4n taistellessaan vapauden puolesta?","og_url":"https:\/\/transformiran.com\/fi\/uutishuone\/iranilaiset-mielenosoittajat-sailyttavat-tarinansa-vakivallan-edessa-mission-network-news\/","og_site_name":"Transform Iran","article_publisher":"https:\/\/www.facebook.com\/222MinistriesUSAInc","article_published_time":"2023-10-10T15:27:55+00:00","article_modified_time":"2024-05-15T08:50:15+00:00","og_image":[{"width":1280,"height":853,"url":"https:\/\/transformiran.com\/app\/uploads\/2023\/10\/MNN-Iran-protestors-Oct-2023-Lite.jpeg","type":"image\/jpeg"}],"author":"Lana Silk","twitter_card":"summary_large_image","twitter_creator":"@222minint","twitter_site":"@222minint","twitter_misc":{"Written by":"Lana Silk","Est. reading time":"2 minutes"},"schema":{"@context":"https:\/\/schema.org","@graph":[{"@type":"Article","@id":"https:\/\/transformiran.com\/fi\/uutishuone\/iranilaiset-mielenosoittajat-sailyttavat-tarinansa-vakivallan-edessa-mission-network-news\/#article","isPartOf":{"@id":"https:\/\/transformiran.com\/fi\/uutishuone\/iranilaiset-mielenosoittajat-sailyttavat-tarinansa-vakivallan-edessa-mission-network-news\/"},"author":{"name":"Lana Silk","@id":"https:\/\/transformiran.com\/fi\/#\/schema\/person\/c0e1862a6f8592d7945bcb851b52cd9c"},"headline":"Iranilaiset mielenosoittajat s\u00e4ilytt\u00e4v\u00e4t tarinansa v\u00e4kivallan edess\u00e4: Mission Network News","datePublished":"2023-10-10T15:27:55+00:00","dateModified":"2024-05-15T08:50:15+00:00","mainEntityOfPage":{"@id":"https:\/\/transformiran.com\/fi\/uutishuone\/iranilaiset-mielenosoittajat-sailyttavat-tarinansa-vakivallan-edessa-mission-network-news\/"},"wordCount":392,"commentCount":0,"publisher":{"@id":"https:\/\/transformiran.com\/fi\/#organization"},"image":{"@id":"https:\/\/transformiran.com\/fi\/uutishuone\/iranilaiset-mielenosoittajat-sailyttavat-tarinansa-vakivallan-edessa-mission-network-news\/#primaryimage"},"thumbnailUrl":"https:\/\/transformiran.com\/app\/uploads\/2023\/10\/MNN-Iran-protestors-Oct-2023-Lite.jpeg","keywords":["Hallitus","Iran","Naiset","Vainoaminen"],"articleSection":["Uutishuone"],"inLanguage":"fi","potentialAction":[{"@type":"CommentAction","name":"Comment","target":["https:\/\/transformiran.com\/fi\/uutishuone\/iranilaiset-mielenosoittajat-sailyttavat-tarinansa-vakivallan-edessa-mission-network-news\/#respond"]}]},{"@type":"WebPage","@id":"https:\/\/transformiran.com\/fi\/uutishuone\/iranilaiset-mielenosoittajat-sailyttavat-tarinansa-vakivallan-edessa-mission-network-news\/","url":"https:\/\/transformiran.com\/fi\/uutishuone\/iranilaiset-mielenosoittajat-sailyttavat-tarinansa-vakivallan-edessa-mission-network-news\/","name":"Iranilaiset mielenosoittajat s\u00e4ilytt\u00e4v\u00e4t tarinansa v\u00e4kivallan edess\u00e4: Mission Network News - Transform Iran","isPartOf":{"@id":"https:\/\/transformiran.com\/fi\/#website"},"primaryImageOfPage":{"@id":"https:\/\/transformiran.com\/fi\/uutishuone\/iranilaiset-mielenosoittajat-sailyttavat-tarinansa-vakivallan-edessa-mission-network-news\/#primaryimage"},"image":{"@id":"https:\/\/transformiran.com\/fi\/uutishuone\/iranilaiset-mielenosoittajat-sailyttavat-tarinansa-vakivallan-edessa-mission-network-news\/#primaryimage"},"thumbnailUrl":"https:\/\/transformiran.com\/app\/uploads\/2023\/10\/MNN-Iran-protestors-Oct-2023-Lite.jpeg","datePublished":"2023-10-10T15:27:55+00:00","dateModified":"2024-05-15T08:50:15+00:00","breadcrumb":{"@id":"https:\/\/transformiran.com\/fi\/uutishuone\/iranilaiset-mielenosoittajat-sailyttavat-tarinansa-vakivallan-edessa-mission-network-news\/#breadcrumb"},"inLanguage":"fi","potentialAction":[{"@type":"ReadAction","target":["https:\/\/transformiran.com\/fi\/uutishuone\/iranilaiset-mielenosoittajat-sailyttavat-tarinansa-vakivallan-edessa-mission-network-news\/"]}]},{"@type":"ImageObject","inLanguage":"fi","@id":"https:\/\/transformiran.com\/fi\/uutishuone\/iranilaiset-mielenosoittajat-sailyttavat-tarinansa-vakivallan-edessa-mission-network-news\/#primaryimage","url":"https:\/\/transformiran.com\/app\/uploads\/2023\/10\/MNN-Iran-protestors-Oct-2023-Lite.jpeg","contentUrl":"https:\/\/transformiran.com\/app\/uploads\/2023\/10\/MNN-Iran-protestors-Oct-2023-Lite.jpeg","width":1280,"height":853},{"@type":"BreadcrumbList","@id":"https:\/\/transformiran.com\/fi\/uutishuone\/iranilaiset-mielenosoittajat-sailyttavat-tarinansa-vakivallan-edessa-mission-network-news\/#breadcrumb","itemListElement":[{"@type":"ListItem","position":1,"name":"Home","item":"https:\/\/transformiran.com\/fi\/home\/"},{"@type":"ListItem","position":2,"name":"Iranilaiset mielenosoittajat s\u00e4ilytt\u00e4v\u00e4t tarinansa v\u00e4kivallan edess\u00e4: Mission Network News"}]},{"@type":"WebSite","@id":"https:\/\/transformiran.com\/fi\/#website","url":"https:\/\/transformiran.com\/fi\/","name":"Transform Iran","description":"Bringing the love and power of Christ to Iran - and beyond","publisher":{"@id":"https:\/\/transformiran.com\/fi\/#organization"},"potentialAction":[{"@type":"SearchAction","target":{"@type":"EntryPoint","urlTemplate":"https:\/\/transformiran.com\/fi\/?s={search_term_string}"},"query-input":{"@type":"PropertyValueSpecification","valueRequired":true,"valueName":"search_term_string"}}],"inLanguage":"fi"},{"@type":"Organization","@id":"https:\/\/transformiran.com\/fi\/#organization","name":"Transform Iran","url":"https:\/\/transformiran.com\/fi\/","logo":{"@type":"ImageObject","inLanguage":"fi","@id":"https:\/\/transformiran.com\/fi\/#\/schema\/logo\/image\/","url":"https:\/\/transformiran.com\/app\/uploads\/2022\/11\/logo_grey.jpg","contentUrl":"https:\/\/transformiran.com\/app\/uploads\/2022\/11\/logo_grey.jpg","width":528,"height":90,"caption":"Transform Iran"},"image":{"@id":"https:\/\/transformiran.com\/fi\/#\/schema\/logo\/image\/"},"sameAs":["https:\/\/www.facebook.com\/222MinistriesUSAInc","https:\/\/x.com\/222minint","https:\/\/www.instagram.com\/222ministriesinternational\/"]},{"@type":"Person","@id":"https:\/\/transformiran.com\/fi\/#\/schema\/person\/c0e1862a6f8592d7945bcb851b52cd9c","name":"Lana Silk","image":{"@type":"ImageObject","inLanguage":"fi","@id":"https:\/\/secure.gravatar.com\/avatar\/d632b13d91e0186b2ead0912a0e293a96cf08479bc1b68caebfeca5ef8d55a9f?s=96&d=mm&r=g","url":"https:\/\/secure.gravatar.com\/avatar\/d632b13d91e0186b2ead0912a0e293a96cf08479bc1b68caebfeca5ef8d55a9f?s=96&d=mm&r=g","contentUrl":"https:\/\/secure.gravatar.com\/avatar\/d632b13d91e0186b2ead0912a0e293a96cf08479bc1b68caebfeca5ef8d55a9f?s=96&d=mm&r=g","caption":"Lana Silk"},"url":"https:\/\/transformiran.com\/fi\/author\/lana\/"}]}},"_links":{"self":[{"href":"https:\/\/transformiran.com\/fi\/wp-json\/wp\/v2\/posts\/13448","targetHints":{"allow":["GET"]}}],"collection":[{"href":"https:\/\/transformiran.com\/fi\/wp-json\/wp\/v2\/posts"}],"about":[{"href":"https:\/\/transformiran.com\/fi\/wp-json\/wp\/v2\/types\/post"}],"author":[{"embeddable":true,"href":"https:\/\/transformiran.com\/fi\/wp-json\/wp\/v2\/users\/4"}],"replies":[{"embeddable":true,"href":"https:\/\/transformiran.com\/fi\/wp-json\/wp\/v2\/comments?post=13448"}],"version-history":[{"count":0,"href":"https:\/\/transformiran.com\/fi\/wp-json\/wp\/v2\/posts\/13448\/revisions"}],"wp:featuredmedia":[{"embeddable":true,"href":"https:\/\/transformiran.com\/fi\/wp-json\/wp\/v2\/media\/13454"}],"wp:attachment":[{"href":"https:\/\/transformiran.com\/fi\/wp-json\/wp\/v2\/media?parent=13448"}],"wp:term":[{"taxonomy":"category","embeddable":true,"href":"https:\/\/transformiran.com\/fi\/wp-json\/wp\/v2\/categories?post=13448"},{"taxonomy":"post_tag","embeddable":true,"href":"https:\/\/transformiran.com\/fi\/wp-json\/wp\/v2\/tags?post=13448"}],"curies":[{"name":"wp","href":"https:\/\/api.w.org\/{rel}","templated":true}]}}