{"id":15432,"date":"2024-05-20T19:58:49","date_gmt":"2024-05-20T18:58:49","guid":{"rendered":"https:\/\/transformiran.com\/?p=15432"},"modified":"2024-05-30T15:03:17","modified_gmt":"2024-05-30T14:03:17","slug":"iranin-hyokkayksen-ymmartaminen-israelia-vastaan-iranin-iranin-hyokkays-kristillinen-vastaus-2","status":"publish","type":"post","link":"https:\/\/transformiran.com\/fi\/learn-fi\/iranin-hyokkayksen-ymmartaminen-israelia-vastaan-iranin-iranin-hyokkays-kristillinen-vastaus-2\/","title":{"rendered":"Mit\u00e4 Iranin presidentin Ebrahim Raisin kuolema merkitsee Iranin kristityille ja l\u00e4nsimaille?"},"content":{"rendered":"\n<p>Sunnuntaina 19. toukokuuta Iranin presidentti Ebrahim Raisi ja Iranin hallituksen korkea-arvoisia virkamiehi\u00e4 kuolivat helikopteriturmassa. Mit\u00e4 n\u00e4iden korkeiden hallitushenkil\u00f6iden korvaaminen merkitsee Iranille ja muulle maailmalle?<\/p>\n\n<h2 class=\"wp-block-heading\"><mark style=\"background-color:rgba(0, 0, 0, 0);color:#b38e44\" class=\"has-inline-color\">Mit\u00e4 Iranin presidentille tapahtui?<\/mark><\/h2>\n\n<p>Sunnuntaiaamuna 19. toukokuuta Iranin presidentti Ebrahim Raisi ja Azerbaid\u017eanin presidentti Ilham Alijev vihki Iranin luoteisosassa sijaitsevan padon k\u00e4ytt\u00f6\u00f6n sen j\u00e4lkeen, kun he olivat kiert\u00e4neet useissa osissa laitosta, joka sijaitsee Aras-joen varrella. Jotkut l\u00e4hteet ovat arvelleet, ett\u00e4 Raisi on saattanut k\u00e4ytt\u00e4\u00e4 tilaisuutta my\u00f6s saadakseen tukea uusille hy\u00f6kk\u00e4yksille Israelia vastaan. T\u00e4m\u00e4 on t\u00e4ss\u00e4 vaiheessa pelkk\u00e4\u00e4 spekulaatiota.<\/p>\n\n<p>Samana iltap\u00e4iv\u00e4n\u00e4 presidentti Raisi ja Iranin hallituksen korkea-arvoisia virkamiehi\u00e4 kuljettanut helikopteri sy\u00f6ksyi maahan Dizmarin mets\u00e4ss\u00e4, joka on vuoristoinen alue maan luoteisosassa It\u00e4-Azerbaid\u017eanin maakunnan yll\u00e4.<\/p>\n\n<p>Onnettomuuden v\u00e4lit\u00f6nt\u00e4 syyt\u00e4 ei ollut tiedossa, ja my\u00f6hemmin ilmeni ristiriitaisia yksityiskohtia. Iranin valtiolliset uutiset kutsuivat sit\u00e4 &#8220;tekniseksi viaksi&#8221;. Iranin sis\u00e4ministeri Ahmad Vahidi sanoi, ett\u00e4 helikopteri &#8220;joutui tekem\u00e4\u00e4n pakkolaskun huonon s\u00e4\u00e4n ja sumun vuoksi&#8221;.<\/p>\n\n<p>Etsint\u00e4- ja pelastusryhm\u00e4t viettiv\u00e4t tuntikausia sateessa ja sumussa etsien onnettomuuspaikkaa. Eloonj\u00e4\u00e4neit\u00e4 ei ollut.<\/p>\n\n<h3 class=\"wp-block-heading\"><mark style=\"background-color:rgba(0, 0, 0, 0);color:#282f39\" class=\"has-inline-color\">Kuka oli Iranissa pudonneen helikopterin kyydiss\u00e4?<\/mark><\/h3>\n\n<p>Matkustajina olivat Iranin presidentti Ebrahim Raisi, ulkoministeri Hossein Amir-Abdollahian, Malik Rahmati (Iranin It\u00e4-Azerbaid\u017eanin maakunnan kuvern\u00f6\u00f6ri), ajatollah Mohammad Ali Al-Hashem (Iranin ylimm\u00e4n johtajan edustaja It\u00e4-Azerbaid\u017eanissa), Sardar Seyed Mehdi Mousavi (Raisin vartijaryhm\u00e4n p\u00e4\u00e4llikk\u00f6), lent\u00e4j\u00e4, per\u00e4mies ja lentoteknikko.<\/p>\n\n<h3 class=\"wp-block-heading\"><mark style=\"background-color:rgba(0, 0, 0, 0);color:#282f39\" class=\"has-inline-color\">Oliko Iranin presidentti Raisin kuolema onnettomuus?<\/mark><\/h3>\n\n<p>P\u00e4\u00e4llisin puolin ja kaikkien virallisten lausuntojen mukaan presidentti Raisin kuolema oli onnettomuus. Kukaan ei ole ilmoittanut olevansa vastuussa, ja mik\u00e4 t\u00e4rkeint\u00e4, Israel on kiist\u00e4nyt kaiken osallisuuden. Itse asiassa Raisin kuolemasta ei ole Israelille mit\u00e4\u00e4n todellista strategista hy\u00f6ty\u00e4.<\/p>\n\n<p>On kuitenkin todellisia kysymyksi\u00e4, joihin ei ole saatu tyydytt\u00e4vi\u00e4 vastauksia. T\u00e4m\u00e4n olisi pit\u00e4nyt olla lyhyt rutiinilento kotiin. Kaksi muuta samaan saattueeseen kuulunutta helikopteria p\u00e4\u00e4si turvallisesti takaisin. Jotkut analyytikot ovat jopa sanoneet, ett\u00e4 helikopteri oli hyvin vanha ja j\u00e4lleen yksi esimerkki siit\u00e4, ett\u00e4 Iran antaa enemm\u00e4n arvoa sotilasaseille kuin kotimaisen laivastonsa ajan tasalla pit\u00e4miselle.  <\/p>\n\n<p>Helikopteri, joka kuljetti n\u00e4in arvokasta lastia, olisi varmasti ollut varustettu parhaalla mahdollisella tekniikalla, jotta t\u00e4llainen onnettomuus olisi voitu v\u00e4ltt\u00e4\u00e4. Jos s\u00e4\u00e4olosuhteet olivat niin huonot, miksi heille annettiin l\u00e4ht\u00f6lupa?<\/p>\n\n<h2 class=\"wp-block-heading\"><mark style=\"background-color:rgba(0, 0, 0, 0);color:#b38e44\" class=\"has-inline-color\">Mit\u00e4 tapahtuu nyt, kun Iranin presidentti on kuollut?<\/mark><\/h2>\n\n<p>Vaikka presidentti Raisin kuoleman luonteeseen liittyy monia kysymyksi\u00e4, tied\u00e4mme, ett\u00e4 tilanne aiheuttaa vain hajaannusta ja lis\u00e4\u00e4 j\u00e4nnitteit\u00e4 Iranin kansakunnan sis\u00e4ll\u00e4. Vaikka valtiollinen media on n\u00e4ytt\u00e4nyt nopeasti kuvia surevista iranilaisista, lukemattomat muut ovat juhlineet &#8211; niin Iranissa kuin Syyriassakin. Kovan linjan presidentti, joka oli ansainnut itselleen tittelin &#8220;Teheranin teurastaja&#8221;, ei ole en\u00e4\u00e4.<\/p>\n\n<p>Kun ensimm\u00e4inen varapresidentti Mohammad Mokhber astuu virkaatekev\u00e4n\u00e4 presidenttin\u00e4 ja Ali Bagheri virkaatekev\u00e4n\u00e4 ulkoministerin\u00e4, Iranin kansan kannalta ei tapahdu mit\u00e4\u00e4n my\u00f6nteist\u00e4 muutosta, sill\u00e4 n\u00e4m\u00e4 johtajat vakuuttavat varmasti auktoriteettinsa vaarallisen ja sortohallinnon tukemiseksi.<\/p>\n\n<p>Lis\u00e4ksi Iranin hallituksen rakenne antaa ylimm\u00e4n vallan korkeimmalle johtajalle Ali Khameneille, joka i\u00e4st\u00e4\u00e4n ja heikentyneest\u00e4 terveydentilastaan huolimatta pysyy virassaan. H\u00e4n on ilmoittanut nopeasti, ettei mik\u00e4\u00e4n muutu n\u00e4iden tappioiden seurauksena.<\/p>\n\n<p>On syyt\u00e4 huomata, ett\u00e4 Raisi oli vahva ehdokas, joka oli valmis astumaan vaikutusvaltaisen korkeimman johtajan rooliin. Raisin kuoleman my\u00f6t\u00e4 Khamenein seuraajasta tulee kaikkien mieless\u00e4 oleva keskeinen kysymys.  <\/p>\n\n<div class=\"wp-block-buttons is-content-justification-center is-layout-flex wp-container-core-buttons-is-layout-16018d1d wp-block-buttons-is-layout-flex\">\n<div class=\"wp-block-button\"><a class=\"wp-block-button__link has-white-color has-vivid-red-background-color has-text-color has-background has-link-color has-text-align-center wp-element-button\" href=\"https:\/\/transformiran.com\/fi\/learn-fi\/iranin-islamilainen-hallitus-yleiskatsaus\/\">Tutustu Iranin hallituksen rakenteeseen<\/a><\/div>\n<\/div>\n\n<h2 class=\"wp-block-heading\"><mark style=\"background-color:rgba(0, 0, 0, 0);color:#b38e44\" class=\"has-inline-color\">Mit\u00e4 seurauksia Iranin kristityille on Raisin kuolemasta?<\/mark><\/h2>\n\n<p>El\u00e4mme aikaa, jolloin ajatollat ja islamilainen vallankumouskaarti (IRGC) kilpailevat kaikki vallasta. Sis\u00e4inen valtataistelu h\u00e4iritsee maan jokap\u00e4iv\u00e4ist\u00e4 el\u00e4m\u00e4\u00e4, ja ep\u00e4varmuus saa vallanpit\u00e4j\u00e4t hallitsemaan entist\u00e4 tiukemmalla k\u00e4dell\u00e4.  <\/p>\n\n<p>Iranissa on luvattu uudet vaalit seuraavien 50 p\u00e4iv\u00e4n kuluessa. Iranin vaaleja on kuitenkin valvottu tiukasti islamilaisen hallinnon syntym\u00e4st\u00e4 vuonna 1979 l\u00e4htien, eik\u00e4 ole juurikaan odotettavissa muuta kuin, ett\u00e4 teht\u00e4v\u00e4\u00e4n valitaan kovakourainen, korkeimman johtajan toiveiden mukainen henkil\u00f6.  <\/p>\n\n<p>Erityisesti Iranin kristittyihin kohdistuva vaino jatkuu varmasti ja saattaa voimistua n\u00e4iden johtajavaihdosten my\u00f6t\u00e4. Meid\u00e4n on vahvistettava kirkkoa ja varmistettava, ett\u00e4 evankeliumin sanomaa kuullaan koko maassa, sill\u00e4 iranilaiset etsiv\u00e4t vankkaa pohjaa t\u00e4n\u00e4 ep\u00e4varmuuden aikana.  <\/p>\n\n<p>On t\u00e4rke\u00e4\u00e4 huomata, ett\u00e4 ennen kuin Herra lupasi Elamille (nykyp\u00e4iv\u00e4n Iran) ennalleen palauttamisen, h\u00e4n julisti: &#8220;Min\u00e4 asetan valtaistuimeni Elamiin ja tuhoan sen kuninkaan ja virkamiehet&#8221; (Jeremia 49:38). Emme voi olettaa tiet\u00e4v\u00e4mme Jumalan mielt\u00e4, mutta voisiko olla, ett\u00e4 h\u00e4n valmistelee parhaillaan tiet\u00e4 sille, mit\u00e4 Iranille on tulossa seuraavaksi?<\/p>\n\n<div class=\"wp-block-buttons is-content-justification-center is-layout-flex wp-container-core-buttons-is-layout-16018d1d wp-block-buttons-is-layout-flex\">\n<div class=\"wp-block-button\"><a class=\"wp-block-button__link has-white-color has-vivid-red-background-color has-text-color has-background has-link-color wp-element-button\" href=\"https:\/\/transformiran.com\/fi\/uutiskirjeeseen-rekisteroityminen\/\">Tilaa kuukausittaiset s\u00e4hk\u00f6postip\u00e4ivitykset, jotka auttavat sinua rukoilemaan Iranin puolesta.<\/a><\/div>\n<\/div>\n\n<h2 class=\"wp-block-heading\"><strong><mark style=\"background-color:rgba(0, 0, 0, 0);color:#b38e44\" class=\"has-inline-color\">Mit\u00e4 kristittyjen pit\u00e4isi tehd\u00e4 Iranin presidentin kuoleman j\u00e4lkeen?<\/mark><\/strong><\/h2>\n\n<p>\u00c4lk\u00e4\u00e4mme j\u00e4\u00e4k\u00f6 kiinni nukkumisesta! Iranin tarina muotoutuu, kun me seisomme ja katselemme! Iran on keskeinen toimija alueellaan ja sen ulkopuolella. Kuvitelkaa, millainen vaikutus maailman asioihin olisi, jos &#8220;Iranin kuninkaiden syd\u00e4met&#8221; ohjautuisivat pikemminkin hyv\u00e4\u00e4n kuin pahaan! Rukoile! Ole tietoinen! Osallistu teht\u00e4v\u00e4\u00e4n (lis\u00e4\u00e4 tietoisuutta, <a href=\"https:\/\/transformiran.com\/fi\/donate\/\">tue rahoituksessa<\/a>)!  <\/p>\n\n<p>Tarvitsemme kaikki k\u00e4det kynt\u00f6\u00f6n. Iranilaiset k\u00e4\u00e4ntyv\u00e4t pois islamista ja etsiv\u00e4t vaihtoehtoja. Kirkon on oltava valmis ja varustettu reagoimaan ajoissa.<\/p>\n\n<h3 class=\"wp-block-heading\"><strong><mark style=\"background-color:rgba(0, 0, 0, 0);color:#282f39\" class=\"has-inline-color\">Rukoilkaa Iranin hallituksen puolesta<\/mark><\/strong><\/h3>\n\n<p>&#8220;Kehotan siis ensinn\u00e4kin, ett\u00e4 kaikkien ihmisten puolesta &#8211; <mark style=\"background-color:rgba(0, 0, 0, 0);color:#b38e44\" class=\"has-inline-color\">kuninkaiden ja kaikkien auktoriteettien puolesta<\/mark>&#8211; esitet\u00e4\u00e4n <mark style=\"background-color:rgba(0, 0, 0, 0);color:#b38e44\" class=\"has-inline-color\">anomuksia, rukouksia, esirukouksia<\/mark> ja kiitoksia, jotta voisimme el\u00e4\u00e4 rauhallista ja hiljaista el\u00e4m\u00e4\u00e4 kaikessa jumalisuudessa ja pyhyydess\u00e4.&#8221; 1. Tim. 2:1-2<\/p>\n\n<p>Rukoile, ett\u00e4 Jumalan tahto toteutuu. Rukoilkaa, ett\u00e4 demokratia voittaa. Rukoilkaa oikeudenmukaisten vaalien puolesta. Rukoile, ett\u00e4 ihmisten tahto ja tarpeet tulevat kuulluiksi. Rukoilkaa pelastusta vallassa olevien viranomaisten keskuudessa &#8211; vierailuja heid\u00e4n unissaan ja n\u00e4yiss\u00e4\u00e4n ja voimakkaita Damaskoksen tien kohtaamisia, jotka k\u00e4\u00e4nt\u00e4v\u00e4t heid\u00e4n syd\u00e4mens\u00e4 kohti Jeesusta. Rukoile suojelusta niille, jotka ovat jo k\u00e4\u00e4ntyneet Jeesuksen puoleen.<\/p>\n\n<h3 class=\"wp-block-heading\"><strong><mark style=\"background-color:rgba(0, 0, 0, 0);color:#282f39\" class=\"has-inline-color\">Rukoile Iranin kansan puolesta<\/mark><\/strong><\/h3>\n\n<p>Rukoilkaa rauhaa ep\u00e4varmuuden ja levottomuuden aikana. Rukoilkaa suojelua haavoittuville el\u00e4mille, joissa mielenterveyskriisi ja itsemurhien m\u00e4\u00e4r\u00e4n kasvu pyrkiv\u00e4t aiheuttamaan lis\u00e4\u00e4 tuhoa.<\/p>\n\n<p>&#8220;Varas tulee vain varastamaan ja tappamaan ja tuhoamaan; min\u00e4 olen tullut, ett\u00e4 heill\u00e4 olisi el\u00e4m\u00e4, ja ett\u00e4 he saisivat sen t\u00e4yteen.&#8221; Johannes 10:10<\/p>\n\n<p>Rukoile, ett\u00e4 eksyneet, murtuneet ja toivottomat l\u00f6yt\u00e4v\u00e4t tiens\u00e4 Jeesuksen luo.<\/p>\n\n<div class=\"wp-block-buttons is-content-justification-center is-layout-flex wp-container-core-buttons-is-layout-16018d1d wp-block-buttons-is-layout-flex\">\n<div class=\"wp-block-button\"><a class=\"wp-block-button__link has-white-color has-vivid-red-background-color has-text-color has-background has-link-color wp-element-button\" href=\"https:\/\/transformiran.com\/fi\/our-work\/evangelism\/\">Lue Transform Iranin evankelioimisaloitteista<\/a><\/div>\n<\/div>\n\n<h3 class=\"wp-block-heading\"><strong><mark style=\"background-color:rgba(0, 0, 0, 0);color:#282f39\" class=\"has-inline-color\">Rukoile Iranin kristittyjen puolesta<\/mark><\/strong><\/h3>\n\n<p>&#8220;Antakaa valonne loistaa muiden edess\u00e4, jotta he n\u00e4kisiv\u00e4t teid\u00e4n hyv\u00e4t tekonne ja kirkastaisivat Is\u00e4\u00e4nne taivaissa.&#8221; Matteus 5:16<\/p>\n\n<p>Kirkko, Jeesuksen Kristuksen ruumis, on pime\u00e4n ja kuolevan maailman toivo!<\/p>\n\n<p>Rukoilkaa suojelusta Iranin kristityille, jotka joutuvat p\u00e4ivitt\u00e4in kovaan vainoon. Rukoilkaa rohkeutta olla valo kukkulalla yhteis\u00f6illeen ja kansakunnalleen. Rukoilkaa voimaa ja rohkaisua suuren ep\u00e4varmuuden aikana. Rukoilkaa kirkon kasvun puolesta.<\/p>\n\n<p>&#8220;Min\u00e4 rakennan kirkkoni, eiv\u00e4tk\u00e4 Haadeksen portit voita sit\u00e4.&#8221; Matteus 16:18<\/p>\n\n<div class=\"wp-block-buttons is-content-justification-center is-layout-flex wp-container-core-buttons-is-layout-16018d1d wp-block-buttons-is-layout-flex\">\n<div class=\"wp-block-button\"><a class=\"wp-block-button__link has-white-color has-vivid-red-background-color has-text-color has-background has-link-color wp-element-button\" href=\"https:\/\/transformiran.com\/fi\/rukoile\/\">Rukoilkaa, ett\u00e4 Iranin muslimit kohtaisivat Kristuksen rakkauden.<\/a><\/div>\n<\/div>\n\n<p>Jos voit, <a href=\"https:\/\/transformiran.com\/fi\/donate\/\">lahjoita<\/a>, jotta voimme jatkaa evankeliumin jakamista iranilaisten kanssa, k\u00e4\u00e4nnynn\u00e4isten opettamista ja h\u00e4d\u00e4nalaisten auttamista. Emme lep\u00e4\u00e4 ennen kuin Jumalan sana saavuttaa jokaisen kodin ja syd\u00e4men Iranissa.<\/p>\n","protected":false},"excerpt":{"rendered":"<p>Toukokuun 19. p\u00e4iv\u00e4n\u00e4 2024 Iranin presidentti ja korkeat hallituksen virkamiehet kuolivat helikopterionnettomuudessa. Mitk\u00e4 ovat seuraukset ja mit\u00e4 voimme tehd\u00e4?<\/p>\n","protected":false},"author":4,"featured_media":15443,"comment_status":"open","ping_status":"open","sticky":false,"template":"","format":"standard","meta":{"_acf_changed":false,"give_campaign_id":0,"om_disable_all_campaigns":false,"_mi_skip_tracking":false,"footnotes":""},"categories":[218],"tags":[241,219,220],"class_list":["post-15432","post","type-post","status-publish","format-standard","has-post-thumbnail","hentry","category-learn-fi","tag-hallitus","tag-iran-fi","tag-kirkko"],"acf":[],"yoast_head":"<!-- This site is optimized with the Yoast SEO plugin v27.3 - https:\/\/yoast.com\/product\/yoast-seo-wordpress\/ -->\n<title>Mit\u00e4 Iranin presidentin Ebrahim Raisin kuolema merkitsee Iranin kristityille ja l\u00e4nsimaille? - Transform Iran<\/title>\n<meta name=\"robots\" content=\"index, follow, max-snippet:-1, max-image-preview:large, max-video-preview:-1\" \/>\n<link rel=\"canonical\" href=\"https:\/\/transformiran.com\/fi\/learn-fi\/iranin-hyokkayksen-ymmartaminen-israelia-vastaan-iranin-iranin-hyokkays-kristillinen-vastaus-2\/\" \/>\n<meta property=\"og:locale\" content=\"fi_FI\" \/>\n<meta property=\"og:type\" content=\"article\" \/>\n<meta property=\"og:title\" content=\"Mit\u00e4 Iranin presidentin Ebrahim Raisin kuolema merkitsee Iranin kristityille ja l\u00e4nsimaille? - Transform Iran\" \/>\n<meta property=\"og:description\" content=\"Toukokuun 19. p\u00e4iv\u00e4n\u00e4 2024 Iranin presidentti ja korkeat hallituksen virkamiehet kuolivat helikopterionnettomuudessa. Mitk\u00e4 ovat seuraukset ja mit\u00e4 voimme tehd\u00e4?\" \/>\n<meta property=\"og:url\" content=\"https:\/\/transformiran.com\/fi\/learn-fi\/iranin-hyokkayksen-ymmartaminen-israelia-vastaan-iranin-iranin-hyokkays-kristillinen-vastaus-2\/\" \/>\n<meta property=\"og:site_name\" content=\"Transform Iran\" \/>\n<meta property=\"article:publisher\" content=\"https:\/\/www.facebook.com\/222MinistriesUSAInc\" \/>\n<meta property=\"article:published_time\" content=\"2024-05-20T18:58:49+00:00\" \/>\n<meta property=\"article:modified_time\" content=\"2024-05-30T14:03:17+00:00\" \/>\n<meta property=\"og:image\" content=\"https:\/\/transformiran.com\/app\/uploads\/2024\/05\/Ebrahim_Raisi_19.05.2024_Wikipedia-Commons_Landscape-lite-scaled.jpeg\" \/>\n\t<meta property=\"og:image:width\" content=\"3000\" \/>\n\t<meta property=\"og:image:height\" content=\"1467\" \/>\n\t<meta property=\"og:image:type\" content=\"image\/jpeg\" \/>\n<meta name=\"author\" content=\"Lana Silk\" \/>\n<meta name=\"twitter:card\" content=\"summary_large_image\" \/>\n<meta name=\"twitter:creator\" content=\"@222minint\" \/>\n<meta name=\"twitter:site\" content=\"@222minint\" \/>\n<meta name=\"twitter:label1\" content=\"Written by\" \/>\n\t<meta name=\"twitter:data1\" content=\"Lana Silk\" \/>\n\t<meta name=\"twitter:label2\" content=\"Est. reading time\" \/>\n\t<meta name=\"twitter:data2\" content=\"6 minutes\" \/>\n<script type=\"application\/ld+json\" class=\"yoast-schema-graph\">{\"@context\":\"https:\\\/\\\/schema.org\",\"@graph\":[{\"@type\":\"Article\",\"@id\":\"https:\\\/\\\/transformiran.com\\\/fi\\\/learn-fi\\\/iranin-hyokkayksen-ymmartaminen-israelia-vastaan-iranin-iranin-hyokkays-kristillinen-vastaus-2\\\/#article\",\"isPartOf\":{\"@id\":\"https:\\\/\\\/transformiran.com\\\/fi\\\/learn-fi\\\/iranin-hyokkayksen-ymmartaminen-israelia-vastaan-iranin-iranin-hyokkays-kristillinen-vastaus-2\\\/\"},\"author\":{\"name\":\"Lana Silk\",\"@id\":\"https:\\\/\\\/transformiran.com\\\/fi\\\/#\\\/schema\\\/person\\\/c0e1862a6f8592d7945bcb851b52cd9c\"},\"headline\":\"Mit\u00e4 Iranin presidentin Ebrahim Raisin kuolema merkitsee Iranin kristityille ja l\u00e4nsimaille?\",\"datePublished\":\"2024-05-20T18:58:49+00:00\",\"dateModified\":\"2024-05-30T14:03:17+00:00\",\"mainEntityOfPage\":{\"@id\":\"https:\\\/\\\/transformiran.com\\\/fi\\\/learn-fi\\\/iranin-hyokkayksen-ymmartaminen-israelia-vastaan-iranin-iranin-hyokkays-kristillinen-vastaus-2\\\/\"},\"wordCount\":1113,\"commentCount\":0,\"publisher\":{\"@id\":\"https:\\\/\\\/transformiran.com\\\/fi\\\/#organization\"},\"image\":{\"@id\":\"https:\\\/\\\/transformiran.com\\\/fi\\\/learn-fi\\\/iranin-hyokkayksen-ymmartaminen-israelia-vastaan-iranin-iranin-hyokkays-kristillinen-vastaus-2\\\/#primaryimage\"},\"thumbnailUrl\":\"https:\\\/\\\/transformiran.com\\\/app\\\/uploads\\\/2024\\\/05\\\/Ebrahim_Raisi_19.05.2024_Wikipedia-Commons_Landscape-lite-scaled.jpeg\",\"keywords\":[\"Hallitus\",\"Iran\",\"Kirkko\"],\"articleSection\":[\"Oppia\"],\"inLanguage\":\"fi\",\"potentialAction\":[{\"@type\":\"CommentAction\",\"name\":\"Comment\",\"target\":[\"https:\\\/\\\/transformiran.com\\\/fi\\\/learn-fi\\\/iranin-hyokkayksen-ymmartaminen-israelia-vastaan-iranin-iranin-hyokkays-kristillinen-vastaus-2\\\/#respond\"]}]},{\"@type\":\"WebPage\",\"@id\":\"https:\\\/\\\/transformiran.com\\\/fi\\\/learn-fi\\\/iranin-hyokkayksen-ymmartaminen-israelia-vastaan-iranin-iranin-hyokkays-kristillinen-vastaus-2\\\/\",\"url\":\"https:\\\/\\\/transformiran.com\\\/fi\\\/learn-fi\\\/iranin-hyokkayksen-ymmartaminen-israelia-vastaan-iranin-iranin-hyokkays-kristillinen-vastaus-2\\\/\",\"name\":\"Mit\u00e4 Iranin presidentin Ebrahim Raisin kuolema merkitsee Iranin kristityille ja l\u00e4nsimaille? - Transform Iran\",\"isPartOf\":{\"@id\":\"https:\\\/\\\/transformiran.com\\\/fi\\\/#website\"},\"primaryImageOfPage\":{\"@id\":\"https:\\\/\\\/transformiran.com\\\/fi\\\/learn-fi\\\/iranin-hyokkayksen-ymmartaminen-israelia-vastaan-iranin-iranin-hyokkays-kristillinen-vastaus-2\\\/#primaryimage\"},\"image\":{\"@id\":\"https:\\\/\\\/transformiran.com\\\/fi\\\/learn-fi\\\/iranin-hyokkayksen-ymmartaminen-israelia-vastaan-iranin-iranin-hyokkays-kristillinen-vastaus-2\\\/#primaryimage\"},\"thumbnailUrl\":\"https:\\\/\\\/transformiran.com\\\/app\\\/uploads\\\/2024\\\/05\\\/Ebrahim_Raisi_19.05.2024_Wikipedia-Commons_Landscape-lite-scaled.jpeg\",\"datePublished\":\"2024-05-20T18:58:49+00:00\",\"dateModified\":\"2024-05-30T14:03:17+00:00\",\"breadcrumb\":{\"@id\":\"https:\\\/\\\/transformiran.com\\\/fi\\\/learn-fi\\\/iranin-hyokkayksen-ymmartaminen-israelia-vastaan-iranin-iranin-hyokkays-kristillinen-vastaus-2\\\/#breadcrumb\"},\"inLanguage\":\"fi\",\"potentialAction\":[{\"@type\":\"ReadAction\",\"target\":[\"https:\\\/\\\/transformiran.com\\\/fi\\\/learn-fi\\\/iranin-hyokkayksen-ymmartaminen-israelia-vastaan-iranin-iranin-hyokkays-kristillinen-vastaus-2\\\/\"]}]},{\"@type\":\"ImageObject\",\"inLanguage\":\"fi\",\"@id\":\"https:\\\/\\\/transformiran.com\\\/fi\\\/learn-fi\\\/iranin-hyokkayksen-ymmartaminen-israelia-vastaan-iranin-iranin-hyokkays-kristillinen-vastaus-2\\\/#primaryimage\",\"url\":\"https:\\\/\\\/transformiran.com\\\/app\\\/uploads\\\/2024\\\/05\\\/Ebrahim_Raisi_19.05.2024_Wikipedia-Commons_Landscape-lite-scaled.jpeg\",\"contentUrl\":\"https:\\\/\\\/transformiran.com\\\/app\\\/uploads\\\/2024\\\/05\\\/Ebrahim_Raisi_19.05.2024_Wikipedia-Commons_Landscape-lite-scaled.jpeg\",\"width\":3000,\"height\":1467,\"caption\":\"Screenshot\"},{\"@type\":\"BreadcrumbList\",\"@id\":\"https:\\\/\\\/transformiran.com\\\/fi\\\/learn-fi\\\/iranin-hyokkayksen-ymmartaminen-israelia-vastaan-iranin-iranin-hyokkays-kristillinen-vastaus-2\\\/#breadcrumb\",\"itemListElement\":[{\"@type\":\"ListItem\",\"position\":1,\"name\":\"Home\",\"item\":\"https:\\\/\\\/transformiran.com\\\/fi\\\/home\\\/\"},{\"@type\":\"ListItem\",\"position\":2,\"name\":\"Mit\u00e4 Iranin presidentin Ebrahim Raisin kuolema merkitsee Iranin kristityille ja l\u00e4nsimaille?\"}]},{\"@type\":\"WebSite\",\"@id\":\"https:\\\/\\\/transformiran.com\\\/fi\\\/#website\",\"url\":\"https:\\\/\\\/transformiran.com\\\/fi\\\/\",\"name\":\"Transform Iran\",\"description\":\"Bringing the love and power of Christ to Iran - and beyond\",\"publisher\":{\"@id\":\"https:\\\/\\\/transformiran.com\\\/fi\\\/#organization\"},\"potentialAction\":[{\"@type\":\"SearchAction\",\"target\":{\"@type\":\"EntryPoint\",\"urlTemplate\":\"https:\\\/\\\/transformiran.com\\\/fi\\\/?s={search_term_string}\"},\"query-input\":{\"@type\":\"PropertyValueSpecification\",\"valueRequired\":true,\"valueName\":\"search_term_string\"}}],\"inLanguage\":\"fi\"},{\"@type\":\"Organization\",\"@id\":\"https:\\\/\\\/transformiran.com\\\/fi\\\/#organization\",\"name\":\"Transform Iran\",\"url\":\"https:\\\/\\\/transformiran.com\\\/fi\\\/\",\"logo\":{\"@type\":\"ImageObject\",\"inLanguage\":\"fi\",\"@id\":\"https:\\\/\\\/transformiran.com\\\/fi\\\/#\\\/schema\\\/logo\\\/image\\\/\",\"url\":\"https:\\\/\\\/transformiran.com\\\/app\\\/uploads\\\/2022\\\/11\\\/logo_grey.jpg\",\"contentUrl\":\"https:\\\/\\\/transformiran.com\\\/app\\\/uploads\\\/2022\\\/11\\\/logo_grey.jpg\",\"width\":528,\"height\":90,\"caption\":\"Transform Iran\"},\"image\":{\"@id\":\"https:\\\/\\\/transformiran.com\\\/fi\\\/#\\\/schema\\\/logo\\\/image\\\/\"},\"sameAs\":[\"https:\\\/\\\/www.facebook.com\\\/222MinistriesUSAInc\",\"https:\\\/\\\/x.com\\\/222minint\",\"https:\\\/\\\/www.instagram.com\\\/222ministriesinternational\\\/\"]},{\"@type\":\"Person\",\"@id\":\"https:\\\/\\\/transformiran.com\\\/fi\\\/#\\\/schema\\\/person\\\/c0e1862a6f8592d7945bcb851b52cd9c\",\"name\":\"Lana Silk\",\"image\":{\"@type\":\"ImageObject\",\"inLanguage\":\"fi\",\"@id\":\"https:\\\/\\\/secure.gravatar.com\\\/avatar\\\/d632b13d91e0186b2ead0912a0e293a96cf08479bc1b68caebfeca5ef8d55a9f?s=96&d=mm&r=g\",\"url\":\"https:\\\/\\\/secure.gravatar.com\\\/avatar\\\/d632b13d91e0186b2ead0912a0e293a96cf08479bc1b68caebfeca5ef8d55a9f?s=96&d=mm&r=g\",\"contentUrl\":\"https:\\\/\\\/secure.gravatar.com\\\/avatar\\\/d632b13d91e0186b2ead0912a0e293a96cf08479bc1b68caebfeca5ef8d55a9f?s=96&d=mm&r=g\",\"caption\":\"Lana Silk\"},\"url\":\"https:\\\/\\\/transformiran.com\\\/fi\\\/author\\\/lana\\\/\"}]}<\/script>\n<!-- \/ Yoast SEO plugin. -->","yoast_head_json":{"title":"Mit\u00e4 Iranin presidentin Ebrahim Raisin kuolema merkitsee Iranin kristityille ja l\u00e4nsimaille? - Transform Iran","robots":{"index":"index","follow":"follow","max-snippet":"max-snippet:-1","max-image-preview":"max-image-preview:large","max-video-preview":"max-video-preview:-1"},"canonical":"https:\/\/transformiran.com\/fi\/learn-fi\/iranin-hyokkayksen-ymmartaminen-israelia-vastaan-iranin-iranin-hyokkays-kristillinen-vastaus-2\/","og_locale":"fi_FI","og_type":"article","og_title":"Mit\u00e4 Iranin presidentin Ebrahim Raisin kuolema merkitsee Iranin kristityille ja l\u00e4nsimaille? - Transform Iran","og_description":"Toukokuun 19. p\u00e4iv\u00e4n\u00e4 2024 Iranin presidentti ja korkeat hallituksen virkamiehet kuolivat helikopterionnettomuudessa. Mitk\u00e4 ovat seuraukset ja mit\u00e4 voimme tehd\u00e4?","og_url":"https:\/\/transformiran.com\/fi\/learn-fi\/iranin-hyokkayksen-ymmartaminen-israelia-vastaan-iranin-iranin-hyokkays-kristillinen-vastaus-2\/","og_site_name":"Transform Iran","article_publisher":"https:\/\/www.facebook.com\/222MinistriesUSAInc","article_published_time":"2024-05-20T18:58:49+00:00","article_modified_time":"2024-05-30T14:03:17+00:00","og_image":[{"width":3000,"height":1467,"url":"https:\/\/transformiran.com\/app\/uploads\/2024\/05\/Ebrahim_Raisi_19.05.2024_Wikipedia-Commons_Landscape-lite-scaled.jpeg","type":"image\/jpeg"}],"author":"Lana Silk","twitter_card":"summary_large_image","twitter_creator":"@222minint","twitter_site":"@222minint","twitter_misc":{"Written by":"Lana Silk","Est. reading time":"6 minutes"},"schema":{"@context":"https:\/\/schema.org","@graph":[{"@type":"Article","@id":"https:\/\/transformiran.com\/fi\/learn-fi\/iranin-hyokkayksen-ymmartaminen-israelia-vastaan-iranin-iranin-hyokkays-kristillinen-vastaus-2\/#article","isPartOf":{"@id":"https:\/\/transformiran.com\/fi\/learn-fi\/iranin-hyokkayksen-ymmartaminen-israelia-vastaan-iranin-iranin-hyokkays-kristillinen-vastaus-2\/"},"author":{"name":"Lana Silk","@id":"https:\/\/transformiran.com\/fi\/#\/schema\/person\/c0e1862a6f8592d7945bcb851b52cd9c"},"headline":"Mit\u00e4 Iranin presidentin Ebrahim Raisin kuolema merkitsee Iranin kristityille ja l\u00e4nsimaille?","datePublished":"2024-05-20T18:58:49+00:00","dateModified":"2024-05-30T14:03:17+00:00","mainEntityOfPage":{"@id":"https:\/\/transformiran.com\/fi\/learn-fi\/iranin-hyokkayksen-ymmartaminen-israelia-vastaan-iranin-iranin-hyokkays-kristillinen-vastaus-2\/"},"wordCount":1113,"commentCount":0,"publisher":{"@id":"https:\/\/transformiran.com\/fi\/#organization"},"image":{"@id":"https:\/\/transformiran.com\/fi\/learn-fi\/iranin-hyokkayksen-ymmartaminen-israelia-vastaan-iranin-iranin-hyokkays-kristillinen-vastaus-2\/#primaryimage"},"thumbnailUrl":"https:\/\/transformiran.com\/app\/uploads\/2024\/05\/Ebrahim_Raisi_19.05.2024_Wikipedia-Commons_Landscape-lite-scaled.jpeg","keywords":["Hallitus","Iran","Kirkko"],"articleSection":["Oppia"],"inLanguage":"fi","potentialAction":[{"@type":"CommentAction","name":"Comment","target":["https:\/\/transformiran.com\/fi\/learn-fi\/iranin-hyokkayksen-ymmartaminen-israelia-vastaan-iranin-iranin-hyokkays-kristillinen-vastaus-2\/#respond"]}]},{"@type":"WebPage","@id":"https:\/\/transformiran.com\/fi\/learn-fi\/iranin-hyokkayksen-ymmartaminen-israelia-vastaan-iranin-iranin-hyokkays-kristillinen-vastaus-2\/","url":"https:\/\/transformiran.com\/fi\/learn-fi\/iranin-hyokkayksen-ymmartaminen-israelia-vastaan-iranin-iranin-hyokkays-kristillinen-vastaus-2\/","name":"Mit\u00e4 Iranin presidentin Ebrahim Raisin kuolema merkitsee Iranin kristityille ja l\u00e4nsimaille? - Transform Iran","isPartOf":{"@id":"https:\/\/transformiran.com\/fi\/#website"},"primaryImageOfPage":{"@id":"https:\/\/transformiran.com\/fi\/learn-fi\/iranin-hyokkayksen-ymmartaminen-israelia-vastaan-iranin-iranin-hyokkays-kristillinen-vastaus-2\/#primaryimage"},"image":{"@id":"https:\/\/transformiran.com\/fi\/learn-fi\/iranin-hyokkayksen-ymmartaminen-israelia-vastaan-iranin-iranin-hyokkays-kristillinen-vastaus-2\/#primaryimage"},"thumbnailUrl":"https:\/\/transformiran.com\/app\/uploads\/2024\/05\/Ebrahim_Raisi_19.05.2024_Wikipedia-Commons_Landscape-lite-scaled.jpeg","datePublished":"2024-05-20T18:58:49+00:00","dateModified":"2024-05-30T14:03:17+00:00","breadcrumb":{"@id":"https:\/\/transformiran.com\/fi\/learn-fi\/iranin-hyokkayksen-ymmartaminen-israelia-vastaan-iranin-iranin-hyokkays-kristillinen-vastaus-2\/#breadcrumb"},"inLanguage":"fi","potentialAction":[{"@type":"ReadAction","target":["https:\/\/transformiran.com\/fi\/learn-fi\/iranin-hyokkayksen-ymmartaminen-israelia-vastaan-iranin-iranin-hyokkays-kristillinen-vastaus-2\/"]}]},{"@type":"ImageObject","inLanguage":"fi","@id":"https:\/\/transformiran.com\/fi\/learn-fi\/iranin-hyokkayksen-ymmartaminen-israelia-vastaan-iranin-iranin-hyokkays-kristillinen-vastaus-2\/#primaryimage","url":"https:\/\/transformiran.com\/app\/uploads\/2024\/05\/Ebrahim_Raisi_19.05.2024_Wikipedia-Commons_Landscape-lite-scaled.jpeg","contentUrl":"https:\/\/transformiran.com\/app\/uploads\/2024\/05\/Ebrahim_Raisi_19.05.2024_Wikipedia-Commons_Landscape-lite-scaled.jpeg","width":3000,"height":1467,"caption":"Screenshot"},{"@type":"BreadcrumbList","@id":"https:\/\/transformiran.com\/fi\/learn-fi\/iranin-hyokkayksen-ymmartaminen-israelia-vastaan-iranin-iranin-hyokkays-kristillinen-vastaus-2\/#breadcrumb","itemListElement":[{"@type":"ListItem","position":1,"name":"Home","item":"https:\/\/transformiran.com\/fi\/home\/"},{"@type":"ListItem","position":2,"name":"Mit\u00e4 Iranin presidentin Ebrahim Raisin kuolema merkitsee Iranin kristityille ja l\u00e4nsimaille?"}]},{"@type":"WebSite","@id":"https:\/\/transformiran.com\/fi\/#website","url":"https:\/\/transformiran.com\/fi\/","name":"Transform Iran","description":"Bringing the love and power of Christ to Iran - and beyond","publisher":{"@id":"https:\/\/transformiran.com\/fi\/#organization"},"potentialAction":[{"@type":"SearchAction","target":{"@type":"EntryPoint","urlTemplate":"https:\/\/transformiran.com\/fi\/?s={search_term_string}"},"query-input":{"@type":"PropertyValueSpecification","valueRequired":true,"valueName":"search_term_string"}}],"inLanguage":"fi"},{"@type":"Organization","@id":"https:\/\/transformiran.com\/fi\/#organization","name":"Transform Iran","url":"https:\/\/transformiran.com\/fi\/","logo":{"@type":"ImageObject","inLanguage":"fi","@id":"https:\/\/transformiran.com\/fi\/#\/schema\/logo\/image\/","url":"https:\/\/transformiran.com\/app\/uploads\/2022\/11\/logo_grey.jpg","contentUrl":"https:\/\/transformiran.com\/app\/uploads\/2022\/11\/logo_grey.jpg","width":528,"height":90,"caption":"Transform Iran"},"image":{"@id":"https:\/\/transformiran.com\/fi\/#\/schema\/logo\/image\/"},"sameAs":["https:\/\/www.facebook.com\/222MinistriesUSAInc","https:\/\/x.com\/222minint","https:\/\/www.instagram.com\/222ministriesinternational\/"]},{"@type":"Person","@id":"https:\/\/transformiran.com\/fi\/#\/schema\/person\/c0e1862a6f8592d7945bcb851b52cd9c","name":"Lana Silk","image":{"@type":"ImageObject","inLanguage":"fi","@id":"https:\/\/secure.gravatar.com\/avatar\/d632b13d91e0186b2ead0912a0e293a96cf08479bc1b68caebfeca5ef8d55a9f?s=96&d=mm&r=g","url":"https:\/\/secure.gravatar.com\/avatar\/d632b13d91e0186b2ead0912a0e293a96cf08479bc1b68caebfeca5ef8d55a9f?s=96&d=mm&r=g","contentUrl":"https:\/\/secure.gravatar.com\/avatar\/d632b13d91e0186b2ead0912a0e293a96cf08479bc1b68caebfeca5ef8d55a9f?s=96&d=mm&r=g","caption":"Lana Silk"},"url":"https:\/\/transformiran.com\/fi\/author\/lana\/"}]}},"_links":{"self":[{"href":"https:\/\/transformiran.com\/fi\/wp-json\/wp\/v2\/posts\/15432","targetHints":{"allow":["GET"]}}],"collection":[{"href":"https:\/\/transformiran.com\/fi\/wp-json\/wp\/v2\/posts"}],"about":[{"href":"https:\/\/transformiran.com\/fi\/wp-json\/wp\/v2\/types\/post"}],"author":[{"embeddable":true,"href":"https:\/\/transformiran.com\/fi\/wp-json\/wp\/v2\/users\/4"}],"replies":[{"embeddable":true,"href":"https:\/\/transformiran.com\/fi\/wp-json\/wp\/v2\/comments?post=15432"}],"version-history":[{"count":0,"href":"https:\/\/transformiran.com\/fi\/wp-json\/wp\/v2\/posts\/15432\/revisions"}],"wp:featuredmedia":[{"embeddable":true,"href":"https:\/\/transformiran.com\/fi\/wp-json\/wp\/v2\/media\/15443"}],"wp:attachment":[{"href":"https:\/\/transformiran.com\/fi\/wp-json\/wp\/v2\/media?parent=15432"}],"wp:term":[{"taxonomy":"category","embeddable":true,"href":"https:\/\/transformiran.com\/fi\/wp-json\/wp\/v2\/categories?post=15432"},{"taxonomy":"post_tag","embeddable":true,"href":"https:\/\/transformiran.com\/fi\/wp-json\/wp\/v2\/tags?post=15432"}],"curies":[{"name":"wp","href":"https:\/\/api.w.org\/{rel}","templated":true}]}}