{"id":26590,"date":"2024-11-04T11:48:49","date_gmt":"2024-11-04T11:48:49","guid":{"rendered":"https:\/\/transformiran.com\/uncategorized-fi\/israelin-ja-iranin-konfliktin-taustalla-on-inhimillisia-ja-hengellisia-realiteetteja-mission-network-news\/"},"modified":"2024-11-07T19:32:44","modified_gmt":"2024-11-07T19:32:44","slug":"israelin-ja-iranin-konfliktin-taustalla-on-inhimillisia-ja-hengellisia-realiteetteja-mission-network-news","status":"publish","type":"post","link":"https:\/\/transformiran.com\/fi\/uutishuone\/israelin-ja-iranin-konfliktin-taustalla-on-inhimillisia-ja-hengellisia-realiteetteja-mission-network-news\/","title":{"rendered":"Israelin ja Iranin konfliktin taustalla on inhimillisi\u00e4 ja hengellisi\u00e4 realiteetteja: Mission Network News"},"content":{"rendered":"\n<p>Katie O&#8217;Malley<\/p>\n\n<p><\/p>\n\n<p>Iran (MNN) &#8211; Perjantaista l\u00e4htien Iranin kosto Israelin tekemist\u00e4 <strong><a href=\"https:\/\/apnews.com\/article\/israel-palestinians-hamas-war-lebanon-hezbollah-iran-news-10-26-2024-9c9f366c71c508e6dd0ee74cff8400d2\" target=\"_blank\" rel=\"noreferrer noopener\">26. lokakuuta tehtyihin ohjusiskuihin<\/a><\/strong> Iranin sotilaallisiin kohteisiin oli vain lupaus, joka oli tulossa. Maan johtajat ovat ilmoittaneet vastauksensa <strong><a href=\"https:\/\/www.dw.com\/en\/middle-east-iran-vows-harsh-response-to-israel-attack\/live-70649168\" target=\"_blank\" rel=\"noreferrer noopener\">tulee olemaan voimakas<\/a><\/strong> kun se tulee.   <\/p>\n\n<p>Vaikka monet maailman johtajat ja tavalliset kansalaiset haluaisivatkin, ett\u00e4 asia olisi toisin, <strong>t\u00e4m\u00e4 konflikti on k\u00e4rjistym\u00e4ss\u00e4.<\/strong> Lana Silk ja <strong><a href=\"https:\/\/www.mnnonline.org\/mission_groups\/transform-iran\/\" target=\"_blank\" rel=\"noreferrer noopener\">Transform Iran<\/a><\/strong> auttaa meit\u00e4 ottamaan askeleen taaksep\u00e4in ja tunnistamaan inhimilliset ja henkiset n\u00e4k\u00f6kohdat, jotka ovat l\u00e4sn\u00e4 sen keskell\u00e4.  <\/p>\n\n<p>&#8220;Kristittyin\u00e4 meid\u00e4n on ensimm\u00e4iseksi muistettava ihmiset. Ei s\u00e4\u00e4nt\u00f6j\u00e4, ei politiikkaa, vaan ihmisi\u00e4. [We need to] rukoile <em>ihmisten<\/em> puolesta, kuten Herra haluaa meid\u00e4n rukoilevan&#8221;, Silk sanoo. &#8220;[For] ihmisi\u00e4 Israelissa, ihmisi\u00e4 Iranissa, jotka joutuvat maksamaan t\u00e4st\u00e4 kaikesta, vaikka he eiv\u00e4t aloittaneet sit\u00e4 eiv\u00e4tk\u00e4 p\u00e4\u00e4se lopettamaan sit\u00e4.&#8221; <\/p>\n\n<div class=\"wp-block-media-text has-media-on-the-right is-stacked-on-mobile\"><div class=\"wp-block-media-text__content\">\n<p>Silk selitt\u00e4\u00e4, ett\u00e4 Iranin seuraava sukupolvi on saattanut kasvaa huutaen &#8220;Kuolema Amerikalle&#8221; ja &#8220;Kuolema Israelille&#8221; joka aamu koulussa,<strong> mutta he eiv\u00e4t ole ostaneet sit\u00e4 vihan agendaa, jota Iranin hallinto on tarkoituksellisesti painostanut heihin.<\/strong><\/p>\n\n\n\n<p>&#8220;N\u00e4imme sen kaksi vuotta sitten Mahsa Aminin kuoleman j\u00e4lkeen j\u00e4rjestetyss\u00e4 mielenosoituksessa&#8221;, Silk sanoo. &#8220;Kaikki nuoret ihmiset, jotka ovat kasvaneet t\u00e4ss\u00e4 hallinnossa, k\u00e4\u00e4nsiv\u00e4t tuon laulun p\u00e4\u00e4laelleen ja huusivat &#8216;kuolema diktaattorille&#8217;, kuolema omille hallitsijoilleen.&#8221;   <\/p>\n<\/div><figure class=\"wp-block-media-text__media\"><img loading=\"lazy\" decoding=\"async\" width=\"200\" height=\"300\" src=\"https:\/\/transformiran.com\/app\/uploads\/2024\/11\/TI_story-image-200x300-1.jpeg\" alt=\"\" class=\"wp-image-26573 size-full\"\/><\/figure><\/div>\n\n<p>(Lue lis\u00e4\u00e4 <strong><a href=\"https:\/\/www.mnnonline.org\/news\/irans-political-stance-defiant-but-a-divided-narrative-within\/\" target=\"_blank\" rel=\"noreferrer noopener\">t\u00e4\u00e4lt\u00e4<\/a><\/strong> Iranin kansan vapaudenhalusta.))<\/p>\n\n<p>Riippumatta siit\u00e4, mit\u00e4 seuraavaksi tapahtuu Israelin ja Iranin v\u00e4lisess\u00e4 konfliktissa, Silk sanoo, ett\u00e4 kristittyjen on muistettava evankeliumin totuus maailmassa, joka on nopea tuomitsemaan jotkut ihmiset &#8220;syytt\u00f6miksi&#8221; ja toiset &#8220;syyllisiksi&#8221;.  <\/p>\n\n<p>&#8220;Me kaikki olemme Jumalan armoilla omassa el\u00e4m\u00e4ss\u00e4mme olevien syntien vuoksi. <strong>Kukaan meist\u00e4 ei ole syyt\u00f6n ennen kuin tulemme Jeesuksen luo ja tulemme h\u00e4nen verens\u00e4 peitt\u00e4m\u00e4ksi&#8221;, h\u00e4n sanoo.<\/strong><\/p>\n\n<blockquote class=\"wp-block-quote is-layout-flow wp-block-quote-is-layout-flow\">\n<p><strong>Molemmissa maissa kaikki tarvitsevat Vapahtajaa. Rukoilkaamme, ett\u00e4 he l\u00f6yt\u00e4v\u00e4t Vapahtajansa. Rukoilkaamme, ett\u00e4 heit\u00e4 suojellaan matkalla, kunnes he p\u00e4\u00e4sev\u00e4t Jeesuksen luo. Rukoilkaamme, ett\u00e4 Jumalan tahto toteutuu.   <\/strong><\/p>\n<\/blockquote>\n\n<p>Lue lis\u00e4\u00e4 <strong><a href=\"https:\/\/transformiran.com\/fi\/\" target=\"_blank\" rel=\"noreferrer noopener\">t\u00e4\u00e4ll\u00e4<\/a><\/strong> siit\u00e4, mit\u00e4 Transform Iran tekee Kristuksen toivon levitt\u00e4miseksi.<\/p>\n\n<p><em>Otsikkokuva on edustava varastokuva, jonka on julkaissut Inimafoto A Pexelsin kautta.<\/em><\/p>\n\n<p><em>Insert photo courtesy of Transform Iran<\/em><\/p>\n\n<p><em>Julkaistu alun perin osoitteessa: <a href=\"https:\/\/www.mnnonline.org\/news\/behind-the-israel-iran-conflict-human-and-spiritual-realities-at-stake\/\" target=\"_blank\" rel=\"noreferrer noopener\">Mission Network News<\/a><\/em><\/p>\n\n<p><\/p>\n","protected":false},"excerpt":{"rendered":"<p>Israelin ja Iranin v\u00e4lisen konfliktin k\u00e4rjistyess\u00e4<br \/>\nmuistakaamme, miten t\u00e4rke\u00e4\u00e4 on rukoilla niiden ihmisten puolesta, jotka ovat joutuneet v\u00e4liinputoajiksi.<\/p>\n","protected":false},"author":6,"featured_media":26582,"comment_status":"open","ping_status":"open","sticky":false,"template":"","format":"standard","meta":{"_acf_changed":false,"give_campaign_id":0,"om_disable_all_campaigns":false,"_mi_skip_tracking":false,"footnotes":""},"categories":[240],"tags":[221,241,219,201,262],"class_list":["post-26590","post","type-post","status-publish","format-standard","has-post-thumbnail","hentry","category-uutishuone","tag-evangelism-fi","tag-hallitus","tag-iran-fi","tag-pelastus","tag-rukous"],"acf":[],"yoast_head":"<!-- This site is optimized with the Yoast SEO plugin v27.3 - https:\/\/yoast.com\/product\/yoast-seo-wordpress\/ -->\n<title>Israelin ja Iranin konfliktin taustalla on inhimillisi\u00e4 ja hengellisi\u00e4 realiteetteja: Mission Network News - Transform Iran<\/title>\n<meta name=\"robots\" content=\"index, follow, max-snippet:-1, max-image-preview:large, max-video-preview:-1\" \/>\n<link rel=\"canonical\" href=\"https:\/\/transformiran.com\/fi\/uutishuone\/israelin-ja-iranin-konfliktin-taustalla-on-inhimillisia-ja-hengellisia-realiteetteja-mission-network-news\/\" \/>\n<meta property=\"og:locale\" content=\"fi_FI\" \/>\n<meta property=\"og:type\" content=\"article\" \/>\n<meta property=\"og:title\" content=\"Israelin ja Iranin konfliktin taustalla on inhimillisi\u00e4 ja hengellisi\u00e4 realiteetteja: Mission Network News - Transform Iran\" \/>\n<meta property=\"og:description\" content=\"Israelin ja Iranin v\u00e4lisen konfliktin k\u00e4rjistyess\u00e4 muistakaamme, miten t\u00e4rke\u00e4\u00e4 on rukoilla niiden ihmisten puolesta, jotka ovat joutuneet v\u00e4liinputoajiksi.\" \/>\n<meta property=\"og:url\" content=\"https:\/\/transformiran.com\/fi\/uutishuone\/israelin-ja-iranin-konfliktin-taustalla-on-inhimillisia-ja-hengellisia-realiteetteja-mission-network-news\/\" \/>\n<meta property=\"og:site_name\" content=\"Transform Iran\" \/>\n<meta property=\"article:publisher\" content=\"https:\/\/www.facebook.com\/222MinistriesUSAInc\" \/>\n<meta property=\"article:published_time\" content=\"2024-11-04T11:48:49+00:00\" \/>\n<meta property=\"article:modified_time\" content=\"2024-11-07T19:32:44+00:00\" \/>\n<meta property=\"og:image\" content=\"https:\/\/transformiran.com\/app\/uploads\/2024\/11\/pexels-inima-14413072-1024x912-1.jpg\" \/>\n\t<meta property=\"og:image:width\" content=\"1024\" \/>\n\t<meta property=\"og:image:height\" content=\"912\" \/>\n\t<meta property=\"og:image:type\" content=\"image\/jpeg\" \/>\n<meta name=\"author\" content=\"Ashleigh Bedford\" \/>\n<meta name=\"twitter:card\" content=\"summary_large_image\" \/>\n<meta name=\"twitter:creator\" content=\"@222minint\" \/>\n<meta name=\"twitter:site\" content=\"@222minint\" \/>\n<meta name=\"twitter:label1\" content=\"Written by\" \/>\n\t<meta name=\"twitter:data1\" content=\"Ashleigh Bedford\" \/>\n\t<meta name=\"twitter:label2\" content=\"Est. reading time\" \/>\n\t<meta name=\"twitter:data2\" content=\"2 minutes\" \/>\n<script type=\"application\/ld+json\" class=\"yoast-schema-graph\">{\"@context\":\"https:\\\/\\\/schema.org\",\"@graph\":[{\"@type\":\"Article\",\"@id\":\"https:\\\/\\\/transformiran.com\\\/fi\\\/uutishuone\\\/israelin-ja-iranin-konfliktin-taustalla-on-inhimillisia-ja-hengellisia-realiteetteja-mission-network-news\\\/#article\",\"isPartOf\":{\"@id\":\"https:\\\/\\\/transformiran.com\\\/fi\\\/uutishuone\\\/israelin-ja-iranin-konfliktin-taustalla-on-inhimillisia-ja-hengellisia-realiteetteja-mission-network-news\\\/\"},\"author\":{\"name\":\"Ashleigh Bedford\",\"@id\":\"https:\\\/\\\/transformiran.com\\\/fi\\\/#\\\/schema\\\/person\\\/901d817bcb841b949dbba5fa2886bfe3\"},\"headline\":\"Israelin ja Iranin konfliktin taustalla on inhimillisi\u00e4 ja hengellisi\u00e4 realiteetteja: Mission Network News\",\"datePublished\":\"2024-11-04T11:48:49+00:00\",\"dateModified\":\"2024-11-07T19:32:44+00:00\",\"mainEntityOfPage\":{\"@id\":\"https:\\\/\\\/transformiran.com\\\/fi\\\/uutishuone\\\/israelin-ja-iranin-konfliktin-taustalla-on-inhimillisia-ja-hengellisia-realiteetteja-mission-network-news\\\/\"},\"wordCount\":359,\"commentCount\":0,\"publisher\":{\"@id\":\"https:\\\/\\\/transformiran.com\\\/fi\\\/#organization\"},\"image\":{\"@id\":\"https:\\\/\\\/transformiran.com\\\/fi\\\/uutishuone\\\/israelin-ja-iranin-konfliktin-taustalla-on-inhimillisia-ja-hengellisia-realiteetteja-mission-network-news\\\/#primaryimage\"},\"thumbnailUrl\":\"https:\\\/\\\/transformiran.com\\\/app\\\/uploads\\\/2024\\\/11\\\/pexels-inima-14413072-1024x912-1.jpg\",\"keywords\":[\"Evangelism\",\"Hallitus\",\"Iran\",\"Pelastus\",\"Rukous\"],\"articleSection\":[\"Uutishuone\"],\"inLanguage\":\"fi\",\"potentialAction\":[{\"@type\":\"CommentAction\",\"name\":\"Comment\",\"target\":[\"https:\\\/\\\/transformiran.com\\\/fi\\\/uutishuone\\\/israelin-ja-iranin-konfliktin-taustalla-on-inhimillisia-ja-hengellisia-realiteetteja-mission-network-news\\\/#respond\"]}]},{\"@type\":\"WebPage\",\"@id\":\"https:\\\/\\\/transformiran.com\\\/fi\\\/uutishuone\\\/israelin-ja-iranin-konfliktin-taustalla-on-inhimillisia-ja-hengellisia-realiteetteja-mission-network-news\\\/\",\"url\":\"https:\\\/\\\/transformiran.com\\\/fi\\\/uutishuone\\\/israelin-ja-iranin-konfliktin-taustalla-on-inhimillisia-ja-hengellisia-realiteetteja-mission-network-news\\\/\",\"name\":\"Israelin ja Iranin konfliktin taustalla on inhimillisi\u00e4 ja hengellisi\u00e4 realiteetteja: Mission Network News - Transform Iran\",\"isPartOf\":{\"@id\":\"https:\\\/\\\/transformiran.com\\\/fi\\\/#website\"},\"primaryImageOfPage\":{\"@id\":\"https:\\\/\\\/transformiran.com\\\/fi\\\/uutishuone\\\/israelin-ja-iranin-konfliktin-taustalla-on-inhimillisia-ja-hengellisia-realiteetteja-mission-network-news\\\/#primaryimage\"},\"image\":{\"@id\":\"https:\\\/\\\/transformiran.com\\\/fi\\\/uutishuone\\\/israelin-ja-iranin-konfliktin-taustalla-on-inhimillisia-ja-hengellisia-realiteetteja-mission-network-news\\\/#primaryimage\"},\"thumbnailUrl\":\"https:\\\/\\\/transformiran.com\\\/app\\\/uploads\\\/2024\\\/11\\\/pexels-inima-14413072-1024x912-1.jpg\",\"datePublished\":\"2024-11-04T11:48:49+00:00\",\"dateModified\":\"2024-11-07T19:32:44+00:00\",\"breadcrumb\":{\"@id\":\"https:\\\/\\\/transformiran.com\\\/fi\\\/uutishuone\\\/israelin-ja-iranin-konfliktin-taustalla-on-inhimillisia-ja-hengellisia-realiteetteja-mission-network-news\\\/#breadcrumb\"},\"inLanguage\":\"fi\",\"potentialAction\":[{\"@type\":\"ReadAction\",\"target\":[\"https:\\\/\\\/transformiran.com\\\/fi\\\/uutishuone\\\/israelin-ja-iranin-konfliktin-taustalla-on-inhimillisia-ja-hengellisia-realiteetteja-mission-network-news\\\/\"]}]},{\"@type\":\"ImageObject\",\"inLanguage\":\"fi\",\"@id\":\"https:\\\/\\\/transformiran.com\\\/fi\\\/uutishuone\\\/israelin-ja-iranin-konfliktin-taustalla-on-inhimillisia-ja-hengellisia-realiteetteja-mission-network-news\\\/#primaryimage\",\"url\":\"https:\\\/\\\/transformiran.com\\\/app\\\/uploads\\\/2024\\\/11\\\/pexels-inima-14413072-1024x912-1.jpg\",\"contentUrl\":\"https:\\\/\\\/transformiran.com\\\/app\\\/uploads\\\/2024\\\/11\\\/pexels-inima-14413072-1024x912-1.jpg\",\"width\":1024,\"height\":912},{\"@type\":\"BreadcrumbList\",\"@id\":\"https:\\\/\\\/transformiran.com\\\/fi\\\/uutishuone\\\/israelin-ja-iranin-konfliktin-taustalla-on-inhimillisia-ja-hengellisia-realiteetteja-mission-network-news\\\/#breadcrumb\",\"itemListElement\":[{\"@type\":\"ListItem\",\"position\":1,\"name\":\"Home\",\"item\":\"https:\\\/\\\/transformiran.com\\\/fi\\\/home\\\/\"},{\"@type\":\"ListItem\",\"position\":2,\"name\":\"Israelin ja Iranin konfliktin taustalla on inhimillisi\u00e4 ja hengellisi\u00e4 realiteetteja: Mission Network News\"}]},{\"@type\":\"WebSite\",\"@id\":\"https:\\\/\\\/transformiran.com\\\/fi\\\/#website\",\"url\":\"https:\\\/\\\/transformiran.com\\\/fi\\\/\",\"name\":\"Transform Iran\",\"description\":\"Bringing the love and power of Christ to Iran - and beyond\",\"publisher\":{\"@id\":\"https:\\\/\\\/transformiran.com\\\/fi\\\/#organization\"},\"potentialAction\":[{\"@type\":\"SearchAction\",\"target\":{\"@type\":\"EntryPoint\",\"urlTemplate\":\"https:\\\/\\\/transformiran.com\\\/fi\\\/?s={search_term_string}\"},\"query-input\":{\"@type\":\"PropertyValueSpecification\",\"valueRequired\":true,\"valueName\":\"search_term_string\"}}],\"inLanguage\":\"fi\"},{\"@type\":\"Organization\",\"@id\":\"https:\\\/\\\/transformiran.com\\\/fi\\\/#organization\",\"name\":\"Transform Iran\",\"url\":\"https:\\\/\\\/transformiran.com\\\/fi\\\/\",\"logo\":{\"@type\":\"ImageObject\",\"inLanguage\":\"fi\",\"@id\":\"https:\\\/\\\/transformiran.com\\\/fi\\\/#\\\/schema\\\/logo\\\/image\\\/\",\"url\":\"https:\\\/\\\/transformiran.com\\\/app\\\/uploads\\\/2022\\\/11\\\/logo_grey.jpg\",\"contentUrl\":\"https:\\\/\\\/transformiran.com\\\/app\\\/uploads\\\/2022\\\/11\\\/logo_grey.jpg\",\"width\":528,\"height\":90,\"caption\":\"Transform Iran\"},\"image\":{\"@id\":\"https:\\\/\\\/transformiran.com\\\/fi\\\/#\\\/schema\\\/logo\\\/image\\\/\"},\"sameAs\":[\"https:\\\/\\\/www.facebook.com\\\/222MinistriesUSAInc\",\"https:\\\/\\\/x.com\\\/222minint\",\"https:\\\/\\\/www.instagram.com\\\/222ministriesinternational\\\/\"]},{\"@type\":\"Person\",\"@id\":\"https:\\\/\\\/transformiran.com\\\/fi\\\/#\\\/schema\\\/person\\\/901d817bcb841b949dbba5fa2886bfe3\",\"name\":\"Ashleigh Bedford\",\"image\":{\"@type\":\"ImageObject\",\"inLanguage\":\"fi\",\"@id\":\"https:\\\/\\\/secure.gravatar.com\\\/avatar\\\/fe25a0a0785840df62a592de76ed79e48013f590cc9a874b448f15b293751483?s=96&d=mm&r=g\",\"url\":\"https:\\\/\\\/secure.gravatar.com\\\/avatar\\\/fe25a0a0785840df62a592de76ed79e48013f590cc9a874b448f15b293751483?s=96&d=mm&r=g\",\"contentUrl\":\"https:\\\/\\\/secure.gravatar.com\\\/avatar\\\/fe25a0a0785840df62a592de76ed79e48013f590cc9a874b448f15b293751483?s=96&d=mm&r=g\",\"caption\":\"Ashleigh Bedford\"},\"url\":\"https:\\\/\\\/transformiran.com\\\/fi\\\/author\\\/ashleigh\\\/\"}]}<\/script>\n<!-- \/ Yoast SEO plugin. -->","yoast_head_json":{"title":"Israelin ja Iranin konfliktin taustalla on inhimillisi\u00e4 ja hengellisi\u00e4 realiteetteja: Mission Network News - Transform Iran","robots":{"index":"index","follow":"follow","max-snippet":"max-snippet:-1","max-image-preview":"max-image-preview:large","max-video-preview":"max-video-preview:-1"},"canonical":"https:\/\/transformiran.com\/fi\/uutishuone\/israelin-ja-iranin-konfliktin-taustalla-on-inhimillisia-ja-hengellisia-realiteetteja-mission-network-news\/","og_locale":"fi_FI","og_type":"article","og_title":"Israelin ja Iranin konfliktin taustalla on inhimillisi\u00e4 ja hengellisi\u00e4 realiteetteja: Mission Network News - Transform Iran","og_description":"Israelin ja Iranin v\u00e4lisen konfliktin k\u00e4rjistyess\u00e4 muistakaamme, miten t\u00e4rke\u00e4\u00e4 on rukoilla niiden ihmisten puolesta, jotka ovat joutuneet v\u00e4liinputoajiksi.","og_url":"https:\/\/transformiran.com\/fi\/uutishuone\/israelin-ja-iranin-konfliktin-taustalla-on-inhimillisia-ja-hengellisia-realiteetteja-mission-network-news\/","og_site_name":"Transform Iran","article_publisher":"https:\/\/www.facebook.com\/222MinistriesUSAInc","article_published_time":"2024-11-04T11:48:49+00:00","article_modified_time":"2024-11-07T19:32:44+00:00","og_image":[{"width":1024,"height":912,"url":"https:\/\/transformiran.com\/app\/uploads\/2024\/11\/pexels-inima-14413072-1024x912-1.jpg","type":"image\/jpeg"}],"author":"Ashleigh Bedford","twitter_card":"summary_large_image","twitter_creator":"@222minint","twitter_site":"@222minint","twitter_misc":{"Written by":"Ashleigh Bedford","Est. reading time":"2 minutes"},"schema":{"@context":"https:\/\/schema.org","@graph":[{"@type":"Article","@id":"https:\/\/transformiran.com\/fi\/uutishuone\/israelin-ja-iranin-konfliktin-taustalla-on-inhimillisia-ja-hengellisia-realiteetteja-mission-network-news\/#article","isPartOf":{"@id":"https:\/\/transformiran.com\/fi\/uutishuone\/israelin-ja-iranin-konfliktin-taustalla-on-inhimillisia-ja-hengellisia-realiteetteja-mission-network-news\/"},"author":{"name":"Ashleigh Bedford","@id":"https:\/\/transformiran.com\/fi\/#\/schema\/person\/901d817bcb841b949dbba5fa2886bfe3"},"headline":"Israelin ja Iranin konfliktin taustalla on inhimillisi\u00e4 ja hengellisi\u00e4 realiteetteja: Mission Network News","datePublished":"2024-11-04T11:48:49+00:00","dateModified":"2024-11-07T19:32:44+00:00","mainEntityOfPage":{"@id":"https:\/\/transformiran.com\/fi\/uutishuone\/israelin-ja-iranin-konfliktin-taustalla-on-inhimillisia-ja-hengellisia-realiteetteja-mission-network-news\/"},"wordCount":359,"commentCount":0,"publisher":{"@id":"https:\/\/transformiran.com\/fi\/#organization"},"image":{"@id":"https:\/\/transformiran.com\/fi\/uutishuone\/israelin-ja-iranin-konfliktin-taustalla-on-inhimillisia-ja-hengellisia-realiteetteja-mission-network-news\/#primaryimage"},"thumbnailUrl":"https:\/\/transformiran.com\/app\/uploads\/2024\/11\/pexels-inima-14413072-1024x912-1.jpg","keywords":["Evangelism","Hallitus","Iran","Pelastus","Rukous"],"articleSection":["Uutishuone"],"inLanguage":"fi","potentialAction":[{"@type":"CommentAction","name":"Comment","target":["https:\/\/transformiran.com\/fi\/uutishuone\/israelin-ja-iranin-konfliktin-taustalla-on-inhimillisia-ja-hengellisia-realiteetteja-mission-network-news\/#respond"]}]},{"@type":"WebPage","@id":"https:\/\/transformiran.com\/fi\/uutishuone\/israelin-ja-iranin-konfliktin-taustalla-on-inhimillisia-ja-hengellisia-realiteetteja-mission-network-news\/","url":"https:\/\/transformiran.com\/fi\/uutishuone\/israelin-ja-iranin-konfliktin-taustalla-on-inhimillisia-ja-hengellisia-realiteetteja-mission-network-news\/","name":"Israelin ja Iranin konfliktin taustalla on inhimillisi\u00e4 ja hengellisi\u00e4 realiteetteja: Mission Network News - Transform Iran","isPartOf":{"@id":"https:\/\/transformiran.com\/fi\/#website"},"primaryImageOfPage":{"@id":"https:\/\/transformiran.com\/fi\/uutishuone\/israelin-ja-iranin-konfliktin-taustalla-on-inhimillisia-ja-hengellisia-realiteetteja-mission-network-news\/#primaryimage"},"image":{"@id":"https:\/\/transformiran.com\/fi\/uutishuone\/israelin-ja-iranin-konfliktin-taustalla-on-inhimillisia-ja-hengellisia-realiteetteja-mission-network-news\/#primaryimage"},"thumbnailUrl":"https:\/\/transformiran.com\/app\/uploads\/2024\/11\/pexels-inima-14413072-1024x912-1.jpg","datePublished":"2024-11-04T11:48:49+00:00","dateModified":"2024-11-07T19:32:44+00:00","breadcrumb":{"@id":"https:\/\/transformiran.com\/fi\/uutishuone\/israelin-ja-iranin-konfliktin-taustalla-on-inhimillisia-ja-hengellisia-realiteetteja-mission-network-news\/#breadcrumb"},"inLanguage":"fi","potentialAction":[{"@type":"ReadAction","target":["https:\/\/transformiran.com\/fi\/uutishuone\/israelin-ja-iranin-konfliktin-taustalla-on-inhimillisia-ja-hengellisia-realiteetteja-mission-network-news\/"]}]},{"@type":"ImageObject","inLanguage":"fi","@id":"https:\/\/transformiran.com\/fi\/uutishuone\/israelin-ja-iranin-konfliktin-taustalla-on-inhimillisia-ja-hengellisia-realiteetteja-mission-network-news\/#primaryimage","url":"https:\/\/transformiran.com\/app\/uploads\/2024\/11\/pexels-inima-14413072-1024x912-1.jpg","contentUrl":"https:\/\/transformiran.com\/app\/uploads\/2024\/11\/pexels-inima-14413072-1024x912-1.jpg","width":1024,"height":912},{"@type":"BreadcrumbList","@id":"https:\/\/transformiran.com\/fi\/uutishuone\/israelin-ja-iranin-konfliktin-taustalla-on-inhimillisia-ja-hengellisia-realiteetteja-mission-network-news\/#breadcrumb","itemListElement":[{"@type":"ListItem","position":1,"name":"Home","item":"https:\/\/transformiran.com\/fi\/home\/"},{"@type":"ListItem","position":2,"name":"Israelin ja Iranin konfliktin taustalla on inhimillisi\u00e4 ja hengellisi\u00e4 realiteetteja: Mission Network News"}]},{"@type":"WebSite","@id":"https:\/\/transformiran.com\/fi\/#website","url":"https:\/\/transformiran.com\/fi\/","name":"Transform Iran","description":"Bringing the love and power of Christ to Iran - and beyond","publisher":{"@id":"https:\/\/transformiran.com\/fi\/#organization"},"potentialAction":[{"@type":"SearchAction","target":{"@type":"EntryPoint","urlTemplate":"https:\/\/transformiran.com\/fi\/?s={search_term_string}"},"query-input":{"@type":"PropertyValueSpecification","valueRequired":true,"valueName":"search_term_string"}}],"inLanguage":"fi"},{"@type":"Organization","@id":"https:\/\/transformiran.com\/fi\/#organization","name":"Transform Iran","url":"https:\/\/transformiran.com\/fi\/","logo":{"@type":"ImageObject","inLanguage":"fi","@id":"https:\/\/transformiran.com\/fi\/#\/schema\/logo\/image\/","url":"https:\/\/transformiran.com\/app\/uploads\/2022\/11\/logo_grey.jpg","contentUrl":"https:\/\/transformiran.com\/app\/uploads\/2022\/11\/logo_grey.jpg","width":528,"height":90,"caption":"Transform Iran"},"image":{"@id":"https:\/\/transformiran.com\/fi\/#\/schema\/logo\/image\/"},"sameAs":["https:\/\/www.facebook.com\/222MinistriesUSAInc","https:\/\/x.com\/222minint","https:\/\/www.instagram.com\/222ministriesinternational\/"]},{"@type":"Person","@id":"https:\/\/transformiran.com\/fi\/#\/schema\/person\/901d817bcb841b949dbba5fa2886bfe3","name":"Ashleigh Bedford","image":{"@type":"ImageObject","inLanguage":"fi","@id":"https:\/\/secure.gravatar.com\/avatar\/fe25a0a0785840df62a592de76ed79e48013f590cc9a874b448f15b293751483?s=96&d=mm&r=g","url":"https:\/\/secure.gravatar.com\/avatar\/fe25a0a0785840df62a592de76ed79e48013f590cc9a874b448f15b293751483?s=96&d=mm&r=g","contentUrl":"https:\/\/secure.gravatar.com\/avatar\/fe25a0a0785840df62a592de76ed79e48013f590cc9a874b448f15b293751483?s=96&d=mm&r=g","caption":"Ashleigh Bedford"},"url":"https:\/\/transformiran.com\/fi\/author\/ashleigh\/"}]}},"_links":{"self":[{"href":"https:\/\/transformiran.com\/fi\/wp-json\/wp\/v2\/posts\/26590","targetHints":{"allow":["GET"]}}],"collection":[{"href":"https:\/\/transformiran.com\/fi\/wp-json\/wp\/v2\/posts"}],"about":[{"href":"https:\/\/transformiran.com\/fi\/wp-json\/wp\/v2\/types\/post"}],"author":[{"embeddable":true,"href":"https:\/\/transformiran.com\/fi\/wp-json\/wp\/v2\/users\/6"}],"replies":[{"embeddable":true,"href":"https:\/\/transformiran.com\/fi\/wp-json\/wp\/v2\/comments?post=26590"}],"version-history":[{"count":0,"href":"https:\/\/transformiran.com\/fi\/wp-json\/wp\/v2\/posts\/26590\/revisions"}],"wp:featuredmedia":[{"embeddable":true,"href":"https:\/\/transformiran.com\/fi\/wp-json\/wp\/v2\/media\/26582"}],"wp:attachment":[{"href":"https:\/\/transformiran.com\/fi\/wp-json\/wp\/v2\/media?parent=26590"}],"wp:term":[{"taxonomy":"category","embeddable":true,"href":"https:\/\/transformiran.com\/fi\/wp-json\/wp\/v2\/categories?post=26590"},{"taxonomy":"post_tag","embeddable":true,"href":"https:\/\/transformiran.com\/fi\/wp-json\/wp\/v2\/tags?post=26590"}],"curies":[{"name":"wp","href":"https:\/\/api.w.org\/{rel}","templated":true}]}}