{"id":37707,"date":"2026-04-07T20:06:06","date_gmt":"2026-04-07T19:06:06","guid":{"rendered":"https:\/\/transformiran.com\/uncategorized-fi\/suola-ja-valo-vaino-ja-kasvava-kirkko\/"},"modified":"2026-04-27T17:02:57","modified_gmt":"2026-04-27T16:02:57","slug":"suola-ja-valo-vaino-ja-kasvava-kirkko","status":"publish","type":"post","link":"https:\/\/transformiran.com\/fi\/uutishuone\/suola-ja-valo-vaino-ja-kasvava-kirkko\/","title":{"rendered":"Suola ja valo: Vaino ja kasvava kirkko."},"content":{"rendered":"\n<p class=\"has-medium-font-size\">Iran hallitsee edelleen maailmanlaajuisia otsikoita mielenosoituksineen, v\u00e4kivaltaisine tukahduttamisineen ja kiihtyvine konflikteineen, mutta todellisuus maassa on sek\u00e4 tuhoisampi ett\u00e4 monimutkaisempi kuin monet ymm\u00e4rt\u00e4v\u00e4t.  <\/p>\n\n<p class=\"has-medium-font-size\">T\u00e4ss\u00e4 Release Internationalin \u00e4\u00e4nipodcastissa Transform Iranin perustaja Lazarus Yeghnazar tarjoaa harvinaisen, syv\u00e4sti henkil\u00f6kohtaisen n\u00e4k\u00f6kulman. H\u00e4n kuvailee vuosikymmeni\u00e4 kest\u00e4nytt\u00e4 yhteytt\u00e4 maahan ja sen maanalaiseen kirkkoon ja kertoo kansakunnasta, joka on valtavan paineen alla, mutta my\u00f6s kansakunnasta, joka kokee poikkeuksellista hengellist\u00e4 muutosta. <\/p>\n\n<figure class=\"wp-block-audio\"><audio controls=\"\" src=\"https:\/\/transformiran.com\/app\/uploads\/2026\/04\/salt-and-light-the-church-in-iran.mp3\"><\/audio><\/figure>\n\n<h2 class=\"wp-block-heading\">&#8220;T\u00e4m\u00e4 ei ole rangaistus &#8211; t\u00e4m\u00e4 on julmuutta&#8221;<\/h2>\n\n<p>Kansainv\u00e4lisiss\u00e4 raporteissa on kuvattu mielenosoitusten &#8220;voimakasta tukahduttamista&#8221;. Yeghnazar on selv\u00e4: t\u00e4m\u00e4 kieli ei mene tarpeeksi pitk\u00e4lle. <\/p>\n\n<p>H\u00e4n kuvailee tapahtumia &#8220;t\u00e4ysin barbaarisiksi&#8221; &#8211; nuoret, opiskelijat ja jopa terveydenhuollon ty\u00f6ntekij\u00e4t ovat joutuneet v\u00e4kivallan kohteeksi. Jotkut raitistuttavimmista kertomuksista eiv\u00e4t ole mielenosoittajista vaan niist\u00e4, jotka yritt\u00e4v\u00e4t auttaa heit\u00e4.   <\/p>\n\n<blockquote class=\"wp-block-quote is-layout-flow wp-block-quote-is-layout-flow\">\n<p>L\u00e4\u00e4k\u00e4reit\u00e4 ja sairaanhoitajia on pid\u00e4tetty tai jopa tapettu pelk\u00e4st\u00e4\u00e4n haavoittuneiden hoitamisesta. Er\u00e4\u00e4ss\u00e4 tapauksessa kristitty ty\u00f6ntekij\u00e4 ammuttiin l\u00e4hiet\u00e4isyydelt\u00e4 &#8211; ei mielenosoituksesta vaan haavoittuneiden auttamisesta. <\/p>\n<\/blockquote>\n\n<p>H\u00e4nen mukaansa t\u00e4m\u00e4 heijastaa jotain syvemp\u00e4\u00e4 kuin poliittista levottomuutta. Kyse on j\u00e4rjestelm\u00e4st\u00e4, joka pit\u00e4\u00e4 erimielisyytt\u00e4 &#8211; mit\u00e4 tahansa erimielisyytt\u00e4 &#8211; uhkana, joka on eliminoitava. <\/p>\n\n<h3 class=\"wp-block-heading\">Kansakunta pitk\u00e4n aikav\u00e4lin paineen alla<\/h3>\n\n<p>Mielenosoitukset eiv\u00e4t tulleet tyhj\u00e4st\u00e4. Ne ovat seurausta vuosien ajan jatkuneesta sorrosta, ep\u00e4tasa-arvosta ja kasvavasta turhautumisesta &#8211; erityisesti nuorten keskuudessa. <\/p>\n\n<blockquote class=\"wp-block-quote is-layout-flow wp-block-quote-is-layout-flow\">\n<p>Kyse ei ole vain poliittisesta valvonnasta. Kyse on hallinnosta, joka pit\u00e4\u00e4 kansakuntaa jonkinlaisena omaisuutenaan. <\/p>\n<\/blockquote>\n\n<p>Seuraukset ovat vakavia. Kymmenien tuhansien on raportoitu saaneen surmansa iskuissa, ja monet muut ovat vangittuina. Kauheita tarinoita julkaistaan edelleen teini-ik\u00e4isist\u00e4, joita on pahoinpidelty ja traumatisoitu vankeudessa.  <\/p>\n\n<p>Tilannetta ei voida ymm\u00e4rt\u00e4\u00e4 vain &#8220;levottomuuden hetken\u00e4&#8221;.<\/p>\n\n<h3 class=\"wp-block-heading\">Konflikti, k\u00e4rsimys ja jakautunut vastaus<\/h3>\n\n<p>Viimeaikaisesta konfliktista puhuessaan Yeghnazar k\u00e4ytt\u00e4\u00e4 silmiinpist\u00e4v\u00e4\u00e4 analogiaa: kyseess\u00e4 on ollut pitk\u00e4\u00e4n kasvanut sy\u00f6p\u00e4, joka vaatii nyt kiireellisi\u00e4 ja kivuliaita toimenpiteit\u00e4.<\/p>\n\n<p>H\u00e4n ei juhli tuhoa. H\u00e4n selitt\u00e4\u00e4 kuitenkin, miksi jotkut iranilaiset, erityisesti ne, jotka ovat k\u00e4rsineet vuosikymmeni\u00e4 kest\u00e4neest\u00e4 sorrosta, n\u00e4kev\u00e4t tapahtumat eri tavalla kuin ulkopuoliset tarkkailijat. <\/p>\n\n<blockquote class=\"wp-block-quote is-layout-flow wp-block-quote-is-layout-flow\">\n<p>Monille kyse ei ole politiikasta tai geopolitiikasta, vaan selviytymisest\u00e4. Kyse on siit\u00e4, ett\u00e4 poistetaan ne voimat, joita h\u00e4n kuvailee &#8220;kansakuntaa tukahduttaviksi&#8221;. <\/p>\n<\/blockquote>\n\n<p>Samalla humanitaarinen vaikutus on kiistaton. Siviilit joutuvat laskeuman keskelle. Pelko, ep\u00e4vakaus ja niukkuus lis\u00e4\u00e4ntyv\u00e4t nopeasti.  <\/p>\n\n<h2 class=\"wp-block-heading\">Kirkko: Kirkko: N\u00e4kyv\u00e4 usko maksaa<\/h2>\n\n<p>Iranin kristityille vaino ei ole teoreettista, vaan hyvin k\u00e4yt\u00e4nn\u00f6nl\u00e4heist\u00e4.<\/p>\n\n<p>Yeghnazar selitt\u00e4\u00e4 asian yksinkertaisesti: uskoa sin\u00e4ns\u00e4 voidaan suvaita, mutta n\u00e4kyv\u00e4\u00e4 uskoa ei.<\/p>\n\n<p>Voit olla kristitty hiljaa. Mutta sill\u00e4 hetkell\u00e4, kun alat jakaa uskoasi, opettaa muita tai kastaa uusia uskovia, astut riskiin. H\u00e4n pohtii Jeesuksen opetusta suolana ja valona olemisesta &#8211; ja sit\u00e4, miten se toteutuu nykyp\u00e4iv\u00e4n Iranissa. Uskoville sanotaan k\u00e4yt\u00e4nn\u00f6ss\u00e4: olkaa suola, mutta \u00e4lk\u00e4\u00e4 olko liian suolaisia; olkaa valo, mutta \u00e4lk\u00e4\u00e4 loistako liian kirkkaasti.   <\/p>\n\n<blockquote class=\"wp-block-quote is-layout-flow wp-block-quote-is-layout-flow\">\n<p>Totuus on, ett\u00e4 kun usko tulee n\u00e4kyv\u00e4ksi &#8211; kun se alkaa muuttaa muita &#8211; silloin tulee vastustusta.<\/p>\n<\/blockquote>\n\n<p>Juuri t\u00e4m\u00e4n vuoksi Iranin kirkko jatkaa kasvuaan.<\/p>\n\n<h3 class=\"wp-block-heading\">Unohdettu tarina: The Missionaries Who Came Before<\/h3>\n\n<p>Kauan ennen nykyist\u00e4 maanalaista kirkkoa kristittyjen l\u00e4hetyssaarnaajien sukupolvet muokkasivat Irania.<\/p>\n\n<p>He rakensivat sairaaloita ja kouluja ja palvelivat yhteis\u00f6j\u00e4 eri puolilla maata &#8211; usein suurella henkil\u00f6kohtaisella kustannuksella. Monet viettiv\u00e4t siell\u00e4 koko el\u00e4m\u00e4ns\u00e4, ja heid\u00e4t on haudattu Iranin maaper\u00e4\u00e4n.   <\/p>\n\n<p>Kaikista uhrauksista huolimatta tuolloin ei kuitenkaan saatu juurikaan n\u00e4kyvi\u00e4 tuloksia. Yli vuosisadan ty\u00f6n j\u00e4lkeen tiedossa oli vain muutama sata muslimitaustaista uskovaa. <\/p>\n\n<p>Yeghnazar selitt\u00e4\u00e4, ett\u00e4 my\u00f6hemmin hallinto syytti n\u00e4it\u00e4 samoja l\u00e4hetyssaarnaajia v\u00e4\u00e4rin perustein ulkomaisista vakoojista.<\/p>\n\n<blockquote class=\"wp-block-quote is-layout-flow wp-block-quote-is-layout-flow\">\n<p>He tulivat palvelemaan, eiv\u00e4t politiikan tai vallan vuoksi.<\/p>\n<\/blockquote>\n\n<p>Heid\u00e4n perint\u00f6ns\u00e4 on vasta nyt t\u00e4ysin toteutumassa.<\/p>\n\n<h3 class=\"wp-block-heading\">Kourallisesta uskovia kasvavaksi liikkeeksi<\/h3>\n\n<p>Se, mit\u00e4 viime vuosikymmenin\u00e4 on tapahtunut, on merkitt\u00e4v\u00e4\u00e4. Iranin kristittyjen m\u00e4\u00e4r\u00e4 on kasvanut muutamasta sadasta uskovasta reilusti yli miljoonaan. <\/p>\n\n<p>T\u00e4m\u00e4 kasvu ei ole noudattanut tyypillisi\u00e4 malleja. Se ei ole johtunut ensisijaisesti julkisesta evankelioimisesta tai institutionaalisesta laajentumisesta. Sen sijaan monet iranilaiset kohtaavat Jeesuksen henkil\u00f6kohtaisesti &#8211; usein ennen kuin he ovat koskaan puhuneet toiselle kristitylle.  <\/p>\n\n<p>Yeghnazar kuvaa, miten <a href=\"https:\/\/transformiran.com\/fi\/uutishuone\/yha-useammat-muslimit-kohtaavat-jeesuksen-unissa-cbn-news\/\" target=\"_blank\" rel=\"noreferrer noopener\">unilla ja n\u00e4yill\u00e4 on<\/a> merkitt\u00e4v\u00e4 rooli. Eri puolilla maata erilaisista taustoista tulevat ihmiset &#8211; muslimit, riippuvuuden kanssa kamppailevat ja kriisiss\u00e4 olevat &#8211; raportoivat kohtaamisista Kristuksen kanssa. <\/p>\n\n<p>Se on hiljainen. Se on henkil\u00f6kohtainen. Mutta se on laajalle levinnyt. Ja se muokkaa kansakunnan hengellist\u00e4 maisemaa.   <\/p>\n\n<h2 class=\"wp-block-heading\">Valmistautuminen tulevaan<\/h2>\n\n<p>Vaikka suuri osa maailmasta keskittyy nykyiseen kriisiin, Transform Iran on vuosikymmenien ajan katsonut eteenp\u00e4in.<\/p>\n\n<p>Yh\u00e4 useammat tiedostavat, ett\u00e4 jos maa avautuu &#8211; joko v\u00e4hitellen tai \u00e4killisesti &#8211; tarpeet ovat valtavat. Traumat ovat syv\u00e4ll\u00e4. Perheet ovat murtuneet. Riippuvuus, k\u00f6yhyys ja henkiset haavat koskettavat miljoonia ihmisi\u00e4.   <\/p>\n\n<p>Yeghnazar kertoo vuosien aktiivisesta suunnittelusta: miten tarjota neuvontaa, miten tukea toipumista, miten rakentaa el\u00e4m\u00e4t ja yhteis\u00f6t uudelleen.<\/p>\n\n<p>Visio ei ole vain evankelioiminen, vaan ennallistaminen. Ei vain selviytyminen, vaan parantuminen. <\/p>\n\n<p><a href=\"https:\/\/transformiran.com\/fi\/meidan-tyomme\/persian-helmi\/\" target=\"_blank\" rel=\"noreferrer noopener\">Lue, miten Pearl of Persia tuo parantumista ja palautumista traumasta, riippuvuudesta ja hyv\u00e4ksik\u00e4yt\u00f6st\u00e4 selviytyneille.<\/a><\/p>\n\n<h2 class=\"wp-block-heading\">Tulevaisuus, joka vaikuttaa maailmaan<\/h2>\n\n<p>Kaikesta huolimatta Yeghnazar on edelleen vakuuttunut siit\u00e4, ett\u00e4 Iranin tarina ei ole viel\u00e4 p\u00e4\u00e4ttynyt.<\/p>\n\n<p>H\u00e4n uskoo, ett\u00e4 maa avautuu tavalla tai toisella. Ja kun se avautuu, kirkko ei kasva vain sis\u00e4isesti vaan alkaa l\u00e4hett\u00e4\u00e4 ulosp\u00e4in. <\/p>\n\n<blockquote class=\"wp-block-quote is-layout-flow wp-block-quote-is-layout-flow\">\n<p>Visio on, ett\u00e4 iranilaisista uskovista tulee l\u00e4hetyssaarnaajia, jotka kantavat uskoaan muihin kansoihin, my\u00f6s sellaisiin maailman osiin, joissa kirkko on viihtynyt tai hiljennyt.<\/p>\n<\/blockquote>\n\n<p>Se on silmiinpist\u00e4v\u00e4 k\u00e4\u00e4nne: yhdest\u00e4 kaikkein tukahdutetuimmista ymp\u00e4rist\u00f6ist\u00e4 uudistumisen l\u00e4hteeksi.<\/p>\n\n<h2 class=\"wp-block-heading\">Kutsu rukoilemaan &#8211; ja seisomaan yhdess\u00e4<\/h2>\n\n<p class=\"has-medium-font-size\"><strong>Iranin tarpeet ovat kiireelliset.<\/strong>  T\u00e4m\u00e4 on sek\u00e4 kriisin ett\u00e4 tilaisuuden hetki.<\/p>\n\n<p>Kristityt kohtaavat paineita ja ep\u00e4varmuutta. Perheet kamppailevat perustarpeidensa kanssa, varsinkin kun ep\u00e4vakaus vaikuttaa jokap\u00e4iv\u00e4iseen el\u00e4m\u00e4\u00e4n. Ruoan, sairaanhoidon ja turvallisuuden saantia ei ole taattu.  <\/p>\n\n<p>Ja silti on olemassa kest\u00e4vyytt\u00e4. On rohkeutta. Ja on uskoa.  <\/p>\n\n<p>Uskovat kaikkialla maailmassa voivat olla aktiivisia vastaamaan:<\/p>\n\n<ul class=\"wp-block-list\">\n<li><strong><a href=\"https:\/\/transformiran.com\/fi\/rukoile\/\">Rukoile<\/a><\/strong> suojelusta, varjeluksesta ja rohkeudesta uskoville. Rukoilkaa muutosta &#8211; my\u00f6s johtajiston sis\u00e4ll\u00e4. Rukoilkaa viisautta, kun ministeri\u00f6t reagoivat kasvavien tarpeiden aikana.  <\/li>\n\n\n\n<li><strong><a href=\"https:\/\/transformiran.com\/fi\/uutiskirjeeseen-rekisteroityminen\/\">Pysy ajan tasalla<\/a><\/strong> todellisia p\u00e4ivityksi\u00e4 Iranin sis\u00e4lt\u00e4 &#8211; tilaa kuukausittainen uutiskirjeemme.<\/li>\n\n\n\n<li><strong><a href=\"https:\/\/transformiran.com\/fi\/donate\/\">Anna<\/a><\/strong> auttaaksesi tarjoamaan kiireellist\u00e4 humanitaarista apua, traumojen hoitoa ja evankeliumin mukaista opetuslapseutta.<\/li>\n<\/ul>\n\n<p class=\"has-medium-font-size\">Ja niille, jotka katsovat tapahtumia ulkopuolelta, se on kutsu &#8211; ei vain saada tietoa, vaan osallistua.<\/p>\n\n<p><\/p>\n\n<p><em>Julkaistu alun perin osoitteessa: <a href=\"https:\/\/releaseinternational.org\/podcast\/\" target=\"_blank\" rel=\"noreferrer noopener\">Release International<\/a><\/em><\/p>\n\n<p><\/p>\n","protected":false},"excerpt":{"rendered":"<p>Vaikka Iran hallitsee maailmanlaajuisia otsikoita mielenosoitusten, v\u00e4kivaltaisten tukahduttamistoimien ja kiihtyvien konfliktien vuoksi, todellisuus maan sis\u00e4ll\u00e4 on paljon monimutkaisempi. T\u00e4ss\u00e4 Release Internationalin kanssa l\u00e4hetetyss\u00e4 Voice-podcastissa Lazarus Yeghnazar kertoo harvinaisen henkil\u00f6kohtaisen n\u00e4k\u00f6kulman painostetusta kansakunnasta ja maanalaisesta seurakunnasta, joka kokee ennenn\u00e4kem\u00e4t\u00f6nt\u00e4 hengellist\u00e4 kasvua. <\/p>\n","protected":false},"author":6,"featured_media":37691,"comment_status":"open","ping_status":"open","sticky":false,"template":"","format":"standard","meta":{"_acf_changed":false,"give_campaign_id":0,"om_disable_all_campaigns":false,"_mi_skip_tracking":false,"footnotes":""},"categories":[240],"tags":[241,250,219,204,335],"class_list":["post-37707","post","type-post","status-publish","format-standard","has-post-thumbnail","hentry","category-uutishuone","tag-hallitus","tag-humanitaarinen-kriisi","tag-iran-fi","tag-transformation-fi","tag-vainottu-kirkko"],"acf":[],"yoast_head":"<!-- This site is optimized with the Yoast SEO plugin v27.3 - https:\/\/yoast.com\/product\/yoast-seo-wordpress\/ -->\n<title>Suola ja valo: Vaino ja kasvava kirkko. - Transform Iran<\/title>\n<meta name=\"description\" content=\"Kun Iranissa on mielenosoituksia, pakkokeinoja ja konflikteja, Lazarus Yeghnazar kertoo kriisist\u00e4, vainosta ja maanalaisen kirkon kasvusta.\" \/>\n<meta name=\"robots\" content=\"index, follow, max-snippet:-1, max-image-preview:large, max-video-preview:-1\" \/>\n<link rel=\"canonical\" href=\"https:\/\/transformiran.com\/fi\/uutishuone\/suola-ja-valo-vaino-ja-kasvava-kirkko\/\" \/>\n<meta property=\"og:locale\" content=\"fi_FI\" \/>\n<meta property=\"og:type\" content=\"article\" \/>\n<meta property=\"og:title\" content=\"Suola ja valo: Vaino ja kasvava kirkko. - Transform Iran\" \/>\n<meta property=\"og:description\" content=\"Kun Iranissa on mielenosoituksia, pakkokeinoja ja konflikteja, Lazarus Yeghnazar kertoo kriisist\u00e4, vainosta ja maanalaisen kirkon kasvusta.\" \/>\n<meta property=\"og:url\" content=\"https:\/\/transformiran.com\/fi\/uutishuone\/suola-ja-valo-vaino-ja-kasvava-kirkko\/\" \/>\n<meta property=\"og:site_name\" content=\"Transform Iran\" \/>\n<meta property=\"article:publisher\" content=\"https:\/\/www.facebook.com\/222MinistriesUSAInc\" \/>\n<meta property=\"article:published_time\" content=\"2026-04-07T19:06:06+00:00\" \/>\n<meta property=\"article:modified_time\" content=\"2026-04-27T16:02:57+00:00\" \/>\n<meta property=\"og:image\" content=\"https:\/\/transformiran.com\/app\/uploads\/2026\/04\/release_interntional_lazarus_worship.jpg\" \/>\n\t<meta property=\"og:image:width\" content=\"1920\" \/>\n\t<meta property=\"og:image:height\" content=\"555\" \/>\n\t<meta property=\"og:image:type\" content=\"image\/jpeg\" \/>\n<meta name=\"author\" content=\"Ashleigh Bedford\" \/>\n<meta name=\"twitter:card\" content=\"summary_large_image\" \/>\n<meta name=\"twitter:creator\" content=\"@222minint\" \/>\n<meta name=\"twitter:site\" content=\"@222minint\" \/>\n<meta name=\"twitter:label1\" content=\"Written by\" \/>\n\t<meta name=\"twitter:data1\" content=\"Ashleigh Bedford\" \/>\n\t<meta name=\"twitter:label2\" content=\"Est. reading time\" \/>\n\t<meta name=\"twitter:data2\" content=\"5 minutes\" \/>\n<script type=\"application\/ld+json\" class=\"yoast-schema-graph\">{\"@context\":\"https:\\\/\\\/schema.org\",\"@graph\":[{\"@type\":\"Article\",\"@id\":\"https:\\\/\\\/transformiran.com\\\/fi\\\/uutishuone\\\/suola-ja-valo-vaino-ja-kasvava-kirkko\\\/#article\",\"isPartOf\":{\"@id\":\"https:\\\/\\\/transformiran.com\\\/fi\\\/uutishuone\\\/suola-ja-valo-vaino-ja-kasvava-kirkko\\\/\"},\"author\":{\"name\":\"Ashleigh Bedford\",\"@id\":\"https:\\\/\\\/transformiran.com\\\/fi\\\/#\\\/schema\\\/person\\\/901d817bcb841b949dbba5fa2886bfe3\"},\"headline\":\"Suola ja valo: Vaino ja kasvava kirkko.\",\"datePublished\":\"2026-04-07T19:06:06+00:00\",\"dateModified\":\"2026-04-27T16:02:57+00:00\",\"mainEntityOfPage\":{\"@id\":\"https:\\\/\\\/transformiran.com\\\/fi\\\/uutishuone\\\/suola-ja-valo-vaino-ja-kasvava-kirkko\\\/\"},\"wordCount\":1043,\"commentCount\":0,\"publisher\":{\"@id\":\"https:\\\/\\\/transformiran.com\\\/fi\\\/#organization\"},\"image\":{\"@id\":\"https:\\\/\\\/transformiran.com\\\/fi\\\/uutishuone\\\/suola-ja-valo-vaino-ja-kasvava-kirkko\\\/#primaryimage\"},\"thumbnailUrl\":\"https:\\\/\\\/transformiran.com\\\/app\\\/uploads\\\/2026\\\/04\\\/release_interntional_lazarus_worship.jpg\",\"keywords\":[\"Hallitus\",\"Humanitaarinen kriisi\",\"Iran\",\"Transformation\",\"Vainottu kirkko\"],\"articleSection\":[\"Uutishuone\"],\"inLanguage\":\"fi\",\"potentialAction\":[{\"@type\":\"CommentAction\",\"name\":\"Comment\",\"target\":[\"https:\\\/\\\/transformiran.com\\\/fi\\\/uutishuone\\\/suola-ja-valo-vaino-ja-kasvava-kirkko\\\/#respond\"]}]},{\"@type\":\"WebPage\",\"@id\":\"https:\\\/\\\/transformiran.com\\\/fi\\\/uutishuone\\\/suola-ja-valo-vaino-ja-kasvava-kirkko\\\/\",\"url\":\"https:\\\/\\\/transformiran.com\\\/fi\\\/uutishuone\\\/suola-ja-valo-vaino-ja-kasvava-kirkko\\\/\",\"name\":\"Suola ja valo: Vaino ja kasvava kirkko. - Transform Iran\",\"isPartOf\":{\"@id\":\"https:\\\/\\\/transformiran.com\\\/fi\\\/#website\"},\"primaryImageOfPage\":{\"@id\":\"https:\\\/\\\/transformiran.com\\\/fi\\\/uutishuone\\\/suola-ja-valo-vaino-ja-kasvava-kirkko\\\/#primaryimage\"},\"image\":{\"@id\":\"https:\\\/\\\/transformiran.com\\\/fi\\\/uutishuone\\\/suola-ja-valo-vaino-ja-kasvava-kirkko\\\/#primaryimage\"},\"thumbnailUrl\":\"https:\\\/\\\/transformiran.com\\\/app\\\/uploads\\\/2026\\\/04\\\/release_interntional_lazarus_worship.jpg\",\"datePublished\":\"2026-04-07T19:06:06+00:00\",\"dateModified\":\"2026-04-27T16:02:57+00:00\",\"description\":\"Kun Iranissa on mielenosoituksia, pakkokeinoja ja konflikteja, Lazarus Yeghnazar kertoo kriisist\u00e4, vainosta ja maanalaisen kirkon kasvusta.\",\"breadcrumb\":{\"@id\":\"https:\\\/\\\/transformiran.com\\\/fi\\\/uutishuone\\\/suola-ja-valo-vaino-ja-kasvava-kirkko\\\/#breadcrumb\"},\"inLanguage\":\"fi\",\"potentialAction\":[{\"@type\":\"ReadAction\",\"target\":[\"https:\\\/\\\/transformiran.com\\\/fi\\\/uutishuone\\\/suola-ja-valo-vaino-ja-kasvava-kirkko\\\/\"]}]},{\"@type\":\"ImageObject\",\"inLanguage\":\"fi\",\"@id\":\"https:\\\/\\\/transformiran.com\\\/fi\\\/uutishuone\\\/suola-ja-valo-vaino-ja-kasvava-kirkko\\\/#primaryimage\",\"url\":\"https:\\\/\\\/transformiran.com\\\/app\\\/uploads\\\/2026\\\/04\\\/release_interntional_lazarus_worship.jpg\",\"contentUrl\":\"https:\\\/\\\/transformiran.com\\\/app\\\/uploads\\\/2026\\\/04\\\/release_interntional_lazarus_worship.jpg\",\"width\":1920,\"height\":555},{\"@type\":\"BreadcrumbList\",\"@id\":\"https:\\\/\\\/transformiran.com\\\/fi\\\/uutishuone\\\/suola-ja-valo-vaino-ja-kasvava-kirkko\\\/#breadcrumb\",\"itemListElement\":[{\"@type\":\"ListItem\",\"position\":1,\"name\":\"Home\",\"item\":\"https:\\\/\\\/transformiran.com\\\/fi\\\/home\\\/\"},{\"@type\":\"ListItem\",\"position\":2,\"name\":\"Suola ja valo: Vaino ja kasvava kirkko.\"}]},{\"@type\":\"WebSite\",\"@id\":\"https:\\\/\\\/transformiran.com\\\/fi\\\/#website\",\"url\":\"https:\\\/\\\/transformiran.com\\\/fi\\\/\",\"name\":\"Transform Iran\",\"description\":\"Bringing the love and power of Christ to Iran - and beyond\",\"publisher\":{\"@id\":\"https:\\\/\\\/transformiran.com\\\/fi\\\/#organization\"},\"potentialAction\":[{\"@type\":\"SearchAction\",\"target\":{\"@type\":\"EntryPoint\",\"urlTemplate\":\"https:\\\/\\\/transformiran.com\\\/fi\\\/?s={search_term_string}\"},\"query-input\":{\"@type\":\"PropertyValueSpecification\",\"valueRequired\":true,\"valueName\":\"search_term_string\"}}],\"inLanguage\":\"fi\"},{\"@type\":\"Organization\",\"@id\":\"https:\\\/\\\/transformiran.com\\\/fi\\\/#organization\",\"name\":\"Transform Iran\",\"url\":\"https:\\\/\\\/transformiran.com\\\/fi\\\/\",\"logo\":{\"@type\":\"ImageObject\",\"inLanguage\":\"fi\",\"@id\":\"https:\\\/\\\/transformiran.com\\\/fi\\\/#\\\/schema\\\/logo\\\/image\\\/\",\"url\":\"https:\\\/\\\/transformiran.com\\\/app\\\/uploads\\\/2022\\\/11\\\/logo_grey.jpg\",\"contentUrl\":\"https:\\\/\\\/transformiran.com\\\/app\\\/uploads\\\/2022\\\/11\\\/logo_grey.jpg\",\"width\":528,\"height\":90,\"caption\":\"Transform Iran\"},\"image\":{\"@id\":\"https:\\\/\\\/transformiran.com\\\/fi\\\/#\\\/schema\\\/logo\\\/image\\\/\"},\"sameAs\":[\"https:\\\/\\\/www.facebook.com\\\/222MinistriesUSAInc\",\"https:\\\/\\\/x.com\\\/222minint\",\"https:\\\/\\\/www.instagram.com\\\/222ministriesinternational\\\/\"]},{\"@type\":\"Person\",\"@id\":\"https:\\\/\\\/transformiran.com\\\/fi\\\/#\\\/schema\\\/person\\\/901d817bcb841b949dbba5fa2886bfe3\",\"name\":\"Ashleigh Bedford\",\"image\":{\"@type\":\"ImageObject\",\"inLanguage\":\"fi\",\"@id\":\"https:\\\/\\\/secure.gravatar.com\\\/avatar\\\/fe25a0a0785840df62a592de76ed79e48013f590cc9a874b448f15b293751483?s=96&d=mm&r=g\",\"url\":\"https:\\\/\\\/secure.gravatar.com\\\/avatar\\\/fe25a0a0785840df62a592de76ed79e48013f590cc9a874b448f15b293751483?s=96&d=mm&r=g\",\"contentUrl\":\"https:\\\/\\\/secure.gravatar.com\\\/avatar\\\/fe25a0a0785840df62a592de76ed79e48013f590cc9a874b448f15b293751483?s=96&d=mm&r=g\",\"caption\":\"Ashleigh Bedford\"},\"url\":\"https:\\\/\\\/transformiran.com\\\/fi\\\/author\\\/ashleigh\\\/\"}]}<\/script>\n<!-- \/ Yoast SEO plugin. -->","yoast_head_json":{"title":"Suola ja valo: Vaino ja kasvava kirkko. - Transform Iran","description":"Kun Iranissa on mielenosoituksia, pakkokeinoja ja konflikteja, Lazarus Yeghnazar kertoo kriisist\u00e4, vainosta ja maanalaisen kirkon kasvusta.","robots":{"index":"index","follow":"follow","max-snippet":"max-snippet:-1","max-image-preview":"max-image-preview:large","max-video-preview":"max-video-preview:-1"},"canonical":"https:\/\/transformiran.com\/fi\/uutishuone\/suola-ja-valo-vaino-ja-kasvava-kirkko\/","og_locale":"fi_FI","og_type":"article","og_title":"Suola ja valo: Vaino ja kasvava kirkko. - Transform Iran","og_description":"Kun Iranissa on mielenosoituksia, pakkokeinoja ja konflikteja, Lazarus Yeghnazar kertoo kriisist\u00e4, vainosta ja maanalaisen kirkon kasvusta.","og_url":"https:\/\/transformiran.com\/fi\/uutishuone\/suola-ja-valo-vaino-ja-kasvava-kirkko\/","og_site_name":"Transform Iran","article_publisher":"https:\/\/www.facebook.com\/222MinistriesUSAInc","article_published_time":"2026-04-07T19:06:06+00:00","article_modified_time":"2026-04-27T16:02:57+00:00","og_image":[{"width":1920,"height":555,"url":"https:\/\/transformiran.com\/app\/uploads\/2026\/04\/release_interntional_lazarus_worship.jpg","type":"image\/jpeg"}],"author":"Ashleigh Bedford","twitter_card":"summary_large_image","twitter_creator":"@222minint","twitter_site":"@222minint","twitter_misc":{"Written by":"Ashleigh Bedford","Est. reading time":"5 minutes"},"schema":{"@context":"https:\/\/schema.org","@graph":[{"@type":"Article","@id":"https:\/\/transformiran.com\/fi\/uutishuone\/suola-ja-valo-vaino-ja-kasvava-kirkko\/#article","isPartOf":{"@id":"https:\/\/transformiran.com\/fi\/uutishuone\/suola-ja-valo-vaino-ja-kasvava-kirkko\/"},"author":{"name":"Ashleigh Bedford","@id":"https:\/\/transformiran.com\/fi\/#\/schema\/person\/901d817bcb841b949dbba5fa2886bfe3"},"headline":"Suola ja valo: Vaino ja kasvava kirkko.","datePublished":"2026-04-07T19:06:06+00:00","dateModified":"2026-04-27T16:02:57+00:00","mainEntityOfPage":{"@id":"https:\/\/transformiran.com\/fi\/uutishuone\/suola-ja-valo-vaino-ja-kasvava-kirkko\/"},"wordCount":1043,"commentCount":0,"publisher":{"@id":"https:\/\/transformiran.com\/fi\/#organization"},"image":{"@id":"https:\/\/transformiran.com\/fi\/uutishuone\/suola-ja-valo-vaino-ja-kasvava-kirkko\/#primaryimage"},"thumbnailUrl":"https:\/\/transformiran.com\/app\/uploads\/2026\/04\/release_interntional_lazarus_worship.jpg","keywords":["Hallitus","Humanitaarinen kriisi","Iran","Transformation","Vainottu kirkko"],"articleSection":["Uutishuone"],"inLanguage":"fi","potentialAction":[{"@type":"CommentAction","name":"Comment","target":["https:\/\/transformiran.com\/fi\/uutishuone\/suola-ja-valo-vaino-ja-kasvava-kirkko\/#respond"]}]},{"@type":"WebPage","@id":"https:\/\/transformiran.com\/fi\/uutishuone\/suola-ja-valo-vaino-ja-kasvava-kirkko\/","url":"https:\/\/transformiran.com\/fi\/uutishuone\/suola-ja-valo-vaino-ja-kasvava-kirkko\/","name":"Suola ja valo: Vaino ja kasvava kirkko. - Transform Iran","isPartOf":{"@id":"https:\/\/transformiran.com\/fi\/#website"},"primaryImageOfPage":{"@id":"https:\/\/transformiran.com\/fi\/uutishuone\/suola-ja-valo-vaino-ja-kasvava-kirkko\/#primaryimage"},"image":{"@id":"https:\/\/transformiran.com\/fi\/uutishuone\/suola-ja-valo-vaino-ja-kasvava-kirkko\/#primaryimage"},"thumbnailUrl":"https:\/\/transformiran.com\/app\/uploads\/2026\/04\/release_interntional_lazarus_worship.jpg","datePublished":"2026-04-07T19:06:06+00:00","dateModified":"2026-04-27T16:02:57+00:00","description":"Kun Iranissa on mielenosoituksia, pakkokeinoja ja konflikteja, Lazarus Yeghnazar kertoo kriisist\u00e4, vainosta ja maanalaisen kirkon kasvusta.","breadcrumb":{"@id":"https:\/\/transformiran.com\/fi\/uutishuone\/suola-ja-valo-vaino-ja-kasvava-kirkko\/#breadcrumb"},"inLanguage":"fi","potentialAction":[{"@type":"ReadAction","target":["https:\/\/transformiran.com\/fi\/uutishuone\/suola-ja-valo-vaino-ja-kasvava-kirkko\/"]}]},{"@type":"ImageObject","inLanguage":"fi","@id":"https:\/\/transformiran.com\/fi\/uutishuone\/suola-ja-valo-vaino-ja-kasvava-kirkko\/#primaryimage","url":"https:\/\/transformiran.com\/app\/uploads\/2026\/04\/release_interntional_lazarus_worship.jpg","contentUrl":"https:\/\/transformiran.com\/app\/uploads\/2026\/04\/release_interntional_lazarus_worship.jpg","width":1920,"height":555},{"@type":"BreadcrumbList","@id":"https:\/\/transformiran.com\/fi\/uutishuone\/suola-ja-valo-vaino-ja-kasvava-kirkko\/#breadcrumb","itemListElement":[{"@type":"ListItem","position":1,"name":"Home","item":"https:\/\/transformiran.com\/fi\/home\/"},{"@type":"ListItem","position":2,"name":"Suola ja valo: Vaino ja kasvava kirkko."}]},{"@type":"WebSite","@id":"https:\/\/transformiran.com\/fi\/#website","url":"https:\/\/transformiran.com\/fi\/","name":"Transform Iran","description":"Bringing the love and power of Christ to Iran - and beyond","publisher":{"@id":"https:\/\/transformiran.com\/fi\/#organization"},"potentialAction":[{"@type":"SearchAction","target":{"@type":"EntryPoint","urlTemplate":"https:\/\/transformiran.com\/fi\/?s={search_term_string}"},"query-input":{"@type":"PropertyValueSpecification","valueRequired":true,"valueName":"search_term_string"}}],"inLanguage":"fi"},{"@type":"Organization","@id":"https:\/\/transformiran.com\/fi\/#organization","name":"Transform Iran","url":"https:\/\/transformiran.com\/fi\/","logo":{"@type":"ImageObject","inLanguage":"fi","@id":"https:\/\/transformiran.com\/fi\/#\/schema\/logo\/image\/","url":"https:\/\/transformiran.com\/app\/uploads\/2022\/11\/logo_grey.jpg","contentUrl":"https:\/\/transformiran.com\/app\/uploads\/2022\/11\/logo_grey.jpg","width":528,"height":90,"caption":"Transform Iran"},"image":{"@id":"https:\/\/transformiran.com\/fi\/#\/schema\/logo\/image\/"},"sameAs":["https:\/\/www.facebook.com\/222MinistriesUSAInc","https:\/\/x.com\/222minint","https:\/\/www.instagram.com\/222ministriesinternational\/"]},{"@type":"Person","@id":"https:\/\/transformiran.com\/fi\/#\/schema\/person\/901d817bcb841b949dbba5fa2886bfe3","name":"Ashleigh Bedford","image":{"@type":"ImageObject","inLanguage":"fi","@id":"https:\/\/secure.gravatar.com\/avatar\/fe25a0a0785840df62a592de76ed79e48013f590cc9a874b448f15b293751483?s=96&d=mm&r=g","url":"https:\/\/secure.gravatar.com\/avatar\/fe25a0a0785840df62a592de76ed79e48013f590cc9a874b448f15b293751483?s=96&d=mm&r=g","contentUrl":"https:\/\/secure.gravatar.com\/avatar\/fe25a0a0785840df62a592de76ed79e48013f590cc9a874b448f15b293751483?s=96&d=mm&r=g","caption":"Ashleigh Bedford"},"url":"https:\/\/transformiran.com\/fi\/author\/ashleigh\/"}]}},"_links":{"self":[{"href":"https:\/\/transformiran.com\/fi\/wp-json\/wp\/v2\/posts\/37707","targetHints":{"allow":["GET"]}}],"collection":[{"href":"https:\/\/transformiran.com\/fi\/wp-json\/wp\/v2\/posts"}],"about":[{"href":"https:\/\/transformiran.com\/fi\/wp-json\/wp\/v2\/types\/post"}],"author":[{"embeddable":true,"href":"https:\/\/transformiran.com\/fi\/wp-json\/wp\/v2\/users\/6"}],"replies":[{"embeddable":true,"href":"https:\/\/transformiran.com\/fi\/wp-json\/wp\/v2\/comments?post=37707"}],"version-history":[{"count":4,"href":"https:\/\/transformiran.com\/fi\/wp-json\/wp\/v2\/posts\/37707\/revisions"}],"predecessor-version":[{"id":37732,"href":"https:\/\/transformiran.com\/fi\/wp-json\/wp\/v2\/posts\/37707\/revisions\/37732"}],"wp:featuredmedia":[{"embeddable":true,"href":"https:\/\/transformiran.com\/fi\/wp-json\/wp\/v2\/media\/37691"}],"wp:attachment":[{"href":"https:\/\/transformiran.com\/fi\/wp-json\/wp\/v2\/media?parent=37707"}],"wp:term":[{"taxonomy":"category","embeddable":true,"href":"https:\/\/transformiran.com\/fi\/wp-json\/wp\/v2\/categories?post=37707"},{"taxonomy":"post_tag","embeddable":true,"href":"https:\/\/transformiran.com\/fi\/wp-json\/wp\/v2\/tags?post=37707"}],"curies":[{"name":"wp","href":"https:\/\/api.w.org\/{rel}","templated":true}]}}