{"id":37769,"date":"2026-04-28T19:00:28","date_gmt":"2026-04-28T18:00:28","guid":{"rendered":"https:\/\/transformiran.com\/uncategorized-fi\/iranin-ihmisoikeustilannetta-tarkastellaan-ykn-nimityksen-jalkeen\/"},"modified":"2026-04-30T19:44:44","modified_gmt":"2026-04-30T18:44:44","slug":"iranin-ihmisoikeustilannetta-tarkastellaan-ykn-nimityksen-jalkeen","status":"publish","type":"post","link":"https:\/\/transformiran.com\/fi\/uutishuone\/iranin-ihmisoikeustilannetta-tarkastellaan-ykn-nimityksen-jalkeen\/","title":{"rendered":"Iranin ihmisoikeustilannetta tarkastellaan YK:n nimityksen j\u00e4lkeen"},"content":{"rendered":"\n<p>Katey Hearth<\/p>\n\n<p class=\"has-medium-font-size\">Iran (MNN) &#8211; <strong><a href=\"https:\/\/abcnews.com\/International\/executions-protesters-iran-surge-start-war-human-rights\/story?id=132250133&amp;utm_source=chatgpt.com\" target=\"_blank\" rel=\"noreferrer noopener\">Ihmisoikeustarkkailijoiden mukaan<\/a><\/strong> Iran on tappanut lis\u00e4\u00e4 mielenosoittajia sen j\u00e4lkeen, kun sota alkoi helmikuun lopulla.<\/p>\n\n<p>Teloituksia on suoritettu <strong><a href=\"https:\/\/www.aol.com\/articles\/executions-protesters-iran-surge-since-202744943.html?utm_source=chatgpt.com\" target=\"_blank\" rel=\"noreferrer noopener\">l\u00e4hes joka viikko<\/a><\/strong> maaliskuun puoliv\u00e4list\u00e4 l\u00e4htien. <strong><a href=\"https:\/\/www.theguardian.com\/world\/2026\/apr\/25\/hanged-under-the-cover-of-war-letters-and-videos-tell-stories-of-iran-death-row-victims?utm_source=chatgpt.com\" target=\"_blank\" rel=\"noreferrer noopener\">Viimeisen kuukauden aikana<\/a><\/strong>Iranissa on hirtetty 16 miest\u00e4 &#8211; kahdeksan poliittista vankia ja kahdeksan mielenosoittajaa.<\/p>\n\n<div class=\"wp-block-media-text is-stacked-on-mobile\" style=\"grid-template-columns:31% auto\"><figure class=\"wp-block-media-text__media\"><img loading=\"lazy\" decoding=\"async\" width=\"683\" height=\"1024\" src=\"https:\/\/transformiran.com\/app\/uploads\/2026\/04\/memorycatcher-noose-3271502-683x1024.jpg\" alt=\"\" class=\"wp-image-37380 size-full\" srcset=\"https:\/\/transformiran.com\/app\/uploads\/2026\/04\/memorycatcher-noose-3271502-683x1024.jpg 683w, https:\/\/transformiran.com\/app\/uploads\/2026\/04\/memorycatcher-noose-3271502-200x300.jpg 200w, https:\/\/transformiran.com\/app\/uploads\/2026\/04\/memorycatcher-noose-3271502-768x1152.jpg 768w, https:\/\/transformiran.com\/app\/uploads\/2026\/04\/memorycatcher-noose-3271502-1024x1536.jpg 1024w, https:\/\/transformiran.com\/app\/uploads\/2026\/04\/memorycatcher-noose-3271502-1365x2048.jpg 1365w, https:\/\/transformiran.com\/app\/uploads\/2026\/04\/memorycatcher-noose-3271502-scaled.jpg 2000w\" sizes=\"auto, (max-width: 683px) 100vw, 683px\" \/><\/figure><div class=\"wp-block-media-text__content\">\n<p>Samaan aikaan 54 maan <strong><a href=\"https:\/\/www.msn.com\/en-us\/news\/insight\/iran-s-nomination-to-un-rights-panel-sparks-outrage\/gm-GM39B17428?gemSnapshotKey=GM39B17428-snapshot-1\" target=\"_blank\" rel=\"noreferrer noopener\">YK:n paneeli valitsi<\/a><\/strong> islamilaisen tasavallan valvomaan ihmisoikeuspolitiikkaa muokkaavaa komiteaa. Yhdysvallat oli ainoa j\u00e4senmaa, joka vastusti useita valintoja, my\u00f6s Iranin valintaa. <\/p>\n\n\n\n<p>&#8220;Se on vain niin selv\u00e4sti naurettavaa&#8221;, Lana Silk of the <strong><a href=\"https:\/\/www.mnnonline.org\/mission_groups\/transform-iran\/\" target=\"_blank\" rel=\"noreferrer noopener\">Transform Iran<\/a><\/strong> sanoo.<\/p>\n<\/div><\/div>\n\n<blockquote class=\"wp-block-quote is-layout-flow wp-block-quote-is-layout-flow\">\n<p>Mill\u00e4 tasolla t\u00e4m\u00e4 on j\u00e4rkev\u00e4\u00e4? Maa, joka on yksi maailman pahimmista ihmisoikeusloukkauksiin syyllistyneist\u00e4 maista, erityisesti naisten oikeuksien osalta, istuu ja vaikuttaa ihmisoikeuksiin kansainv\u00e4lisell\u00e4 tasolla.<\/p>\n<\/blockquote>\n\n<p>YK:n vahtikoirat ovat <strong><a href=\"https:\/\/unwatch.org\/outrage-at-un-democracies-enable-iran-china-cuba-to-oversee-human-rights-bodies\/\" target=\"_blank\" rel=\"noreferrer noopener\">kehottavat j\u00e4senmaita<\/a><\/strong> antamaan selityksens\u00e4. &#8220;Ajoitus on eritt\u00e4in ep\u00e4ilytt\u00e4v\u00e4&#8221;, Silk sanoo. <\/p>\n\n<p>&#8220;Iran on loukannut ihmisoikeuksia 47 vuoden ajan, mutta viime kuukausina se on rikkonut niit\u00e4 aggressiivisesti. Miksi t\u00e4m\u00e4 (YK:n nimitys) tapahtuu nyt?&#8221;<\/p>\n\n<h2 class=\"wp-block-heading\">Usko kasvaa vainon lis\u00e4\u00e4ntyess\u00e4<\/h2>\n\n<p><strong><a href=\"https:\/\/www.aol.com\/articles\/executions-protesters-iran-surge-since-202744943.html?utm_source=chatgpt.com\" target=\"_blank\" rel=\"noreferrer noopener\">Yli 1 600 ihmist\u00e4<\/a><\/strong> Iranin hallinto teloitti viime vuonna, mik\u00e4 rikkoi vuoden 1989 enn\u00e4tyksen. <em><strong>Samalla kun julmuudet etenev\u00e4t, my\u00f6s evankeliumi etenee.<\/strong><\/em> &#8220;Juuri t\u00e4n\u00e4 aamuna puhuin er\u00e4\u00e4n ministeri\u00f6n johtajan kanssa l\u00e4hetysmatkoista, joita olemme suunnittelemassa l\u00e4hiviikkoina, Silk kertoo.<\/p>\n\n<p><strong>&#8220;Ihmiset ovat aktiivisia ja haluavat levitt\u00e4\u00e4 evankeliumia, ja ne, jotka kuulevat sen, reagoivat siihen my\u00f6nteisesti.&#8221;<\/strong><\/p>\n\n<p><strong><a href=\"https:\/\/transformiran.com\/fi\/learn-fi\/elamaa-iranissa-tulitauon-jalkeen-nakyma-sisaltapain\/\" target=\"_blank\" rel=\"noreferrer noopener\">Lue el\u00e4m\u00e4st\u00e4 Iranissa tulitauon aikana t\u00e4\u00e4lt\u00e4.<\/a><\/strong><\/p>\n\n<p>Transform Iran tukee paikallisia evankeliumity\u00f6ntekij\u00f6it\u00e4 useilla rintamilla, mukaan lukien evankelioiminen ja seurakuntien perustaminen sek\u00e4 h\u00e4t\u00e4apu ja elpyminen.  <strong><a href=\"https:\/\/transformiran.com\/fi\/meidan-tyomme\/\" target=\"_blank\" rel=\"noreferrer noopener\">Lue lis\u00e4\u00e4 sen toimista t\u00e4\u00e4lt\u00e4.<\/a><\/strong><\/p>\n\n<p>&#8220;Joissakin n\u00e4ist\u00e4 vaikeimmista paikoista, joissa kaikki t\u00e4m\u00e4 ruma tapahtuu, n\u00e4emme pimeytt\u00e4. Kulissien takana Jumala lunastaa ihmisi\u00e4, ja n\u00e4emme Iranissa jatkuvasti pelastuksia&#8221;, Silk sanoo.<\/p>\n\n<blockquote class=\"wp-block-quote is-layout-flow wp-block-quote-is-layout-flow\">\n<p>Meid\u00e4n olisi hyv\u00e4 kaivautua pinnan alle, tutustua n\u00e4iss\u00e4 tiloissa toimiviin ministeri\u00f6ihin, antaa hengemme rohkaistua Jumalan tekem\u00e4st\u00e4 hyv\u00e4st\u00e4 ty\u00f6st\u00e4 ja sitten liitty\u00e4 mukaan &#8211; auttaa edist\u00e4m\u00e4\u00e4n sit\u00e4, antaa sille voimaa ja rukoilla sen puolesta.<\/p>\n<\/blockquote>\n\n<p><em><em>Otsikkokuvassa Iranin turvallisuusjoukot avaavat tulen katumielenosoittajia vastaan tammikuussa 2026.<\/em><\/em>, <em>kuvan luotto: Iran International<\/em><\/p>\n\n<p><em>Julkaistu alun perin osoitteessa: <a href=\"https:\/\/www.mnnonline.org\/news\/irans-human-rights-record-faces-scrutiny-after-un-appointment\/\" target=\"_blank\" rel=\"noreferrer noopener\">Mission Network News<\/a><\/em><\/p>\n\n<p><\/p>\n\n<p><\/p>\n","protected":false},"excerpt":{"rendered":"<p>YK:n nimitys on her\u00e4tt\u00e4nyt maailmanlaajuista huolta teloitusten ja ihmisoikeusloukkausten lis\u00e4\u00e4ntyess\u00e4 Iranissa. Lana Silk pohtii ajoitusta ja sit\u00e4, miksi usko kasvaa edelleen vainon keskell\u00e4. <\/p>\n","protected":false},"author":6,"featured_media":34613,"comment_status":"open","ping_status":"open","sticky":false,"template":"","format":"standard","meta":{"_acf_changed":false,"give_campaign_id":0,"om_disable_all_campaigns":false,"_mi_skip_tracking":false,"footnotes":""},"categories":[240],"tags":[221,241,250,219,220],"class_list":["post-37769","post","type-post","status-publish","format-standard","has-post-thumbnail","hentry","category-uutishuone","tag-evangelism-fi","tag-hallitus","tag-humanitaarinen-kriisi","tag-iran-fi","tag-kirkko"],"acf":[],"yoast_head":"<!-- This site is optimized with the Yoast SEO plugin v27.3 - https:\/\/yoast.com\/product\/yoast-seo-wordpress\/ -->\n<title>Iranin ihmisoikeustilannetta tarkastellaan YK:n nimityksen j\u00e4lkeen - Transform Iran<\/title>\n<meta name=\"description\" content=\"Iran joutuu maailmanlaajuiseen tarkkailuun YK:n ihmisoikeustapaamisen j\u00e4lkeen, vaikka teloitukset ja sortotoimet lis\u00e4\u00e4ntyv\u00e4t, ja Lana Silk korostaa vainon ja uskon lis\u00e4\u00e4ntymist\u00e4.\" \/>\n<meta name=\"robots\" content=\"index, follow, max-snippet:-1, max-image-preview:large, max-video-preview:-1\" \/>\n<link rel=\"canonical\" href=\"https:\/\/transformiran.com\/fi\/uutishuone\/iranin-ihmisoikeustilannetta-tarkastellaan-ykn-nimityksen-jalkeen\/\" \/>\n<meta property=\"og:locale\" content=\"fi_FI\" \/>\n<meta property=\"og:type\" content=\"article\" \/>\n<meta property=\"og:title\" content=\"Iranin ihmisoikeustilannetta tarkastellaan YK:n nimityksen j\u00e4lkeen - Transform Iran\" \/>\n<meta property=\"og:description\" content=\"Iran joutuu maailmanlaajuiseen tarkkailuun YK:n ihmisoikeustapaamisen j\u00e4lkeen, vaikka teloitukset ja sortotoimet lis\u00e4\u00e4ntyv\u00e4t, ja Lana Silk korostaa vainon ja uskon lis\u00e4\u00e4ntymist\u00e4.\" \/>\n<meta property=\"og:url\" content=\"https:\/\/transformiran.com\/fi\/uutishuone\/iranin-ihmisoikeustilannetta-tarkastellaan-ykn-nimityksen-jalkeen\/\" \/>\n<meta property=\"og:site_name\" content=\"Transform Iran\" \/>\n<meta property=\"article:publisher\" content=\"https:\/\/www.facebook.com\/222MinistriesUSAInc\" \/>\n<meta property=\"article:published_time\" content=\"2026-04-28T18:00:28+00:00\" \/>\n<meta property=\"article:modified_time\" content=\"2026-04-30T18:44:44+00:00\" \/>\n<meta name=\"author\" content=\"Ashleigh Bedford\" \/>\n<meta name=\"twitter:card\" content=\"summary_large_image\" \/>\n<meta name=\"twitter:creator\" content=\"@222minint\" \/>\n<meta name=\"twitter:site\" content=\"@222minint\" \/>\n<meta name=\"twitter:label1\" content=\"Written by\" \/>\n\t<meta name=\"twitter:data1\" content=\"Ashleigh Bedford\" \/>\n\t<meta name=\"twitter:label2\" content=\"Est. reading time\" \/>\n\t<meta name=\"twitter:data2\" content=\"2 minutes\" \/>\n<script type=\"application\/ld+json\" class=\"yoast-schema-graph\">{\"@context\":\"https:\\\/\\\/schema.org\",\"@graph\":[{\"@type\":\"Article\",\"@id\":\"https:\\\/\\\/transformiran.com\\\/fi\\\/uutishuone\\\/iranin-ihmisoikeustilannetta-tarkastellaan-ykn-nimityksen-jalkeen\\\/#article\",\"isPartOf\":{\"@id\":\"https:\\\/\\\/transformiran.com\\\/fi\\\/uutishuone\\\/iranin-ihmisoikeustilannetta-tarkastellaan-ykn-nimityksen-jalkeen\\\/\"},\"author\":{\"name\":\"Ashleigh Bedford\",\"@id\":\"https:\\\/\\\/transformiran.com\\\/fi\\\/#\\\/schema\\\/person\\\/901d817bcb841b949dbba5fa2886bfe3\"},\"headline\":\"Iranin ihmisoikeustilannetta tarkastellaan YK:n nimityksen j\u00e4lkeen\",\"datePublished\":\"2026-04-28T18:00:28+00:00\",\"dateModified\":\"2026-04-30T18:44:44+00:00\",\"mainEntityOfPage\":{\"@id\":\"https:\\\/\\\/transformiran.com\\\/fi\\\/uutishuone\\\/iranin-ihmisoikeustilannetta-tarkastellaan-ykn-nimityksen-jalkeen\\\/\"},\"wordCount\":346,\"commentCount\":0,\"publisher\":{\"@id\":\"https:\\\/\\\/transformiran.com\\\/fi\\\/#organization\"},\"image\":{\"@id\":\"https:\\\/\\\/transformiran.com\\\/fi\\\/uutishuone\\\/iranin-ihmisoikeustilannetta-tarkastellaan-ykn-nimityksen-jalkeen\\\/#primaryimage\"},\"thumbnailUrl\":\"https:\\\/\\\/transformiran.com\\\/app\\\/uploads\\\/2026\\\/01\\\/IranIntl.org-regime-violence-and-systematic-killing.avif\",\"keywords\":[\"Evangelism\",\"Hallitus\",\"Humanitaarinen kriisi\",\"Iran\",\"Kirkko\"],\"articleSection\":[\"Uutishuone\"],\"inLanguage\":\"fi\",\"potentialAction\":[{\"@type\":\"CommentAction\",\"name\":\"Comment\",\"target\":[\"https:\\\/\\\/transformiran.com\\\/fi\\\/uutishuone\\\/iranin-ihmisoikeustilannetta-tarkastellaan-ykn-nimityksen-jalkeen\\\/#respond\"]}]},{\"@type\":\"WebPage\",\"@id\":\"https:\\\/\\\/transformiran.com\\\/fi\\\/uutishuone\\\/iranin-ihmisoikeustilannetta-tarkastellaan-ykn-nimityksen-jalkeen\\\/\",\"url\":\"https:\\\/\\\/transformiran.com\\\/fi\\\/uutishuone\\\/iranin-ihmisoikeustilannetta-tarkastellaan-ykn-nimityksen-jalkeen\\\/\",\"name\":\"Iranin ihmisoikeustilannetta tarkastellaan YK:n nimityksen j\u00e4lkeen - Transform Iran\",\"isPartOf\":{\"@id\":\"https:\\\/\\\/transformiran.com\\\/fi\\\/#website\"},\"primaryImageOfPage\":{\"@id\":\"https:\\\/\\\/transformiran.com\\\/fi\\\/uutishuone\\\/iranin-ihmisoikeustilannetta-tarkastellaan-ykn-nimityksen-jalkeen\\\/#primaryimage\"},\"image\":{\"@id\":\"https:\\\/\\\/transformiran.com\\\/fi\\\/uutishuone\\\/iranin-ihmisoikeustilannetta-tarkastellaan-ykn-nimityksen-jalkeen\\\/#primaryimage\"},\"thumbnailUrl\":\"https:\\\/\\\/transformiran.com\\\/app\\\/uploads\\\/2026\\\/01\\\/IranIntl.org-regime-violence-and-systematic-killing.avif\",\"datePublished\":\"2026-04-28T18:00:28+00:00\",\"dateModified\":\"2026-04-30T18:44:44+00:00\",\"description\":\"Iran joutuu maailmanlaajuiseen tarkkailuun YK:n ihmisoikeustapaamisen j\u00e4lkeen, vaikka teloitukset ja sortotoimet lis\u00e4\u00e4ntyv\u00e4t, ja Lana Silk korostaa vainon ja uskon lis\u00e4\u00e4ntymist\u00e4.\",\"breadcrumb\":{\"@id\":\"https:\\\/\\\/transformiran.com\\\/fi\\\/uutishuone\\\/iranin-ihmisoikeustilannetta-tarkastellaan-ykn-nimityksen-jalkeen\\\/#breadcrumb\"},\"inLanguage\":\"fi\",\"potentialAction\":[{\"@type\":\"ReadAction\",\"target\":[\"https:\\\/\\\/transformiran.com\\\/fi\\\/uutishuone\\\/iranin-ihmisoikeustilannetta-tarkastellaan-ykn-nimityksen-jalkeen\\\/\"]}]},{\"@type\":\"ImageObject\",\"inLanguage\":\"fi\",\"@id\":\"https:\\\/\\\/transformiran.com\\\/fi\\\/uutishuone\\\/iranin-ihmisoikeustilannetta-tarkastellaan-ykn-nimityksen-jalkeen\\\/#primaryimage\",\"url\":\"https:\\\/\\\/transformiran.com\\\/app\\\/uploads\\\/2026\\\/01\\\/IranIntl.org-regime-violence-and-systematic-killing.avif\",\"contentUrl\":\"https:\\\/\\\/transformiran.com\\\/app\\\/uploads\\\/2026\\\/01\\\/IranIntl.org-regime-violence-and-systematic-killing.avif\",\"width\":992,\"height\":660},{\"@type\":\"BreadcrumbList\",\"@id\":\"https:\\\/\\\/transformiran.com\\\/fi\\\/uutishuone\\\/iranin-ihmisoikeustilannetta-tarkastellaan-ykn-nimityksen-jalkeen\\\/#breadcrumb\",\"itemListElement\":[{\"@type\":\"ListItem\",\"position\":1,\"name\":\"Home\",\"item\":\"https:\\\/\\\/transformiran.com\\\/fi\\\/home\\\/\"},{\"@type\":\"ListItem\",\"position\":2,\"name\":\"Iranin ihmisoikeustilannetta tarkastellaan YK:n nimityksen j\u00e4lkeen\"}]},{\"@type\":\"WebSite\",\"@id\":\"https:\\\/\\\/transformiran.com\\\/fi\\\/#website\",\"url\":\"https:\\\/\\\/transformiran.com\\\/fi\\\/\",\"name\":\"Transform Iran\",\"description\":\"Bringing the love and power of Christ to Iran - and beyond\",\"publisher\":{\"@id\":\"https:\\\/\\\/transformiran.com\\\/fi\\\/#organization\"},\"potentialAction\":[{\"@type\":\"SearchAction\",\"target\":{\"@type\":\"EntryPoint\",\"urlTemplate\":\"https:\\\/\\\/transformiran.com\\\/fi\\\/?s={search_term_string}\"},\"query-input\":{\"@type\":\"PropertyValueSpecification\",\"valueRequired\":true,\"valueName\":\"search_term_string\"}}],\"inLanguage\":\"fi\"},{\"@type\":\"Organization\",\"@id\":\"https:\\\/\\\/transformiran.com\\\/fi\\\/#organization\",\"name\":\"Transform Iran\",\"url\":\"https:\\\/\\\/transformiran.com\\\/fi\\\/\",\"logo\":{\"@type\":\"ImageObject\",\"inLanguage\":\"fi\",\"@id\":\"https:\\\/\\\/transformiran.com\\\/fi\\\/#\\\/schema\\\/logo\\\/image\\\/\",\"url\":\"https:\\\/\\\/transformiran.com\\\/app\\\/uploads\\\/2022\\\/11\\\/logo_grey.jpg\",\"contentUrl\":\"https:\\\/\\\/transformiran.com\\\/app\\\/uploads\\\/2022\\\/11\\\/logo_grey.jpg\",\"width\":528,\"height\":90,\"caption\":\"Transform Iran\"},\"image\":{\"@id\":\"https:\\\/\\\/transformiran.com\\\/fi\\\/#\\\/schema\\\/logo\\\/image\\\/\"},\"sameAs\":[\"https:\\\/\\\/www.facebook.com\\\/222MinistriesUSAInc\",\"https:\\\/\\\/x.com\\\/222minint\",\"https:\\\/\\\/www.instagram.com\\\/222ministriesinternational\\\/\"]},{\"@type\":\"Person\",\"@id\":\"https:\\\/\\\/transformiran.com\\\/fi\\\/#\\\/schema\\\/person\\\/901d817bcb841b949dbba5fa2886bfe3\",\"name\":\"Ashleigh Bedford\",\"image\":{\"@type\":\"ImageObject\",\"inLanguage\":\"fi\",\"@id\":\"https:\\\/\\\/secure.gravatar.com\\\/avatar\\\/fe25a0a0785840df62a592de76ed79e48013f590cc9a874b448f15b293751483?s=96&d=mm&r=g\",\"url\":\"https:\\\/\\\/secure.gravatar.com\\\/avatar\\\/fe25a0a0785840df62a592de76ed79e48013f590cc9a874b448f15b293751483?s=96&d=mm&r=g\",\"contentUrl\":\"https:\\\/\\\/secure.gravatar.com\\\/avatar\\\/fe25a0a0785840df62a592de76ed79e48013f590cc9a874b448f15b293751483?s=96&d=mm&r=g\",\"caption\":\"Ashleigh Bedford\"},\"url\":\"https:\\\/\\\/transformiran.com\\\/fi\\\/author\\\/ashleigh\\\/\"}]}<\/script>\n<!-- \/ Yoast SEO plugin. -->","yoast_head_json":{"title":"Iranin ihmisoikeustilannetta tarkastellaan YK:n nimityksen j\u00e4lkeen - Transform Iran","description":"Iran joutuu maailmanlaajuiseen tarkkailuun YK:n ihmisoikeustapaamisen j\u00e4lkeen, vaikka teloitukset ja sortotoimet lis\u00e4\u00e4ntyv\u00e4t, ja Lana Silk korostaa vainon ja uskon lis\u00e4\u00e4ntymist\u00e4.","robots":{"index":"index","follow":"follow","max-snippet":"max-snippet:-1","max-image-preview":"max-image-preview:large","max-video-preview":"max-video-preview:-1"},"canonical":"https:\/\/transformiran.com\/fi\/uutishuone\/iranin-ihmisoikeustilannetta-tarkastellaan-ykn-nimityksen-jalkeen\/","og_locale":"fi_FI","og_type":"article","og_title":"Iranin ihmisoikeustilannetta tarkastellaan YK:n nimityksen j\u00e4lkeen - Transform Iran","og_description":"Iran joutuu maailmanlaajuiseen tarkkailuun YK:n ihmisoikeustapaamisen j\u00e4lkeen, vaikka teloitukset ja sortotoimet lis\u00e4\u00e4ntyv\u00e4t, ja Lana Silk korostaa vainon ja uskon lis\u00e4\u00e4ntymist\u00e4.","og_url":"https:\/\/transformiran.com\/fi\/uutishuone\/iranin-ihmisoikeustilannetta-tarkastellaan-ykn-nimityksen-jalkeen\/","og_site_name":"Transform Iran","article_publisher":"https:\/\/www.facebook.com\/222MinistriesUSAInc","article_published_time":"2026-04-28T18:00:28+00:00","article_modified_time":"2026-04-30T18:44:44+00:00","author":"Ashleigh Bedford","twitter_card":"summary_large_image","twitter_creator":"@222minint","twitter_site":"@222minint","twitter_misc":{"Written by":"Ashleigh Bedford","Est. reading time":"2 minutes"},"schema":{"@context":"https:\/\/schema.org","@graph":[{"@type":"Article","@id":"https:\/\/transformiran.com\/fi\/uutishuone\/iranin-ihmisoikeustilannetta-tarkastellaan-ykn-nimityksen-jalkeen\/#article","isPartOf":{"@id":"https:\/\/transformiran.com\/fi\/uutishuone\/iranin-ihmisoikeustilannetta-tarkastellaan-ykn-nimityksen-jalkeen\/"},"author":{"name":"Ashleigh Bedford","@id":"https:\/\/transformiran.com\/fi\/#\/schema\/person\/901d817bcb841b949dbba5fa2886bfe3"},"headline":"Iranin ihmisoikeustilannetta tarkastellaan YK:n nimityksen j\u00e4lkeen","datePublished":"2026-04-28T18:00:28+00:00","dateModified":"2026-04-30T18:44:44+00:00","mainEntityOfPage":{"@id":"https:\/\/transformiran.com\/fi\/uutishuone\/iranin-ihmisoikeustilannetta-tarkastellaan-ykn-nimityksen-jalkeen\/"},"wordCount":346,"commentCount":0,"publisher":{"@id":"https:\/\/transformiran.com\/fi\/#organization"},"image":{"@id":"https:\/\/transformiran.com\/fi\/uutishuone\/iranin-ihmisoikeustilannetta-tarkastellaan-ykn-nimityksen-jalkeen\/#primaryimage"},"thumbnailUrl":"https:\/\/transformiran.com\/app\/uploads\/2026\/01\/IranIntl.org-regime-violence-and-systematic-killing.avif","keywords":["Evangelism","Hallitus","Humanitaarinen kriisi","Iran","Kirkko"],"articleSection":["Uutishuone"],"inLanguage":"fi","potentialAction":[{"@type":"CommentAction","name":"Comment","target":["https:\/\/transformiran.com\/fi\/uutishuone\/iranin-ihmisoikeustilannetta-tarkastellaan-ykn-nimityksen-jalkeen\/#respond"]}]},{"@type":"WebPage","@id":"https:\/\/transformiran.com\/fi\/uutishuone\/iranin-ihmisoikeustilannetta-tarkastellaan-ykn-nimityksen-jalkeen\/","url":"https:\/\/transformiran.com\/fi\/uutishuone\/iranin-ihmisoikeustilannetta-tarkastellaan-ykn-nimityksen-jalkeen\/","name":"Iranin ihmisoikeustilannetta tarkastellaan YK:n nimityksen j\u00e4lkeen - Transform Iran","isPartOf":{"@id":"https:\/\/transformiran.com\/fi\/#website"},"primaryImageOfPage":{"@id":"https:\/\/transformiran.com\/fi\/uutishuone\/iranin-ihmisoikeustilannetta-tarkastellaan-ykn-nimityksen-jalkeen\/#primaryimage"},"image":{"@id":"https:\/\/transformiran.com\/fi\/uutishuone\/iranin-ihmisoikeustilannetta-tarkastellaan-ykn-nimityksen-jalkeen\/#primaryimage"},"thumbnailUrl":"https:\/\/transformiran.com\/app\/uploads\/2026\/01\/IranIntl.org-regime-violence-and-systematic-killing.avif","datePublished":"2026-04-28T18:00:28+00:00","dateModified":"2026-04-30T18:44:44+00:00","description":"Iran joutuu maailmanlaajuiseen tarkkailuun YK:n ihmisoikeustapaamisen j\u00e4lkeen, vaikka teloitukset ja sortotoimet lis\u00e4\u00e4ntyv\u00e4t, ja Lana Silk korostaa vainon ja uskon lis\u00e4\u00e4ntymist\u00e4.","breadcrumb":{"@id":"https:\/\/transformiran.com\/fi\/uutishuone\/iranin-ihmisoikeustilannetta-tarkastellaan-ykn-nimityksen-jalkeen\/#breadcrumb"},"inLanguage":"fi","potentialAction":[{"@type":"ReadAction","target":["https:\/\/transformiran.com\/fi\/uutishuone\/iranin-ihmisoikeustilannetta-tarkastellaan-ykn-nimityksen-jalkeen\/"]}]},{"@type":"ImageObject","inLanguage":"fi","@id":"https:\/\/transformiran.com\/fi\/uutishuone\/iranin-ihmisoikeustilannetta-tarkastellaan-ykn-nimityksen-jalkeen\/#primaryimage","url":"https:\/\/transformiran.com\/app\/uploads\/2026\/01\/IranIntl.org-regime-violence-and-systematic-killing.avif","contentUrl":"https:\/\/transformiran.com\/app\/uploads\/2026\/01\/IranIntl.org-regime-violence-and-systematic-killing.avif","width":992,"height":660},{"@type":"BreadcrumbList","@id":"https:\/\/transformiran.com\/fi\/uutishuone\/iranin-ihmisoikeustilannetta-tarkastellaan-ykn-nimityksen-jalkeen\/#breadcrumb","itemListElement":[{"@type":"ListItem","position":1,"name":"Home","item":"https:\/\/transformiran.com\/fi\/home\/"},{"@type":"ListItem","position":2,"name":"Iranin ihmisoikeustilannetta tarkastellaan YK:n nimityksen j\u00e4lkeen"}]},{"@type":"WebSite","@id":"https:\/\/transformiran.com\/fi\/#website","url":"https:\/\/transformiran.com\/fi\/","name":"Transform Iran","description":"Bringing the love and power of Christ to Iran - and beyond","publisher":{"@id":"https:\/\/transformiran.com\/fi\/#organization"},"potentialAction":[{"@type":"SearchAction","target":{"@type":"EntryPoint","urlTemplate":"https:\/\/transformiran.com\/fi\/?s={search_term_string}"},"query-input":{"@type":"PropertyValueSpecification","valueRequired":true,"valueName":"search_term_string"}}],"inLanguage":"fi"},{"@type":"Organization","@id":"https:\/\/transformiran.com\/fi\/#organization","name":"Transform Iran","url":"https:\/\/transformiran.com\/fi\/","logo":{"@type":"ImageObject","inLanguage":"fi","@id":"https:\/\/transformiran.com\/fi\/#\/schema\/logo\/image\/","url":"https:\/\/transformiran.com\/app\/uploads\/2022\/11\/logo_grey.jpg","contentUrl":"https:\/\/transformiran.com\/app\/uploads\/2022\/11\/logo_grey.jpg","width":528,"height":90,"caption":"Transform Iran"},"image":{"@id":"https:\/\/transformiran.com\/fi\/#\/schema\/logo\/image\/"},"sameAs":["https:\/\/www.facebook.com\/222MinistriesUSAInc","https:\/\/x.com\/222minint","https:\/\/www.instagram.com\/222ministriesinternational\/"]},{"@type":"Person","@id":"https:\/\/transformiran.com\/fi\/#\/schema\/person\/901d817bcb841b949dbba5fa2886bfe3","name":"Ashleigh Bedford","image":{"@type":"ImageObject","inLanguage":"fi","@id":"https:\/\/secure.gravatar.com\/avatar\/fe25a0a0785840df62a592de76ed79e48013f590cc9a874b448f15b293751483?s=96&d=mm&r=g","url":"https:\/\/secure.gravatar.com\/avatar\/fe25a0a0785840df62a592de76ed79e48013f590cc9a874b448f15b293751483?s=96&d=mm&r=g","contentUrl":"https:\/\/secure.gravatar.com\/avatar\/fe25a0a0785840df62a592de76ed79e48013f590cc9a874b448f15b293751483?s=96&d=mm&r=g","caption":"Ashleigh Bedford"},"url":"https:\/\/transformiran.com\/fi\/author\/ashleigh\/"}]}},"_links":{"self":[{"href":"https:\/\/transformiran.com\/fi\/wp-json\/wp\/v2\/posts\/37769","targetHints":{"allow":["GET"]}}],"collection":[{"href":"https:\/\/transformiran.com\/fi\/wp-json\/wp\/v2\/posts"}],"about":[{"href":"https:\/\/transformiran.com\/fi\/wp-json\/wp\/v2\/types\/post"}],"author":[{"embeddable":true,"href":"https:\/\/transformiran.com\/fi\/wp-json\/wp\/v2\/users\/6"}],"replies":[{"embeddable":true,"href":"https:\/\/transformiran.com\/fi\/wp-json\/wp\/v2\/comments?post=37769"}],"version-history":[{"count":2,"href":"https:\/\/transformiran.com\/fi\/wp-json\/wp\/v2\/posts\/37769\/revisions"}],"predecessor-version":[{"id":37778,"href":"https:\/\/transformiran.com\/fi\/wp-json\/wp\/v2\/posts\/37769\/revisions\/37778"}],"wp:featuredmedia":[{"embeddable":true,"href":"https:\/\/transformiran.com\/fi\/wp-json\/wp\/v2\/media\/34613"}],"wp:attachment":[{"href":"https:\/\/transformiran.com\/fi\/wp-json\/wp\/v2\/media?parent=37769"}],"wp:term":[{"taxonomy":"category","embeddable":true,"href":"https:\/\/transformiran.com\/fi\/wp-json\/wp\/v2\/categories?post=37769"},{"taxonomy":"post_tag","embeddable":true,"href":"https:\/\/transformiran.com\/fi\/wp-json\/wp\/v2\/tags?post=37769"}],"curies":[{"name":"wp","href":"https:\/\/api.w.org\/{rel}","templated":true}]}}