{"id":14123,"date":"2023-09-15T01:19:30","date_gmt":"2023-09-15T00:19:30","guid":{"rendered":"https:\/\/transformiran.com\/non-classifiee\/le-predicateur-irakien-soppose-au-regime-islamiste-dans-son-pays-et-organise-des-manifestations-cvandaag\/"},"modified":"2024-05-15T11:21:27","modified_gmt":"2024-05-15T10:21:27","slug":"le-predicateur-irakien-soppose-au-regime-islamiste-dans-son-pays-et-organise-des-manifestations-cvandaag","status":"publish","type":"post","link":"https:\/\/transformiran.com\/fr\/salle-de-presse\/le-predicateur-irakien-soppose-au-regime-islamiste-dans-son-pays-et-organise-des-manifestations-cvandaag\/","title":{"rendered":"Le pr\u00e9dicateur irakien s&#8217;oppose au r\u00e9gime islamiste dans son pays et organise des manifestations : Cvandaag"},"content":{"rendered":"\n<p>par Silvan Bruinstroop<\/p>\n\n<p>Morgen organise Transform Iran, un \u00e9v\u00e9nement international pour l&#8217;Iran qui a besoin d&#8217;\u00eatre soutenu par le r\u00e9gime islamiste en place. Il y a quatre ans, Mahsa Amini, 22 ans, \u00e9tait sur le point de perdre son emploi, alors qu&#8217;elle \u00e9tait menac\u00e9e de perdre son emploi. En marge du d\u00e9bat, Cvandaag a rencontr\u00e9 l&#8217;expert et pr\u00e9dicateur iranien Lazarus Yeghnazar, qui lui a parl\u00e9 de la situation difficile dans le pays, du d\u00e9bat et de la politique g\u00e9n\u00e9rale.<\/p>\n\n<p><strong>Pourquoi organisez-vous ce jour (16 septembre) une journ\u00e9e internationale de boycott et d&#8217;action en faveur de l&#8217;Iran ?<br\/><\/strong>&#8220;Il y a au moins un an que Mahsa Amini a \u00e9t\u00e9 condamn\u00e9e&#8221;, d\u00e9clare le pr\u00e9sident de Transform Iran (cette organisation s&#8217;occupe de l&#8217;\u00e9vang\u00e9lisation et de la plantation d&#8217;arbres en Iran o\u00f9 pr\u00e8s d&#8217;un million de chr\u00e9tiens ont \u00e9t\u00e9 gagn\u00e9s, ndlr). &#8220;Mais ce n&#8217;est pas tout : au cours des quatre premiers mois de la manifestation nationale, 500 personnes ont \u00e9t\u00e9 sauv\u00e9es par la violence, a d\u00e9clar\u00e9 Yeghnazar. &#8220;Les sommets sont \u00e9galement situ\u00e9s \u00e0 l&#8217;int\u00e9rieur de l&#8217;organisme. Dans aucun autre pays, il n&#8217;y a de r\u00e9gime bloqu\u00e9 \u00e0 d\u00e9couvrir.<\/p>\n\n<p>De plus, il n&#8217;y a pas beaucoup d&#8217;hommes qui ont \u00e9t\u00e9 licenci\u00e9s. Cela concerne non seulement les chr\u00e9tiens, mais aussi tous ceux qui s&#8217;opposent au r\u00e9gime en place : les \u00e9crivains, les journalistes, les philosophes, les activistes politiques, mais aussi les musulmans. Les personnes qui n&#8217;ont pas les moyens de faire face \u00e0 la surchauffe se retrouvent \u00e0 l&#8217;\u00e9cart de la r\u00e9alit\u00e9. Nous nous sommes engag\u00e9s \u00e0 ce que notre pays soit bien situ\u00e9. L&#8217;offre a commenc\u00e9 le jour m\u00eame \u00e0 12 heures et s&#8217;est poursuivie jusqu&#8217;\u00e0 sept heures. Nous esp\u00e9rons et nous nous r\u00e9jouissons que des dizaines de chr\u00e9tiens farsi soient envoy\u00e9s dans le monde entier&#8221;.<\/p>\n\n<p><strong>\u00cates-vous d&#8217;avis que le r\u00e9gime iranien a \u00e9t\u00e9 renforc\u00e9 par la corruption ?<br\/><\/strong>&#8220;Dans d&#8217;autres pays aussi, il y a des r\u00e9gimes qui s&#8217;inspirent de Satan. Je pense que lorsque les hommes de Dieu sont utilis\u00e9s comme des instruments pour faire avancer leurs objectifs, Satan leur enl\u00e8ve m\u00eame des hommes pour qu&#8217;ils fassent leur travail de v\u00e9rification. Le Dieu c\u00e9leste d\u00e9truit les hommes, mais aussi le Satan. Les machinistes du r\u00e9gime irakien se sont vus imposer une obligation de r\u00e9sultat dans le cadre de leur travail de v\u00e9rification.<\/p>\n\n<p>Dans mon esprit, il n&#8217;est pas question que ce r\u00e9gime soit islamiste. Il y a de nombreux autres pays musulmans o\u00f9 la communaut\u00e9 chr\u00e9tienne peut se sentir \u00e0 l&#8217;aise dans sa relation et sa foi en Dieu. Mais le r\u00e9gime irakien est un r\u00e9gime qui n&#8217;a rien d&#8217;autre \u00e0 faire que de s&#8217;opposer, de s&#8217;opposer et d&#8217;entraver la libert\u00e9 de mouvement des hommes. Sous ce r\u00e9gime, il y a une \u00e9norme menace qui p\u00e8se sur le peuple et qui le rendra vuln\u00e9rable&#8221;.<\/p>\n\n<p><strong>Quelles sont les sp\u00e9cificit\u00e9s de cette forme ?<\/strong><strong><br\/><\/strong>&#8220;Bidden et vasten zijn onlosmakelijk verbonden aan ons christelijk geloof. C&#8217;est dans le cadre de ce projet que l&#8217;on trouve aujourd&#8217;hui les informations n\u00e9cessaires. Dans l&#8217;Ancien Testament, Nehemia n&#8217;a pas \u00e9t\u00e9 prise en compte, mais dans le Nouveau Testament, nous avons baptis\u00e9 beaucoup de gens et Petrus a \u00e9t\u00e9 pris en charge.<br\/><br\/>Il y a des hommes qui s&#8217;enlisent dans la temp\u00eate, mais face \u00e0 eux, j&#8217;ai envie de dire : si les 120 hommes qui n&#8217;ont pas \u00e9t\u00e9 affect\u00e9s \u00e0 la formation de P\u00e9trus ont \u00e9t\u00e9 mis en place, est-ce qu&#8217;il a pu \u00eatre \u00e9lev\u00e9 au rang d&#8217;un ange de Dieu ? Je souhaite qu&#8217;il en soit ainsi. Pour moi, il est important de savoir que Dieu peut faire quelque chose de bien.  <\/p>\n\n<p>En 2 couronnes 7 \u00e0 14, le gouvernement a d\u00e9cid\u00e9 d&#8217;agir :  <em>Si mon peuple, o\u00f9 mon nom est inscrit, s&#8217;accro\u00eet et s&#8217;accro\u00eet, si mon opinion est recherch\u00e9e et si je me fie \u00e0 mon pass\u00e9, alors j&#8217;agirai en fonction de ce qu&#8217;il y a \u00e0 faire, j&#8217;agirai en fonction de ce qu&#8217;il y a \u00e0 faire et de ce qu&#8217;il y a \u00e0 faire&#8221;.<\/em>  Il s&#8217;agit l\u00e0 d&#8217;une t\u00e2che difficile \u00e0 accomplir. Je suis convaincu qu&#8217;en tant que chr\u00e9tiens \u00e0 l&#8217;int\u00e9rieur du pays et en relation avec le pays, nous devons nous pr\u00e9occuper du sort de l&#8217;Iran, et que Dieu le fera avec courage et autorit\u00e9&#8221;.<\/p>\n\n<p><strong>Qu&#8217;est-ce que cela signifie pour les chr\u00e9tiens en Iran, alors qu&#8217;il s&#8217;agit d&#8217;un pays o\u00f9 ils sont enferm\u00e9s ?<br\/><\/strong>&#8220;Pour nous, c&#8217;est vraiment tr\u00e8s important. J&#8217;aimerais que vous me donniez un coup de pouce. Un de nos pasteurs s&#8217;est rendu en Iran pour que l&#8217;\u00e9glise en question y reste, mais il a \u00e9t\u00e9 arr\u00eat\u00e9. \u00c0 l&#8217;\u00e9poque o\u00f9 il s&#8217;est install\u00e9, les chr\u00e9tiens irakiens et n\u00e9erlandais se sont retrouv\u00e9s en grande partie \u00e0 ses c\u00f4t\u00e9s. Lorsqu&#8217;il s&#8217;est lev\u00e9, il a dit : &#8220;Lorsqu&#8217;il ne s&#8217;est pas encore endormi sur mes lauriers, je me suis retourn\u00e9 vers la flamme dans ma cellule et j&#8217;ai vu un petit oiseau frais dans mon corps. Direct wist ik dat het de gebeden van broeders en zusters waren. Il s&#8217;agit donc de mon c\u0153ur.<\/p>\n\n<p>Misschien staan we geografisch op afstand en zijn we niet bij iemands leed fysiek betrokken, toch kunnen de gebeden van gelovigen die barri\u00e8res doorbreken en zijn ze onuitsprekelijk waardevol. Le plus grand geste qu&#8217;un enfant de ch\u0153ur puisse accomplir est celui de se faire brosser les dents et d&#8217;utiliser les mains de son entourage pour le faire. C&#8217;est Dieu qui le dit. Si nous le voulons, il faut qu&#8217;il travaille. Ne laissez pas le paysage vous montrer que les choses ne sont pas toujours faciles&#8221;.<\/p>\n\n<p><strong>Que peuvent faire les chr\u00e9tiens pour la grande \u00e9glise en Iran ?  <br\/><\/strong>&#8220;Il y a beaucoup de choses que nous pouvons faire&#8221;, a d\u00e9clar\u00e9 Yeghnazar, qui n&#8217;a pas \u00e9t\u00e9 inform\u00e9 de l&#8217;\u00e9volution de la situation. &#8220;Een 18-jarige moslim, eigenlijk nog maar een jongen, moest Iran ontvluchten and kwam in Turkije terecht. Il s&#8217;\u00e9tait endormi sur ses lauriers et avait subi une op\u00e9ration chirurgicale en cours de route. Il s&#8217;est rendu compte que les m\u00e9decins turcs avaient d\u00e9j\u00e0 commenc\u00e9 \u00e0 travailler avec lui. En outre, son p\u00e8re a \u00e9t\u00e9 reconnu aux Pays-Bas et son fils a \u00e9t\u00e9 directement introduit dans un village chr\u00e9tien en Turquie, o\u00f9 il a \u00e9t\u00e9 aid\u00e9. De cette mani\u00e8re, nous pouvons faire quelque chose de concret et d&#8217;important pour l&#8217;Espagne.<\/p>\n\n<p>Je veux dire aux chr\u00e9tiens du Pays-Bas et \u00e0 l&#8217;\u00c9glise n\u00e9erlandaise : ne vous mettez pas en danger. Zo van : Je donne 100 euros \u00e0 une association, mais notre probl\u00e8me n&#8217;est pas encore r\u00e9gl\u00e9. Ce n&#8217;est pas un probl\u00e8me. L&#8217;\u00c9glise n\u00e9erlandaise n&#8217;a pas l&#8217;intention d&#8217;ignorer le sort des fr\u00e8res et s\u0153urs irakiens ni de s&#8217;en \u00e9loigner. De plus, pour vous faire comprendre que le probl\u00e8me n&#8217;est pas de votre ressort, il suffit d&#8217;un jour pour que cela se produise. Dans les d\u00e9mocraties lib\u00e9rales de l&#8217;Ouest, nous savons que ce milieu est en train de se transformer.<\/p>\n\n<p><strong>En dehors du risque de voir les choses se g\u00e2ter, un grand nombre d&#8217;Iraniens se retrouvent dans une situation pr\u00e9caire. Comment le savoir ?<br\/><\/strong>&#8220;Il s&#8217;agit, en fait, d&#8217;une grande op\u00e9ration qui se d\u00e9roule sous l&#8217;\u00e9gide du peuple irakien. Comment faire ? Je ne sais pas ce que c&#8217;est, mais c&#8217;est vraiment bien. \u00c0 ce moment-l\u00e0, en Iran, plusieurs personnes se sont engag\u00e9es \u00e0 ce que les deux artistes se sentent concern\u00e9s.<br\/><br\/>De ce fait, les chr\u00e9tiens n\u00e9erlandais ne sont pas les seuls \u00e0 \u00eatre interdits pour le contr\u00f4le du r\u00e9gime, mais aussi pour que les arpenteurs de Dieu les soutiennent. Les paysages sont beaux \u00e0 voir, mais les artistes sont plus difficiles. En tant que Transform Iran, nous formons des hommes \u00e0 l&#8217;\u00e9vang\u00e9lisation des Iraniens. M\u00eame si vous savez quels sont les risques et les dangers auxquels vous vous exposez, vous devez vous assurer que la meilleure solution est celle qui vous convient le mieux.<\/p>\n\n<p>Je me suis rendu en Angleterre o\u00f9 250 000 Iraniens ont \u00e9t\u00e9 tu\u00e9s. Il y a aussi des millions de musulmans dans des pays comme le Liberia, la Somalie et le Soudan. Comment voyez-vous les banques d&#8217;investissement ? Les Iraniens&#8221;, dit Yeghnazar, n&#8217;est pas du tout convaincu que Dieu est aux c\u00f4t\u00e9s des Iraniens.<\/p>\n\n<p><em>Transform Iran s&#8217;adresse aux personnes les plus actives en Iran et propose des services de conseil en traumatologie, d&#8217;assistance aux victimes, d&#8217;assistance m\u00e9dicale et juridique, d&#8217;aide \u00e0 la vie quotidienne et de soutien humanitaire au peuple iranien et aux communaut\u00e9s irakiennes dans d&#8217;autres pays. Souhaitez-vous participer aux activit\u00e9s de Transform Iran ? Cliquez <a href=\"https:\/\/transformiran.com\/fr\/inscription-au-bulletin-dinformation\/\" target=\"_blank\" rel=\"noreferrer noopener\">ici<\/a> pour obtenir le bulletin d&#8217;information. <a href=\"https:\/\/transformiran.com\/fr\/donate\/\" target=\"_blank\" rel=\"noreferrer noopener\">Cliquez ici<\/a> pour obtenir le travail de Transform Iran au moyen d&#8217;un cadeau.  <\/em><\/p>\n\n<p><em>Publi\u00e9 \u00e0 l&#8217;origine sur : <a href=\"https:\/\/cvandaag.nl\/premium\/97780-iraanse-predikant-ziet-zijn-land-gebukt-gaan-onder-islamitisch-regime-en-organiseert-bidstond\/SUtVCAAIC3smaRwbEEkccxARFxU\" target=\"_blank\" rel=\"noreferrer noopener\">Cvandaag<\/a>.<\/em><\/p>\n","protected":false},"excerpt":{"rendered":"<p>Le pasteur Lazarus partage ses r\u00e9flexions sur l&#8217;Iran \u00e0 l&#8217;approche de l&#8217;anniversaire de la mort d&#8217;Amini, en septembre 2022, dans cette interview en n\u00e9erlandais.<\/p>\n","protected":false},"author":4,"featured_media":14127,"comment_status":"open","ping_status":"open","sticky":false,"template":"","format":"standard","meta":{"_acf_changed":false,"give_campaign_id":0,"om_disable_all_campaigns":false,"_mi_skip_tracking":false,"footnotes":""},"categories":[283],"tags":[110,293,286,284,285],"class_list":["post-14123","post","type-post","status-publish","format-standard","has-post-thumbnail","hentry","category-salle-de-presse","tag-evangelisation","tag-formation-de-disciple","tag-gouvernement","tag-liran","tag-les-femmes"],"acf":[],"yoast_head":"<!-- This site is optimized with the Yoast SEO plugin v27.3 - https:\/\/yoast.com\/product\/yoast-seo-wordpress\/ -->\n<title>Le pr\u00e9dicateur irakien s&#039;oppose au r\u00e9gime islamiste dans son pays et organise des manifestations : Cvandaag - Transform Iran<\/title>\n<meta name=\"robots\" content=\"index, follow, max-snippet:-1, max-image-preview:large, max-video-preview:-1\" \/>\n<link rel=\"canonical\" href=\"https:\/\/transformiran.com\/fr\/salle-de-presse\/le-predicateur-irakien-soppose-au-regime-islamiste-dans-son-pays-et-organise-des-manifestations-cvandaag\/\" \/>\n<meta property=\"og:locale\" content=\"fr_FR\" \/>\n<meta property=\"og:type\" content=\"article\" \/>\n<meta property=\"og:title\" content=\"Le pr\u00e9dicateur irakien s&#039;oppose au r\u00e9gime islamiste dans son pays et organise des manifestations : Cvandaag - Transform Iran\" \/>\n<meta property=\"og:description\" content=\"Le pasteur Lazarus partage ses r\u00e9flexions sur l&#039;Iran \u00e0 l&#039;approche de l&#039;anniversaire de la mort d&#039;Amini, en septembre 2022, dans cette interview en n\u00e9erlandais.\" \/>\n<meta property=\"og:url\" content=\"https:\/\/transformiran.com\/fr\/salle-de-presse\/le-predicateur-irakien-soppose-au-regime-islamiste-dans-son-pays-et-organise-des-manifestations-cvandaag\/\" \/>\n<meta property=\"og:site_name\" content=\"Transform Iran\" \/>\n<meta property=\"article:publisher\" content=\"https:\/\/www.facebook.com\/222MinistriesUSAInc\" \/>\n<meta property=\"article:published_time\" content=\"2023-09-15T00:19:30+00:00\" \/>\n<meta property=\"article:modified_time\" content=\"2024-05-15T10:21:27+00:00\" \/>\n<meta property=\"og:image\" content=\"https:\/\/transformiran.com\/app\/uploads\/2022\/11\/laz2.jpeg\" \/>\n\t<meta property=\"og:image:width\" content=\"1024\" \/>\n\t<meta property=\"og:image:height\" content=\"683\" \/>\n\t<meta property=\"og:image:type\" content=\"image\/jpeg\" \/>\n<meta name=\"author\" content=\"Lana Silk\" \/>\n<meta name=\"twitter:card\" content=\"summary_large_image\" \/>\n<meta name=\"twitter:creator\" content=\"@222minint\" \/>\n<meta name=\"twitter:site\" content=\"@222minint\" \/>\n<meta name=\"twitter:label1\" content=\"Written by\" \/>\n\t<meta name=\"twitter:data1\" content=\"Lana Silk\" \/>\n\t<meta name=\"twitter:label2\" content=\"Est. reading time\" \/>\n\t<meta name=\"twitter:data2\" content=\"7 minutes\" \/>\n<script type=\"application\/ld+json\" class=\"yoast-schema-graph\">{\"@context\":\"https:\\\/\\\/schema.org\",\"@graph\":[{\"@type\":\"Article\",\"@id\":\"https:\\\/\\\/transformiran.com\\\/fr\\\/salle-de-presse\\\/le-predicateur-irakien-soppose-au-regime-islamiste-dans-son-pays-et-organise-des-manifestations-cvandaag\\\/#article\",\"isPartOf\":{\"@id\":\"https:\\\/\\\/transformiran.com\\\/fr\\\/salle-de-presse\\\/le-predicateur-irakien-soppose-au-regime-islamiste-dans-son-pays-et-organise-des-manifestations-cvandaag\\\/\"},\"author\":{\"name\":\"Lana Silk\",\"@id\":\"https:\\\/\\\/transformiran.com\\\/fr\\\/#\\\/schema\\\/person\\\/c0e1862a6f8592d7945bcb851b52cd9c\"},\"headline\":\"Le pr\u00e9dicateur irakien s&#8217;oppose au r\u00e9gime islamiste dans son pays et organise des manifestations : Cvandaag\",\"datePublished\":\"2023-09-15T00:19:30+00:00\",\"dateModified\":\"2024-05-15T10:21:27+00:00\",\"mainEntityOfPage\":{\"@id\":\"https:\\\/\\\/transformiran.com\\\/fr\\\/salle-de-presse\\\/le-predicateur-irakien-soppose-au-regime-islamiste-dans-son-pays-et-organise-des-manifestations-cvandaag\\\/\"},\"wordCount\":1606,\"commentCount\":0,\"publisher\":{\"@id\":\"https:\\\/\\\/transformiran.com\\\/fr\\\/#organization\"},\"image\":{\"@id\":\"https:\\\/\\\/transformiran.com\\\/fr\\\/salle-de-presse\\\/le-predicateur-irakien-soppose-au-regime-islamiste-dans-son-pays-et-organise-des-manifestations-cvandaag\\\/#primaryimage\"},\"thumbnailUrl\":\"https:\\\/\\\/transformiran.com\\\/app\\\/uploads\\\/2022\\\/11\\\/laz2.jpeg\",\"keywords\":[\"Evangelisation\",\"Formation de disciple\",\"Gouvernement\",\"L'Iran\",\"Les femmes\"],\"articleSection\":[\"Salle de presse\"],\"inLanguage\":\"fr-FR\",\"potentialAction\":[{\"@type\":\"CommentAction\",\"name\":\"Comment\",\"target\":[\"https:\\\/\\\/transformiran.com\\\/fr\\\/salle-de-presse\\\/le-predicateur-irakien-soppose-au-regime-islamiste-dans-son-pays-et-organise-des-manifestations-cvandaag\\\/#respond\"]}]},{\"@type\":\"WebPage\",\"@id\":\"https:\\\/\\\/transformiran.com\\\/fr\\\/salle-de-presse\\\/le-predicateur-irakien-soppose-au-regime-islamiste-dans-son-pays-et-organise-des-manifestations-cvandaag\\\/\",\"url\":\"https:\\\/\\\/transformiran.com\\\/fr\\\/salle-de-presse\\\/le-predicateur-irakien-soppose-au-regime-islamiste-dans-son-pays-et-organise-des-manifestations-cvandaag\\\/\",\"name\":\"Le pr\u00e9dicateur irakien s'oppose au r\u00e9gime islamiste dans son pays et organise des manifestations : Cvandaag - Transform Iran\",\"isPartOf\":{\"@id\":\"https:\\\/\\\/transformiran.com\\\/fr\\\/#website\"},\"primaryImageOfPage\":{\"@id\":\"https:\\\/\\\/transformiran.com\\\/fr\\\/salle-de-presse\\\/le-predicateur-irakien-soppose-au-regime-islamiste-dans-son-pays-et-organise-des-manifestations-cvandaag\\\/#primaryimage\"},\"image\":{\"@id\":\"https:\\\/\\\/transformiran.com\\\/fr\\\/salle-de-presse\\\/le-predicateur-irakien-soppose-au-regime-islamiste-dans-son-pays-et-organise-des-manifestations-cvandaag\\\/#primaryimage\"},\"thumbnailUrl\":\"https:\\\/\\\/transformiran.com\\\/app\\\/uploads\\\/2022\\\/11\\\/laz2.jpeg\",\"datePublished\":\"2023-09-15T00:19:30+00:00\",\"dateModified\":\"2024-05-15T10:21:27+00:00\",\"breadcrumb\":{\"@id\":\"https:\\\/\\\/transformiran.com\\\/fr\\\/salle-de-presse\\\/le-predicateur-irakien-soppose-au-regime-islamiste-dans-son-pays-et-organise-des-manifestations-cvandaag\\\/#breadcrumb\"},\"inLanguage\":\"fr-FR\",\"potentialAction\":[{\"@type\":\"ReadAction\",\"target\":[\"https:\\\/\\\/transformiran.com\\\/fr\\\/salle-de-presse\\\/le-predicateur-irakien-soppose-au-regime-islamiste-dans-son-pays-et-organise-des-manifestations-cvandaag\\\/\"]}]},{\"@type\":\"ImageObject\",\"inLanguage\":\"fr-FR\",\"@id\":\"https:\\\/\\\/transformiran.com\\\/fr\\\/salle-de-presse\\\/le-predicateur-irakien-soppose-au-regime-islamiste-dans-son-pays-et-organise-des-manifestations-cvandaag\\\/#primaryimage\",\"url\":\"https:\\\/\\\/transformiran.com\\\/app\\\/uploads\\\/2022\\\/11\\\/laz2.jpeg\",\"contentUrl\":\"https:\\\/\\\/transformiran.com\\\/app\\\/uploads\\\/2022\\\/11\\\/laz2.jpeg\",\"width\":1024,\"height\":683},{\"@type\":\"BreadcrumbList\",\"@id\":\"https:\\\/\\\/transformiran.com\\\/fr\\\/salle-de-presse\\\/le-predicateur-irakien-soppose-au-regime-islamiste-dans-son-pays-et-organise-des-manifestations-cvandaag\\\/#breadcrumb\",\"itemListElement\":[{\"@type\":\"ListItem\",\"position\":1,\"name\":\"Home\",\"item\":\"https:\\\/\\\/transformiran.com\\\/fr\\\/home\\\/\"},{\"@type\":\"ListItem\",\"position\":2,\"name\":\"Le pr\u00e9dicateur irakien s&#8217;oppose au r\u00e9gime islamiste dans son pays et organise des manifestations : Cvandaag\"}]},{\"@type\":\"WebSite\",\"@id\":\"https:\\\/\\\/transformiran.com\\\/fr\\\/#website\",\"url\":\"https:\\\/\\\/transformiran.com\\\/fr\\\/\",\"name\":\"Transform Iran\",\"description\":\"Bringing the love and power of Christ to Iran - and beyond\",\"publisher\":{\"@id\":\"https:\\\/\\\/transformiran.com\\\/fr\\\/#organization\"},\"potentialAction\":[{\"@type\":\"SearchAction\",\"target\":{\"@type\":\"EntryPoint\",\"urlTemplate\":\"https:\\\/\\\/transformiran.com\\\/fr\\\/?s={search_term_string}\"},\"query-input\":{\"@type\":\"PropertyValueSpecification\",\"valueRequired\":true,\"valueName\":\"search_term_string\"}}],\"inLanguage\":\"fr-FR\"},{\"@type\":\"Organization\",\"@id\":\"https:\\\/\\\/transformiran.com\\\/fr\\\/#organization\",\"name\":\"Transform Iran\",\"url\":\"https:\\\/\\\/transformiran.com\\\/fr\\\/\",\"logo\":{\"@type\":\"ImageObject\",\"inLanguage\":\"fr-FR\",\"@id\":\"https:\\\/\\\/transformiran.com\\\/fr\\\/#\\\/schema\\\/logo\\\/image\\\/\",\"url\":\"https:\\\/\\\/transformiran.com\\\/app\\\/uploads\\\/2022\\\/11\\\/logo_grey.jpg\",\"contentUrl\":\"https:\\\/\\\/transformiran.com\\\/app\\\/uploads\\\/2022\\\/11\\\/logo_grey.jpg\",\"width\":528,\"height\":90,\"caption\":\"Transform Iran\"},\"image\":{\"@id\":\"https:\\\/\\\/transformiran.com\\\/fr\\\/#\\\/schema\\\/logo\\\/image\\\/\"},\"sameAs\":[\"https:\\\/\\\/www.facebook.com\\\/222MinistriesUSAInc\",\"https:\\\/\\\/x.com\\\/222minint\",\"https:\\\/\\\/www.instagram.com\\\/222ministriesinternational\\\/\"]},{\"@type\":\"Person\",\"@id\":\"https:\\\/\\\/transformiran.com\\\/fr\\\/#\\\/schema\\\/person\\\/c0e1862a6f8592d7945bcb851b52cd9c\",\"name\":\"Lana Silk\",\"image\":{\"@type\":\"ImageObject\",\"inLanguage\":\"fr-FR\",\"@id\":\"https:\\\/\\\/secure.gravatar.com\\\/avatar\\\/d632b13d91e0186b2ead0912a0e293a96cf08479bc1b68caebfeca5ef8d55a9f?s=96&d=mm&r=g\",\"url\":\"https:\\\/\\\/secure.gravatar.com\\\/avatar\\\/d632b13d91e0186b2ead0912a0e293a96cf08479bc1b68caebfeca5ef8d55a9f?s=96&d=mm&r=g\",\"contentUrl\":\"https:\\\/\\\/secure.gravatar.com\\\/avatar\\\/d632b13d91e0186b2ead0912a0e293a96cf08479bc1b68caebfeca5ef8d55a9f?s=96&d=mm&r=g\",\"caption\":\"Lana Silk\"},\"url\":\"https:\\\/\\\/transformiran.com\\\/fr\\\/author\\\/lana\\\/\"}]}<\/script>\n<!-- \/ Yoast SEO plugin. -->","yoast_head_json":{"title":"Le pr\u00e9dicateur irakien s'oppose au r\u00e9gime islamiste dans son pays et organise des manifestations : Cvandaag - Transform Iran","robots":{"index":"index","follow":"follow","max-snippet":"max-snippet:-1","max-image-preview":"max-image-preview:large","max-video-preview":"max-video-preview:-1"},"canonical":"https:\/\/transformiran.com\/fr\/salle-de-presse\/le-predicateur-irakien-soppose-au-regime-islamiste-dans-son-pays-et-organise-des-manifestations-cvandaag\/","og_locale":"fr_FR","og_type":"article","og_title":"Le pr\u00e9dicateur irakien s'oppose au r\u00e9gime islamiste dans son pays et organise des manifestations : Cvandaag - Transform Iran","og_description":"Le pasteur Lazarus partage ses r\u00e9flexions sur l'Iran \u00e0 l'approche de l'anniversaire de la mort d'Amini, en septembre 2022, dans cette interview en n\u00e9erlandais.","og_url":"https:\/\/transformiran.com\/fr\/salle-de-presse\/le-predicateur-irakien-soppose-au-regime-islamiste-dans-son-pays-et-organise-des-manifestations-cvandaag\/","og_site_name":"Transform Iran","article_publisher":"https:\/\/www.facebook.com\/222MinistriesUSAInc","article_published_time":"2023-09-15T00:19:30+00:00","article_modified_time":"2024-05-15T10:21:27+00:00","og_image":[{"width":1024,"height":683,"url":"https:\/\/transformiran.com\/app\/uploads\/2022\/11\/laz2.jpeg","type":"image\/jpeg"}],"author":"Lana Silk","twitter_card":"summary_large_image","twitter_creator":"@222minint","twitter_site":"@222minint","twitter_misc":{"Written by":"Lana Silk","Est. reading time":"7 minutes"},"schema":{"@context":"https:\/\/schema.org","@graph":[{"@type":"Article","@id":"https:\/\/transformiran.com\/fr\/salle-de-presse\/le-predicateur-irakien-soppose-au-regime-islamiste-dans-son-pays-et-organise-des-manifestations-cvandaag\/#article","isPartOf":{"@id":"https:\/\/transformiran.com\/fr\/salle-de-presse\/le-predicateur-irakien-soppose-au-regime-islamiste-dans-son-pays-et-organise-des-manifestations-cvandaag\/"},"author":{"name":"Lana Silk","@id":"https:\/\/transformiran.com\/fr\/#\/schema\/person\/c0e1862a6f8592d7945bcb851b52cd9c"},"headline":"Le pr\u00e9dicateur irakien s&#8217;oppose au r\u00e9gime islamiste dans son pays et organise des manifestations : Cvandaag","datePublished":"2023-09-15T00:19:30+00:00","dateModified":"2024-05-15T10:21:27+00:00","mainEntityOfPage":{"@id":"https:\/\/transformiran.com\/fr\/salle-de-presse\/le-predicateur-irakien-soppose-au-regime-islamiste-dans-son-pays-et-organise-des-manifestations-cvandaag\/"},"wordCount":1606,"commentCount":0,"publisher":{"@id":"https:\/\/transformiran.com\/fr\/#organization"},"image":{"@id":"https:\/\/transformiran.com\/fr\/salle-de-presse\/le-predicateur-irakien-soppose-au-regime-islamiste-dans-son-pays-et-organise-des-manifestations-cvandaag\/#primaryimage"},"thumbnailUrl":"https:\/\/transformiran.com\/app\/uploads\/2022\/11\/laz2.jpeg","keywords":["Evangelisation","Formation de disciple","Gouvernement","L'Iran","Les femmes"],"articleSection":["Salle de presse"],"inLanguage":"fr-FR","potentialAction":[{"@type":"CommentAction","name":"Comment","target":["https:\/\/transformiran.com\/fr\/salle-de-presse\/le-predicateur-irakien-soppose-au-regime-islamiste-dans-son-pays-et-organise-des-manifestations-cvandaag\/#respond"]}]},{"@type":"WebPage","@id":"https:\/\/transformiran.com\/fr\/salle-de-presse\/le-predicateur-irakien-soppose-au-regime-islamiste-dans-son-pays-et-organise-des-manifestations-cvandaag\/","url":"https:\/\/transformiran.com\/fr\/salle-de-presse\/le-predicateur-irakien-soppose-au-regime-islamiste-dans-son-pays-et-organise-des-manifestations-cvandaag\/","name":"Le pr\u00e9dicateur irakien s'oppose au r\u00e9gime islamiste dans son pays et organise des manifestations : Cvandaag - Transform Iran","isPartOf":{"@id":"https:\/\/transformiran.com\/fr\/#website"},"primaryImageOfPage":{"@id":"https:\/\/transformiran.com\/fr\/salle-de-presse\/le-predicateur-irakien-soppose-au-regime-islamiste-dans-son-pays-et-organise-des-manifestations-cvandaag\/#primaryimage"},"image":{"@id":"https:\/\/transformiran.com\/fr\/salle-de-presse\/le-predicateur-irakien-soppose-au-regime-islamiste-dans-son-pays-et-organise-des-manifestations-cvandaag\/#primaryimage"},"thumbnailUrl":"https:\/\/transformiran.com\/app\/uploads\/2022\/11\/laz2.jpeg","datePublished":"2023-09-15T00:19:30+00:00","dateModified":"2024-05-15T10:21:27+00:00","breadcrumb":{"@id":"https:\/\/transformiran.com\/fr\/salle-de-presse\/le-predicateur-irakien-soppose-au-regime-islamiste-dans-son-pays-et-organise-des-manifestations-cvandaag\/#breadcrumb"},"inLanguage":"fr-FR","potentialAction":[{"@type":"ReadAction","target":["https:\/\/transformiran.com\/fr\/salle-de-presse\/le-predicateur-irakien-soppose-au-regime-islamiste-dans-son-pays-et-organise-des-manifestations-cvandaag\/"]}]},{"@type":"ImageObject","inLanguage":"fr-FR","@id":"https:\/\/transformiran.com\/fr\/salle-de-presse\/le-predicateur-irakien-soppose-au-regime-islamiste-dans-son-pays-et-organise-des-manifestations-cvandaag\/#primaryimage","url":"https:\/\/transformiran.com\/app\/uploads\/2022\/11\/laz2.jpeg","contentUrl":"https:\/\/transformiran.com\/app\/uploads\/2022\/11\/laz2.jpeg","width":1024,"height":683},{"@type":"BreadcrumbList","@id":"https:\/\/transformiran.com\/fr\/salle-de-presse\/le-predicateur-irakien-soppose-au-regime-islamiste-dans-son-pays-et-organise-des-manifestations-cvandaag\/#breadcrumb","itemListElement":[{"@type":"ListItem","position":1,"name":"Home","item":"https:\/\/transformiran.com\/fr\/home\/"},{"@type":"ListItem","position":2,"name":"Le pr\u00e9dicateur irakien s&#8217;oppose au r\u00e9gime islamiste dans son pays et organise des manifestations : Cvandaag"}]},{"@type":"WebSite","@id":"https:\/\/transformiran.com\/fr\/#website","url":"https:\/\/transformiran.com\/fr\/","name":"Transform Iran","description":"Bringing the love and power of Christ to Iran - and beyond","publisher":{"@id":"https:\/\/transformiran.com\/fr\/#organization"},"potentialAction":[{"@type":"SearchAction","target":{"@type":"EntryPoint","urlTemplate":"https:\/\/transformiran.com\/fr\/?s={search_term_string}"},"query-input":{"@type":"PropertyValueSpecification","valueRequired":true,"valueName":"search_term_string"}}],"inLanguage":"fr-FR"},{"@type":"Organization","@id":"https:\/\/transformiran.com\/fr\/#organization","name":"Transform Iran","url":"https:\/\/transformiran.com\/fr\/","logo":{"@type":"ImageObject","inLanguage":"fr-FR","@id":"https:\/\/transformiran.com\/fr\/#\/schema\/logo\/image\/","url":"https:\/\/transformiran.com\/app\/uploads\/2022\/11\/logo_grey.jpg","contentUrl":"https:\/\/transformiran.com\/app\/uploads\/2022\/11\/logo_grey.jpg","width":528,"height":90,"caption":"Transform Iran"},"image":{"@id":"https:\/\/transformiran.com\/fr\/#\/schema\/logo\/image\/"},"sameAs":["https:\/\/www.facebook.com\/222MinistriesUSAInc","https:\/\/x.com\/222minint","https:\/\/www.instagram.com\/222ministriesinternational\/"]},{"@type":"Person","@id":"https:\/\/transformiran.com\/fr\/#\/schema\/person\/c0e1862a6f8592d7945bcb851b52cd9c","name":"Lana Silk","image":{"@type":"ImageObject","inLanguage":"fr-FR","@id":"https:\/\/secure.gravatar.com\/avatar\/d632b13d91e0186b2ead0912a0e293a96cf08479bc1b68caebfeca5ef8d55a9f?s=96&d=mm&r=g","url":"https:\/\/secure.gravatar.com\/avatar\/d632b13d91e0186b2ead0912a0e293a96cf08479bc1b68caebfeca5ef8d55a9f?s=96&d=mm&r=g","contentUrl":"https:\/\/secure.gravatar.com\/avatar\/d632b13d91e0186b2ead0912a0e293a96cf08479bc1b68caebfeca5ef8d55a9f?s=96&d=mm&r=g","caption":"Lana Silk"},"url":"https:\/\/transformiran.com\/fr\/author\/lana\/"}]}},"_links":{"self":[{"href":"https:\/\/transformiran.com\/fr\/wp-json\/wp\/v2\/posts\/14123","targetHints":{"allow":["GET"]}}],"collection":[{"href":"https:\/\/transformiran.com\/fr\/wp-json\/wp\/v2\/posts"}],"about":[{"href":"https:\/\/transformiran.com\/fr\/wp-json\/wp\/v2\/types\/post"}],"author":[{"embeddable":true,"href":"https:\/\/transformiran.com\/fr\/wp-json\/wp\/v2\/users\/4"}],"replies":[{"embeddable":true,"href":"https:\/\/transformiran.com\/fr\/wp-json\/wp\/v2\/comments?post=14123"}],"version-history":[{"count":0,"href":"https:\/\/transformiran.com\/fr\/wp-json\/wp\/v2\/posts\/14123\/revisions"}],"wp:featuredmedia":[{"embeddable":true,"href":"https:\/\/transformiran.com\/fr\/wp-json\/wp\/v2\/media\/14127"}],"wp:attachment":[{"href":"https:\/\/transformiran.com\/fr\/wp-json\/wp\/v2\/media?parent=14123"}],"wp:term":[{"taxonomy":"category","embeddable":true,"href":"https:\/\/transformiran.com\/fr\/wp-json\/wp\/v2\/categories?post=14123"},{"taxonomy":"post_tag","embeddable":true,"href":"https:\/\/transformiran.com\/fr\/wp-json\/wp\/v2\/tags?post=14123"}],"curies":[{"name":"wp","href":"https:\/\/api.w.org\/{rel}","templated":true}]}}