{"id":15295,"date":"2022-05-03T13:22:00","date_gmt":"2022-05-03T12:22:00","guid":{"rendered":"https:\/\/transformiran.com\/non-classifiee\/renforcer-les-iraniens-de-la-diaspora\/"},"modified":"2024-05-15T11:41:13","modified_gmt":"2024-05-15T10:41:13","slug":"renforcer-les-iraniens-de-la-diaspora","status":"publish","type":"post","link":"https:\/\/transformiran.com\/fr\/impact-fr\/renforcer-les-iraniens-de-la-diaspora\/","title":{"rendered":"Renforcer les Iraniens de la diaspora"},"content":{"rendered":"\n<p>On estime \u00e0 5-6 millions le nombre d&#8217;Iraniens vivant dans la diaspora (hors d&#8217;Iran) &#8211; bien qu&#8217;il soit difficile de le savoir avec pr\u00e9cision, et que certaines estimations avancent le chiffre de 5 millions. Ils sont r\u00e9partis entre l&#8217;Am\u00e9rique du Nord, l&#8217;Europe, l&#8217;Australie, les \u00c9tats du golfe Persique, la Turquie, l&#8217;Azerba\u00efdjan et le Moyen-Orient. Transform Iran transmet l&#8217;\u00c9vangile aux personnes parlant le farsi dans le monde entier. Nombreux sont ceux qui ont connu le Seigneur apr\u00e8s avoir \u00e9migr\u00e9 d&#8217;Iran. Les \u00e9glises de 16 pays de la diaspora continuent de renforcer et d&#8217;\u00e9quiper les croyants iraniens, o\u00f9 qu&#8217;ils se trouvent. De nombreux membres de nos \u00e9glises de la diaspora participent activement \u00e0 la mission consistant \u00e0 apporter le Christ \u00e0 l&#8217;Iran. C&#8217;est une grande source d&#8217;encouragement pour eux de pouvoir continuer \u00e0 servir leur nation m\u00eame s&#8217;ils sont physiquement incapables d&#8217;\u00eatre pr\u00e9sents.<\/p>\n\n<p>L&#8217;une des fa\u00e7ons de renforcer l&#8217;\u00c9glise dans la diaspora est de rassembler les croyants dans des conf\u00e9rences o\u00f9 nous les aidons \u00e0 approfondir leur amour et leur compr\u00e9hension de la Parole de Dieu, ainsi que leur relation avec le Seigneur. En mai 2022, l&#8217;\u00e9glise de 222 \u00e0 Vienne, en Autriche, s&#8217;est r\u00e9unie pour un \u00e9v\u00e9nement de ce type. Apr\u00e8s plusieurs jours de communion, d&#8217;adoration et d&#8217;enseignement, voici ce qu&#8217;ils avaient \u00e0 dire :<\/p>\n\n<p>&#8220;Maggie et moi sommes arriv\u00e9s \u00e0 Vienne pour une semaine avec les responsables de l&#8217;\u00e9glise ; pour la planification strat\u00e9gique pour 2022-2025, ainsi que pour la construction de leur \u00e9glise dans un s\u00e9minaire de 3 jours. C&#8217;est un temps vraiment b\u00e9ni ! Nous pr\u00e9parons deux fid\u00e8les responsables \u00e0 l&#8217;ordination. Il y a un grand travail \u00e0 faire en Autriche. Les r\u00e9v\u00e9rends Vigen et Lida sont des leaders visionnaires. &#8211; R\u00e9v\u00e9rend Lazarus, principal orateur de la conf\u00e9rence ; pr\u00e9sident de Transform Iran<\/p>\n\n<p>&#8220;Lors de la conf\u00e9rence, j&#8217;ai finalement \u00e9t\u00e9 lib\u00e9r\u00e9 de ma d\u00e9pendance \u00e0 la nicotine et \u00e0 la cigarette. Je n&#8217;oublierai jamais la gr\u00e2ce de Dieu sur ma vie et le miracle qui m&#8217;est arriv\u00e9 ici, \u00e0 la conf\u00e9rence&#8221;. -Mohammad<\/p>\n\n<p>&#8220;Je suis repartie avec un profond d\u00e9sir d&#8217;\u00eatre de plus en plus proche de J\u00e9sus et de lui donner plus de gloire. J&#8217;ai aussi r\u00e9alis\u00e9 \u00e0 quel point il est important pour moi d&#8217;\u00eatre f\u00e9cond dans ma vie. Je veux glorifier J\u00e9sus-Christ dans ma vie de plus en plus chaque jour. Je sais que l&#8217;\u00c9glise de Vienne m&#8217;aide beaucoup dans tout cela, le fer aiguisant le fer pour que nous puissions nous aiguiser et nous encourager les uns les autres afin que nous puissions vivre chaque jour davantage pour sa gloire.&#8221; -Omid<\/p>\n\n<figure class=\"wp-block-image size-large\"><img loading=\"lazy\" decoding=\"async\" width=\"1024\" height=\"685\" src=\"https:\/\/transformiran.com\/app\/uploads\/2022\/05\/fellowship-on-route-to-conference-1024x685.jpg\" alt=\"\" class=\"wp-image-6501\" srcset=\"https:\/\/transformiran.com\/app\/uploads\/2022\/05\/fellowship-on-route-to-conference-1024x685.jpg 1024w, https:\/\/transformiran.com\/app\/uploads\/2022\/05\/fellowship-on-route-to-conference-300x201.jpg 300w, https:\/\/transformiran.com\/app\/uploads\/2022\/05\/fellowship-on-route-to-conference-768x514.jpg 768w, https:\/\/transformiran.com\/app\/uploads\/2022\/05\/fellowship-on-route-to-conference.jpg 1049w\" sizes=\"auto, (max-width: 1024px) 100vw, 1024px\" \/><\/figure>\n\n<p>&#8220;Nous avons vraiment fait l&#8217;exp\u00e9rience de ce sentiment fort du Nouveau Testament d&#8217;\u00eatre &#8216;ensemble&#8217;, de rompre le pain ensemble et d&#8217;\u00eatre en communion avec les autres. Je suis arriv\u00e9e avec un lourd fardeau et je suis repartie avec un esprit all\u00e9g\u00e9 et rafra\u00eechi. Mon mari, mes enfants et moi-m\u00eame &#8211; en tant que famille &#8211; nous avons \u00e9t\u00e9 \u00e9norm\u00e9ment b\u00e9nis et r\u00e9unis \u00e0 la suite de ce temps. Tout cela a apport\u00e9 une grande joie et une grande paix dans ma vie. -Farnaz<\/p>\n\n<p>&#8220;Ce s\u00e9minaire a \u00e9t\u00e9 pour moi comme un bapt\u00eame. C&#8217;\u00e9tait comme un retour \u00e0 la vie. Je m&#8217;\u00e9tais affaibli et ratatin\u00e9 et j&#8217;ai senti que mes yeux spirituels s&#8217;ouvraient \u00e0 nouveau. Le z\u00e8le et la joie de mon salut me sont revenus. Lorsque je suis rentr\u00e9e chez moi, j&#8217;ai eu l&#8217;impression d&#8217;\u00eatre une autre Maryam qui ouvrait la porte ! J&#8217;ai senti que j&#8217;entrais dans cet endroit avec un esprit compl\u00e8tement diff\u00e9rent ; un esprit transform\u00e9, gu\u00e9ri, paisible, avec une confiance et une esp\u00e9rance en mon Seigneur que j&#8217;avais perdues. Je suis de retour dans la maison que j&#8217;ai quitt\u00e9e il y a trois jours, mais je suis une nouvelle personne. Je ne peux m\u00eame pas vous le d\u00e9crire !&#8221; -Maryam<\/p>\n\n<p>&#8220;J&#8217;avais perdu tout espoir \u00e0 cause de toutes les difficult\u00e9s que nous rencontrons, de notre mauvaise sant\u00e9, de Covid, de ma famille en Iran. J&#8217;\u00e9tais d\u00e9prim\u00e9. Je n&#8217;avais plus envie d&#8217;\u00eatre avec les autres. J&#8217;\u00e9tais plein de chagrin et de col\u00e8re, de mauvaise humeur permanente. Mais j&#8217;ai redonn\u00e9 mon c\u0153ur \u00e0 J\u00e9sus. J&#8217;ai conclu une nouvelle alliance avec lui. Je me suis repenti de tous mes p\u00e9ch\u00e9s. Dieu m&#8217;a montr\u00e9 au cours de ces quelques jours qu&#8217;il y avait quelque chose de gel\u00e9 en moi, comme si on prenait tout l&#8217;amour, qu&#8217;on le versait dans un bac \u00e0 glace et qu&#8217;on le congelait. Il y avait un gla\u00e7on sur lequel \u00e9tait inscrit le mot &#8220;amour&#8221;. Et ces jours-ci, plus j&#8217;entendais la Parole du Seigneur enseign\u00e9e et prononc\u00e9e sur moi, plus je voyais ceci<\/p>\n\n<p>La glace de mon esprit fondait lentement et ces eaux se d\u00e9versaient comme de l&#8217;eau sur moi. Et le mot &#8216;amour&#8217; continuait d&#8217;\u00eatre d\u00e9vers\u00e9 sur moi&#8221;. -Sonos<\/p>\n\n<p>&#8220;J&#8217;\u00e9tais en plein d\u00e9sarroi spirituel. J&#8217;ai eu beaucoup de probl\u00e8mes. J&#8217;ai ressenti une v\u00e9ritable lassitude. Des pens\u00e9es inutiles me tiraient vers le bas. Lors de la conf\u00e9rence, j&#8217;ai eu l&#8217;impression de vivre une nouvelle naissance. Cela faisait des ann\u00e9es que j&#8217;\u00e9tais bloqu\u00e9e \u00e0 l&#8217;int\u00e9rieur. Je n&#8217;avais pas r\u00e9ussi \u00e0 pleurer ou \u00e0 rire correctement. Mais dans ce s\u00e9minaire, du fond de mon c\u0153ur, j&#8217;ai pu pleurer, rire&#8230; les \u00e9motions se sont lib\u00e9r\u00e9es et ont coul\u00e9 \u00e0 nouveau en moi ! Le Saint-Esprit a touch\u00e9 tous nos c\u0153urs et toutes nos vies et notre amiti\u00e9 avec lui a \u00e9t\u00e9 renforc\u00e9e et renouvel\u00e9e. Je l&#8217;ai ressentie comme jamais auparavant.<\/p>\n\n<p>Les probl\u00e8mes de mon c\u0153ur ont \u00e9t\u00e9 r\u00e9solus. Mon visage a chang\u00e9. Les gens disaient qu&#8217;avant, l&#8217;expression m\u00eame de mon visage \u00e9tait tr\u00e8s ferm\u00e9e et que l&#8217;on pouvait dire que j&#8217;\u00e9tais spirituellement tr\u00e8s attach\u00e9e &#8211; m\u00eame dans la couleur de mon visage. Mais par la suite, m\u00eame ceux qui n&#8217;avaient pas assist\u00e9 \u00e0 la c\u00e9r\u00e9monie ont remarqu\u00e9 \u00e0 quel point mon visage \u00e9tait plus ouvert, plein de couleurs et de vie ! -Ahmadreza<\/p>\n\n<figure class=\"wp-block-image size-full\"><img loading=\"lazy\" decoding=\"async\" width=\"704\" height=\"839\" src=\"https:\/\/transformiran.com\/app\/uploads\/2022\/05\/teenager-being-encouraged.jpg\" alt=\"\" class=\"wp-image-6502\" srcset=\"https:\/\/transformiran.com\/app\/uploads\/2022\/05\/teenager-being-encouraged.jpg 704w, https:\/\/transformiran.com\/app\/uploads\/2022\/05\/teenager-being-encouraged-252x300.jpg 252w\" sizes=\"auto, (max-width: 704px) 100vw, 704px\" \/><figcaption class=\"wp-element-caption\">Lazare encourageant l&#8217;un des jeunes de l&#8217;\u00e9glise de Vienne, en Autriche<\/figcaption><\/figure>\n","protected":false},"excerpt":{"rendered":"<p>On estime \u00e0 5-6 millions le nombre d&#8217;Iraniens vivant dans la diaspora (hors d&#8217;Iran) &#8211; bien qu&#8217;il soit difficile de le savoir avec pr\u00e9cision, et que certaines estimations avancent le chiffre de 5 millions. Ils sont r\u00e9partis entre l&#8217;Am\u00e9rique du Nord, l&#8217;Europe, l&#8217;Australie, les \u00c9tats du golfe Persique, la Turquie, l&#8217;Azerba\u00efdjan et le Moyen-Orient. Transform [&hellip;]<\/p>\n","protected":false},"author":1,"featured_media":15298,"comment_status":"open","ping_status":"open","sticky":false,"template":"","format":"standard","meta":{"_acf_changed":false,"give_campaign_id":0,"om_disable_all_campaigns":false,"_mi_skip_tracking":false,"footnotes":""},"categories":[307],"tags":[290,303,293,288,294,289],"class_list":["post-15295","post","type-post","status-publish","format-standard","has-post-thumbnail","hentry","category-impact-fr","tag-addiction-fr","tag-eglise-en-diaspora","tag-formation-de-disciple","tag-le-salut","tag-leadership-development-fr","tag-transformation-fr"],"acf":[],"yoast_head":"<!-- This site is optimized with the Yoast SEO plugin v27.3 - https:\/\/yoast.com\/product\/yoast-seo-wordpress\/ -->\n<title>Renforcer les Iraniens de la diaspora - Transform Iran<\/title>\n<meta name=\"robots\" content=\"index, follow, max-snippet:-1, max-image-preview:large, max-video-preview:-1\" \/>\n<link rel=\"canonical\" href=\"https:\/\/transformiran.com\/fr\/impact-fr\/renforcer-les-iraniens-de-la-diaspora\/\" \/>\n<meta property=\"og:locale\" content=\"fr_FR\" \/>\n<meta property=\"og:type\" content=\"article\" \/>\n<meta property=\"og:title\" content=\"Renforcer les Iraniens de la diaspora - Transform Iran\" \/>\n<meta property=\"og:description\" content=\"On estime \u00e0 5-6 millions le nombre d&#8217;Iraniens vivant dans la diaspora (hors d&#8217;Iran) &#8211; bien qu&#8217;il soit difficile de le savoir avec pr\u00e9cision, et que certaines estimations avancent le chiffre de 5 millions. Ils sont r\u00e9partis entre l&#8217;Am\u00e9rique du Nord, l&#8217;Europe, l&#8217;Australie, les \u00c9tats du golfe Persique, la Turquie, l&#8217;Azerba\u00efdjan et le Moyen-Orient. Transform [&hellip;]\" \/>\n<meta property=\"og:url\" content=\"https:\/\/transformiran.com\/fr\/impact-fr\/renforcer-les-iraniens-de-la-diaspora\/\" \/>\n<meta property=\"og:site_name\" content=\"Transform Iran\" \/>\n<meta property=\"article:publisher\" content=\"https:\/\/www.facebook.com\/222MinistriesUSAInc\" \/>\n<meta property=\"article:published_time\" content=\"2022-05-03T12:22:00+00:00\" \/>\n<meta property=\"article:modified_time\" content=\"2024-05-15T10:41:13+00:00\" \/>\n<meta property=\"og:image\" content=\"https:\/\/transformiran.com\/app\/uploads\/2022\/05\/austria-may-2022.jpg\" \/>\n\t<meta property=\"og:image:width\" content=\"1674\" \/>\n\t<meta property=\"og:image:height\" content=\"736\" \/>\n\t<meta property=\"og:image:type\" content=\"image\/jpeg\" \/>\n<meta name=\"author\" content=\"james\" \/>\n<meta name=\"twitter:card\" content=\"summary_large_image\" \/>\n<meta name=\"twitter:creator\" content=\"@222minint\" \/>\n<meta name=\"twitter:site\" content=\"@222minint\" \/>\n<meta name=\"twitter:label1\" content=\"Written by\" \/>\n\t<meta name=\"twitter:data1\" content=\"james\" \/>\n\t<meta name=\"twitter:label2\" content=\"Est. reading time\" \/>\n\t<meta name=\"twitter:data2\" content=\"5 minutes\" \/>\n<script type=\"application\/ld+json\" class=\"yoast-schema-graph\">{\"@context\":\"https:\\\/\\\/schema.org\",\"@graph\":[{\"@type\":\"Article\",\"@id\":\"https:\\\/\\\/transformiran.com\\\/fr\\\/impact-fr\\\/renforcer-les-iraniens-de-la-diaspora\\\/#article\",\"isPartOf\":{\"@id\":\"https:\\\/\\\/transformiran.com\\\/fr\\\/impact-fr\\\/renforcer-les-iraniens-de-la-diaspora\\\/\"},\"author\":{\"name\":\"james\",\"@id\":\"https:\\\/\\\/transformiran.com\\\/fr\\\/#\\\/schema\\\/person\\\/51b5b5ed6caf958771bcfc9afb0acc96\"},\"headline\":\"Renforcer les Iraniens de la diaspora\",\"datePublished\":\"2022-05-03T12:22:00+00:00\",\"dateModified\":\"2024-05-15T10:41:13+00:00\",\"mainEntityOfPage\":{\"@id\":\"https:\\\/\\\/transformiran.com\\\/fr\\\/impact-fr\\\/renforcer-les-iraniens-de-la-diaspora\\\/\"},\"wordCount\":1120,\"commentCount\":0,\"publisher\":{\"@id\":\"https:\\\/\\\/transformiran.com\\\/fr\\\/#organization\"},\"image\":{\"@id\":\"https:\\\/\\\/transformiran.com\\\/fr\\\/impact-fr\\\/renforcer-les-iraniens-de-la-diaspora\\\/#primaryimage\"},\"thumbnailUrl\":\"https:\\\/\\\/transformiran.com\\\/app\\\/uploads\\\/2022\\\/05\\\/austria-may-2022.jpg\",\"keywords\":[\"Addiction\",\"\u00c9glise en diaspora\",\"Formation de disciple\",\"Le salut\",\"Leadership Development\",\"Transformation\"],\"articleSection\":[\"Impact\"],\"inLanguage\":\"fr-FR\",\"potentialAction\":[{\"@type\":\"CommentAction\",\"name\":\"Comment\",\"target\":[\"https:\\\/\\\/transformiran.com\\\/fr\\\/impact-fr\\\/renforcer-les-iraniens-de-la-diaspora\\\/#respond\"]}]},{\"@type\":\"WebPage\",\"@id\":\"https:\\\/\\\/transformiran.com\\\/fr\\\/impact-fr\\\/renforcer-les-iraniens-de-la-diaspora\\\/\",\"url\":\"https:\\\/\\\/transformiran.com\\\/fr\\\/impact-fr\\\/renforcer-les-iraniens-de-la-diaspora\\\/\",\"name\":\"Renforcer les Iraniens de la diaspora - Transform Iran\",\"isPartOf\":{\"@id\":\"https:\\\/\\\/transformiran.com\\\/fr\\\/#website\"},\"primaryImageOfPage\":{\"@id\":\"https:\\\/\\\/transformiran.com\\\/fr\\\/impact-fr\\\/renforcer-les-iraniens-de-la-diaspora\\\/#primaryimage\"},\"image\":{\"@id\":\"https:\\\/\\\/transformiran.com\\\/fr\\\/impact-fr\\\/renforcer-les-iraniens-de-la-diaspora\\\/#primaryimage\"},\"thumbnailUrl\":\"https:\\\/\\\/transformiran.com\\\/app\\\/uploads\\\/2022\\\/05\\\/austria-may-2022.jpg\",\"datePublished\":\"2022-05-03T12:22:00+00:00\",\"dateModified\":\"2024-05-15T10:41:13+00:00\",\"breadcrumb\":{\"@id\":\"https:\\\/\\\/transformiran.com\\\/fr\\\/impact-fr\\\/renforcer-les-iraniens-de-la-diaspora\\\/#breadcrumb\"},\"inLanguage\":\"fr-FR\",\"potentialAction\":[{\"@type\":\"ReadAction\",\"target\":[\"https:\\\/\\\/transformiran.com\\\/fr\\\/impact-fr\\\/renforcer-les-iraniens-de-la-diaspora\\\/\"]}]},{\"@type\":\"ImageObject\",\"inLanguage\":\"fr-FR\",\"@id\":\"https:\\\/\\\/transformiran.com\\\/fr\\\/impact-fr\\\/renforcer-les-iraniens-de-la-diaspora\\\/#primaryimage\",\"url\":\"https:\\\/\\\/transformiran.com\\\/app\\\/uploads\\\/2022\\\/05\\\/austria-may-2022.jpg\",\"contentUrl\":\"https:\\\/\\\/transformiran.com\\\/app\\\/uploads\\\/2022\\\/05\\\/austria-may-2022.jpg\",\"width\":1674,\"height\":736},{\"@type\":\"BreadcrumbList\",\"@id\":\"https:\\\/\\\/transformiran.com\\\/fr\\\/impact-fr\\\/renforcer-les-iraniens-de-la-diaspora\\\/#breadcrumb\",\"itemListElement\":[{\"@type\":\"ListItem\",\"position\":1,\"name\":\"Home\",\"item\":\"https:\\\/\\\/transformiran.com\\\/fr\\\/home\\\/\"},{\"@type\":\"ListItem\",\"position\":2,\"name\":\"Renforcer les Iraniens de la diaspora\"}]},{\"@type\":\"WebSite\",\"@id\":\"https:\\\/\\\/transformiran.com\\\/fr\\\/#website\",\"url\":\"https:\\\/\\\/transformiran.com\\\/fr\\\/\",\"name\":\"Transform Iran\",\"description\":\"Bringing the love and power of Christ to Iran - and beyond\",\"publisher\":{\"@id\":\"https:\\\/\\\/transformiran.com\\\/fr\\\/#organization\"},\"potentialAction\":[{\"@type\":\"SearchAction\",\"target\":{\"@type\":\"EntryPoint\",\"urlTemplate\":\"https:\\\/\\\/transformiran.com\\\/fr\\\/?s={search_term_string}\"},\"query-input\":{\"@type\":\"PropertyValueSpecification\",\"valueRequired\":true,\"valueName\":\"search_term_string\"}}],\"inLanguage\":\"fr-FR\"},{\"@type\":\"Organization\",\"@id\":\"https:\\\/\\\/transformiran.com\\\/fr\\\/#organization\",\"name\":\"Transform Iran\",\"url\":\"https:\\\/\\\/transformiran.com\\\/fr\\\/\",\"logo\":{\"@type\":\"ImageObject\",\"inLanguage\":\"fr-FR\",\"@id\":\"https:\\\/\\\/transformiran.com\\\/fr\\\/#\\\/schema\\\/logo\\\/image\\\/\",\"url\":\"https:\\\/\\\/transformiran.com\\\/app\\\/uploads\\\/2022\\\/11\\\/logo_grey.jpg\",\"contentUrl\":\"https:\\\/\\\/transformiran.com\\\/app\\\/uploads\\\/2022\\\/11\\\/logo_grey.jpg\",\"width\":528,\"height\":90,\"caption\":\"Transform Iran\"},\"image\":{\"@id\":\"https:\\\/\\\/transformiran.com\\\/fr\\\/#\\\/schema\\\/logo\\\/image\\\/\"},\"sameAs\":[\"https:\\\/\\\/www.facebook.com\\\/222MinistriesUSAInc\",\"https:\\\/\\\/x.com\\\/222minint\",\"https:\\\/\\\/www.instagram.com\\\/222ministriesinternational\\\/\"]},{\"@type\":\"Person\",\"@id\":\"https:\\\/\\\/transformiran.com\\\/fr\\\/#\\\/schema\\\/person\\\/51b5b5ed6caf958771bcfc9afb0acc96\",\"name\":\"james\",\"image\":{\"@type\":\"ImageObject\",\"inLanguage\":\"fr-FR\",\"@id\":\"https:\\\/\\\/secure.gravatar.com\\\/avatar\\\/752be0141945211c64f94e6fe4d78fb210f477bd94d5a594c5891bfd66e4c6e2?s=96&d=mm&r=g\",\"url\":\"https:\\\/\\\/secure.gravatar.com\\\/avatar\\\/752be0141945211c64f94e6fe4d78fb210f477bd94d5a594c5891bfd66e4c6e2?s=96&d=mm&r=g\",\"contentUrl\":\"https:\\\/\\\/secure.gravatar.com\\\/avatar\\\/752be0141945211c64f94e6fe4d78fb210f477bd94d5a594c5891bfd66e4c6e2?s=96&d=mm&r=g\",\"caption\":\"james\"},\"sameAs\":[\"https:\\\/\\\/transformiran.com\\\/wp\"],\"url\":\"https:\\\/\\\/transformiran.com\\\/fr\\\/author\\\/james\\\/\"}]}<\/script>\n<!-- \/ Yoast SEO plugin. -->","yoast_head_json":{"title":"Renforcer les Iraniens de la diaspora - Transform Iran","robots":{"index":"index","follow":"follow","max-snippet":"max-snippet:-1","max-image-preview":"max-image-preview:large","max-video-preview":"max-video-preview:-1"},"canonical":"https:\/\/transformiran.com\/fr\/impact-fr\/renforcer-les-iraniens-de-la-diaspora\/","og_locale":"fr_FR","og_type":"article","og_title":"Renforcer les Iraniens de la diaspora - Transform Iran","og_description":"On estime \u00e0 5-6 millions le nombre d&#8217;Iraniens vivant dans la diaspora (hors d&#8217;Iran) &#8211; bien qu&#8217;il soit difficile de le savoir avec pr\u00e9cision, et que certaines estimations avancent le chiffre de 5 millions. Ils sont r\u00e9partis entre l&#8217;Am\u00e9rique du Nord, l&#8217;Europe, l&#8217;Australie, les \u00c9tats du golfe Persique, la Turquie, l&#8217;Azerba\u00efdjan et le Moyen-Orient. Transform [&hellip;]","og_url":"https:\/\/transformiran.com\/fr\/impact-fr\/renforcer-les-iraniens-de-la-diaspora\/","og_site_name":"Transform Iran","article_publisher":"https:\/\/www.facebook.com\/222MinistriesUSAInc","article_published_time":"2022-05-03T12:22:00+00:00","article_modified_time":"2024-05-15T10:41:13+00:00","og_image":[{"width":1674,"height":736,"url":"https:\/\/transformiran.com\/app\/uploads\/2022\/05\/austria-may-2022.jpg","type":"image\/jpeg"}],"author":"james","twitter_card":"summary_large_image","twitter_creator":"@222minint","twitter_site":"@222minint","twitter_misc":{"Written by":"james","Est. reading time":"5 minutes"},"schema":{"@context":"https:\/\/schema.org","@graph":[{"@type":"Article","@id":"https:\/\/transformiran.com\/fr\/impact-fr\/renforcer-les-iraniens-de-la-diaspora\/#article","isPartOf":{"@id":"https:\/\/transformiran.com\/fr\/impact-fr\/renforcer-les-iraniens-de-la-diaspora\/"},"author":{"name":"james","@id":"https:\/\/transformiran.com\/fr\/#\/schema\/person\/51b5b5ed6caf958771bcfc9afb0acc96"},"headline":"Renforcer les Iraniens de la diaspora","datePublished":"2022-05-03T12:22:00+00:00","dateModified":"2024-05-15T10:41:13+00:00","mainEntityOfPage":{"@id":"https:\/\/transformiran.com\/fr\/impact-fr\/renforcer-les-iraniens-de-la-diaspora\/"},"wordCount":1120,"commentCount":0,"publisher":{"@id":"https:\/\/transformiran.com\/fr\/#organization"},"image":{"@id":"https:\/\/transformiran.com\/fr\/impact-fr\/renforcer-les-iraniens-de-la-diaspora\/#primaryimage"},"thumbnailUrl":"https:\/\/transformiran.com\/app\/uploads\/2022\/05\/austria-may-2022.jpg","keywords":["Addiction","\u00c9glise en diaspora","Formation de disciple","Le salut","Leadership Development","Transformation"],"articleSection":["Impact"],"inLanguage":"fr-FR","potentialAction":[{"@type":"CommentAction","name":"Comment","target":["https:\/\/transformiran.com\/fr\/impact-fr\/renforcer-les-iraniens-de-la-diaspora\/#respond"]}]},{"@type":"WebPage","@id":"https:\/\/transformiran.com\/fr\/impact-fr\/renforcer-les-iraniens-de-la-diaspora\/","url":"https:\/\/transformiran.com\/fr\/impact-fr\/renforcer-les-iraniens-de-la-diaspora\/","name":"Renforcer les Iraniens de la diaspora - Transform Iran","isPartOf":{"@id":"https:\/\/transformiran.com\/fr\/#website"},"primaryImageOfPage":{"@id":"https:\/\/transformiran.com\/fr\/impact-fr\/renforcer-les-iraniens-de-la-diaspora\/#primaryimage"},"image":{"@id":"https:\/\/transformiran.com\/fr\/impact-fr\/renforcer-les-iraniens-de-la-diaspora\/#primaryimage"},"thumbnailUrl":"https:\/\/transformiran.com\/app\/uploads\/2022\/05\/austria-may-2022.jpg","datePublished":"2022-05-03T12:22:00+00:00","dateModified":"2024-05-15T10:41:13+00:00","breadcrumb":{"@id":"https:\/\/transformiran.com\/fr\/impact-fr\/renforcer-les-iraniens-de-la-diaspora\/#breadcrumb"},"inLanguage":"fr-FR","potentialAction":[{"@type":"ReadAction","target":["https:\/\/transformiran.com\/fr\/impact-fr\/renforcer-les-iraniens-de-la-diaspora\/"]}]},{"@type":"ImageObject","inLanguage":"fr-FR","@id":"https:\/\/transformiran.com\/fr\/impact-fr\/renforcer-les-iraniens-de-la-diaspora\/#primaryimage","url":"https:\/\/transformiran.com\/app\/uploads\/2022\/05\/austria-may-2022.jpg","contentUrl":"https:\/\/transformiran.com\/app\/uploads\/2022\/05\/austria-may-2022.jpg","width":1674,"height":736},{"@type":"BreadcrumbList","@id":"https:\/\/transformiran.com\/fr\/impact-fr\/renforcer-les-iraniens-de-la-diaspora\/#breadcrumb","itemListElement":[{"@type":"ListItem","position":1,"name":"Home","item":"https:\/\/transformiran.com\/fr\/home\/"},{"@type":"ListItem","position":2,"name":"Renforcer les Iraniens de la diaspora"}]},{"@type":"WebSite","@id":"https:\/\/transformiran.com\/fr\/#website","url":"https:\/\/transformiran.com\/fr\/","name":"Transform Iran","description":"Bringing the love and power of Christ to Iran - and beyond","publisher":{"@id":"https:\/\/transformiran.com\/fr\/#organization"},"potentialAction":[{"@type":"SearchAction","target":{"@type":"EntryPoint","urlTemplate":"https:\/\/transformiran.com\/fr\/?s={search_term_string}"},"query-input":{"@type":"PropertyValueSpecification","valueRequired":true,"valueName":"search_term_string"}}],"inLanguage":"fr-FR"},{"@type":"Organization","@id":"https:\/\/transformiran.com\/fr\/#organization","name":"Transform Iran","url":"https:\/\/transformiran.com\/fr\/","logo":{"@type":"ImageObject","inLanguage":"fr-FR","@id":"https:\/\/transformiran.com\/fr\/#\/schema\/logo\/image\/","url":"https:\/\/transformiran.com\/app\/uploads\/2022\/11\/logo_grey.jpg","contentUrl":"https:\/\/transformiran.com\/app\/uploads\/2022\/11\/logo_grey.jpg","width":528,"height":90,"caption":"Transform Iran"},"image":{"@id":"https:\/\/transformiran.com\/fr\/#\/schema\/logo\/image\/"},"sameAs":["https:\/\/www.facebook.com\/222MinistriesUSAInc","https:\/\/x.com\/222minint","https:\/\/www.instagram.com\/222ministriesinternational\/"]},{"@type":"Person","@id":"https:\/\/transformiran.com\/fr\/#\/schema\/person\/51b5b5ed6caf958771bcfc9afb0acc96","name":"james","image":{"@type":"ImageObject","inLanguage":"fr-FR","@id":"https:\/\/secure.gravatar.com\/avatar\/752be0141945211c64f94e6fe4d78fb210f477bd94d5a594c5891bfd66e4c6e2?s=96&d=mm&r=g","url":"https:\/\/secure.gravatar.com\/avatar\/752be0141945211c64f94e6fe4d78fb210f477bd94d5a594c5891bfd66e4c6e2?s=96&d=mm&r=g","contentUrl":"https:\/\/secure.gravatar.com\/avatar\/752be0141945211c64f94e6fe4d78fb210f477bd94d5a594c5891bfd66e4c6e2?s=96&d=mm&r=g","caption":"james"},"sameAs":["https:\/\/transformiran.com\/wp"],"url":"https:\/\/transformiran.com\/fr\/author\/james\/"}]}},"_links":{"self":[{"href":"https:\/\/transformiran.com\/fr\/wp-json\/wp\/v2\/posts\/15295","targetHints":{"allow":["GET"]}}],"collection":[{"href":"https:\/\/transformiran.com\/fr\/wp-json\/wp\/v2\/posts"}],"about":[{"href":"https:\/\/transformiran.com\/fr\/wp-json\/wp\/v2\/types\/post"}],"author":[{"embeddable":true,"href":"https:\/\/transformiran.com\/fr\/wp-json\/wp\/v2\/users\/1"}],"replies":[{"embeddable":true,"href":"https:\/\/transformiran.com\/fr\/wp-json\/wp\/v2\/comments?post=15295"}],"version-history":[{"count":0,"href":"https:\/\/transformiran.com\/fr\/wp-json\/wp\/v2\/posts\/15295\/revisions"}],"wp:featuredmedia":[{"embeddable":true,"href":"https:\/\/transformiran.com\/fr\/wp-json\/wp\/v2\/media\/15298"}],"wp:attachment":[{"href":"https:\/\/transformiran.com\/fr\/wp-json\/wp\/v2\/media?parent=15295"}],"wp:term":[{"taxonomy":"category","embeddable":true,"href":"https:\/\/transformiran.com\/fr\/wp-json\/wp\/v2\/categories?post=15295"},{"taxonomy":"post_tag","embeddable":true,"href":"https:\/\/transformiran.com\/fr\/wp-json\/wp\/v2\/tags?post=15295"}],"curies":[{"name":"wp","href":"https:\/\/api.w.org\/{rel}","templated":true}]}}