{"id":37705,"date":"2026-04-07T20:06:06","date_gmt":"2026-04-07T19:06:06","guid":{"rendered":"https:\/\/transformiran.com\/non-classifiee\/sel-et-lumiere-le-christianisme-en-iran-aujourdhui-persecution-et-croissance-de-leglise\/"},"modified":"2026-04-27T17:02:57","modified_gmt":"2026-04-27T16:02:57","slug":"sel-et-lumiere-le-christianisme-en-iran-aujourdhui-persecution-et-croissance-de-leglise","status":"publish","type":"post","link":"https:\/\/transformiran.com\/fr\/salle-de-presse\/sel-et-lumiere-le-christianisme-en-iran-aujourdhui-persecution-et-croissance-de-leglise\/","title":{"rendered":"Sel et lumi\u00e8re : Le christianisme en Iran aujourd&#8217;hui : pers\u00e9cution et croissance de l&#8217;\u00c9glise"},"content":{"rendered":"\n<p class=\"has-medium-font-size\">Alors que l&#8217;Iran continue de faire la une de l&#8217;actualit\u00e9 mondiale (manifestations, r\u00e9pression violente et escalade des conflits), la r\u00e9alit\u00e9 \u00e0 l&#8217;int\u00e9rieur du pays est \u00e0 la fois plus d\u00e9vastatrice et plus complexe que beaucoup ne le pensent.  <\/p>\n\n<p class=\"has-medium-font-size\">Dans ce podcast vocal avec Release International, Lazarus Yeghnazar, fondateur de Transform Iran, offre une perspective rare et profond\u00e9ment personnelle. S&#8217;appuyant sur des d\u00e9cennies de liens avec le pays et son \u00e9glise clandestine, il d\u00e9crit une nation soumise \u00e0 d&#8217;immenses pressions, mais qui conna\u00eet \u00e9galement un changement spirituel extraordinaire. <\/p>\n\n<figure class=\"wp-block-audio\"><audio controls=\"\" src=\"https:\/\/transformiran.com\/app\/uploads\/2026\/04\/salt-and-light-the-church-in-iran.mp3\"><\/audio><\/figure>\n\n<h2 class=\"wp-block-heading\">&#8220;Il ne s&#8217;agit pas d&#8217;une r\u00e9pression, mais d&#8217;une brutalit\u00e9&#8221;.<\/h2>\n\n<p>Les rapports internationaux font \u00e9tat d&#8217;une &#8220;forte r\u00e9pression&#8221; des manifestations. Yeghnazar est clair : ce langage ne va pas assez loin. <\/p>\n\n<p>Il d\u00e9crit ce qui se passe comme &#8220;compl\u00e8tement barbare&#8221;, avec des jeunes, des \u00e9tudiants et m\u00eame des travailleurs m\u00e9dicaux pris dans la violence. Certains des t\u00e9moignages les plus poignants ne concernent pas les manifestants, mais ceux des personnes qui tentent de les aider.   <\/p>\n\n<blockquote class=\"wp-block-quote is-layout-flow wp-block-quote-is-layout-flow\">\n<p>Des m\u00e9decins et des infirmi\u00e8res ont \u00e9t\u00e9 arr\u00eat\u00e9s, voire tu\u00e9s, simplement pour avoir soign\u00e9 des bless\u00e9s. Dans un cas, un travailleur chr\u00e9tien a \u00e9t\u00e9 abattu \u00e0 bout portant, non pas pour avoir protest\u00e9, mais pour avoir aid\u00e9 les bless\u00e9s. <\/p>\n<\/blockquote>\n\n<p>Cette situation, explique-t-il, est le reflet de quelque chose de plus profond que l&#8217;agitation politique. Il s&#8217;agit d&#8217;un syst\u00e8me qui consid\u00e8re le d\u00e9saccord, quel qu&#8217;il soit, comme une menace \u00e0 \u00e9liminer. <\/p>\n\n<h3 class=\"wp-block-heading\">Une nation sous pression \u00e0 long terme<\/h3>\n\n<p>Les manifestations n&#8217;ont pas surgi de nulle part. Elles sont le r\u00e9sultat d&#8217;ann\u00e9es de r\u00e9pression, d&#8217;in\u00e9galit\u00e9s et d&#8217;une frustration croissante, en particulier chez les jeunes. <\/p>\n\n<blockquote class=\"wp-block-quote is-layout-flow wp-block-quote-is-layout-flow\">\n<p>Il ne s&#8217;agit pas seulement d&#8217;un contr\u00f4le politique. Il s&#8217;agit d&#8217;un r\u00e9gime qui consid\u00e8re la nation comme une chose qui lui appartient. <\/p>\n<\/blockquote>\n\n<p>Les cons\u00e9quences sont graves. Des dizaines de milliers de personnes auraient \u00e9t\u00e9 tu\u00e9es lors des r\u00e9pressions, et beaucoup d&#8217;autres emprisonn\u00e9es. Des histoires horribles continuent d&#8217;\u00e9merger sur des adolescents victimes d&#8217;abus et de traumatismes en d\u00e9tention.  <\/p>\n\n<p>La situation ne peut \u00eatre comprise comme un simple &#8220;moment d&#8217;agitation&#8221;.<\/p>\n\n<h3 class=\"wp-block-heading\">Conflits, souffrances &#8211; et une r\u00e9ponse divis\u00e9e<\/h3>\n\n<p>\u00c0 propos du r\u00e9cent conflit, Yeghnazar utilise une analogie frappante : il s&#8217;agit d&#8217;un cancer qui s&#8217;est d\u00e9velopp\u00e9 pendant longtemps et qui n\u00e9cessite aujourd&#8217;hui une intervention urgente et douloureuse.<\/p>\n\n<p>Il ne c\u00e9l\u00e8bre pas la destruction. Mais il explique pourquoi certains Iraniens, en particulier ceux qui ont souffert de d\u00e9cennies de r\u00e9pression, voient les \u00e9v\u00e9nements diff\u00e9remment des observateurs ext\u00e9rieurs. <\/p>\n\n<blockquote class=\"wp-block-quote is-layout-flow wp-block-quote-is-layout-flow\">\n<p>Pour beaucoup, il ne s&#8217;agit pas de politique ou de g\u00e9opolitique, mais de survie. Il s&#8217;agit d&#8217;\u00e9liminer ce qu&#8217;il d\u00e9crit comme les forces qui &#8220;\u00e9touffent la nation&#8221;. <\/p>\n<\/blockquote>\n\n<p>Dans le m\u00eame temps, l&#8217;impact humanitaire est ind\u00e9niable. Les civils sont pris dans les retomb\u00e9es. La peur, l&#8217;instabilit\u00e9 et la p\u00e9nurie s&#8217;intensifient rapidement.  <\/p>\n\n<h2 class=\"wp-block-heading\">L&#8217;\u00c9glise : La foi visible a un co\u00fbt<\/h2>\n\n<p>Pour les chr\u00e9tiens d&#8217;Iran, la pers\u00e9cution n&#8217;est pas th\u00e9orique, elle est profond\u00e9ment pratique.<\/p>\n\n<p>Yeghnazar l&#8217;explique simplement : la foi elle-m\u00eame peut \u00eatre tol\u00e9r\u00e9e, mais la foi visible ne l&#8217;est pas.<\/p>\n\n<p>Vous pouvez \u00eatre un chr\u00e9tien discret. Mais d\u00e8s que l&#8217;on commence \u00e0 partager sa foi, \u00e0 former des disciples ou \u00e0 baptiser de nouveaux croyants, on prend des risques. Il r\u00e9fl\u00e9chit \u00e0 l&#8217;enseignement de J\u00e9sus sur le fait d&#8217;\u00eatre le sel et la lumi\u00e8re, et \u00e0 la mani\u00e8re dont cela se traduit en Iran aujourd&#8217;hui. On dit en effet aux croyants : soyez sel, mais ne soyez pas trop sal\u00e9s ; soyez lumi\u00e8re, mais ne brillez pas trop.   <\/p>\n\n<blockquote class=\"wp-block-quote is-layout-flow wp-block-quote-is-layout-flow\">\n<p>En r\u00e9alit\u00e9, c&#8217;est lorsque la foi devient visible &#8211; lorsqu&#8217;elle commence \u00e0 transformer les autres &#8211; que l&#8217;opposition se manifeste.<\/p>\n<\/blockquote>\n\n<p>Et pourtant, c&#8217;est pr\u00e9cis\u00e9ment la raison pour laquelle l&#8217;\u00c9glise en Iran continue de cro\u00eetre.<\/p>\n\n<h3 class=\"wp-block-heading\">Une histoire oubli\u00e9e : Les missionnaires qui ont pr\u00e9c\u00e9d\u00e9<\/h3>\n\n<p>Bien avant l&#8217;\u00e9glise clandestine d&#8217;aujourd&#8217;hui, l&#8217;Iran a \u00e9t\u00e9 fa\u00e7onn\u00e9 par des g\u00e9n\u00e9rations de missionnaires chr\u00e9tiens.<\/p>\n\n<p>Ils ont construit des h\u00f4pitaux, des \u00e9coles et desservi des communaut\u00e9s dans tout le pays, souvent au prix d&#8217;\u00e9normes sacrifices. Nombre d&#8217;entre eux y ont pass\u00e9 toute leur vie et sont enterr\u00e9s en terre iranienne.   <\/p>\n\n<p>Et pourtant, malgr\u00e9 tous leurs sacrifices, il n&#8217;y avait que peu de fruits visibles \u00e0 l&#8217;\u00e9poque. Apr\u00e8s plus d&#8217;un si\u00e8cle de travail, il n&#8217;y avait que quelques centaines de croyants connus d&#8217;origine musulmane. <\/p>\n\n<p>Yeghnazar explique que plus tard, le r\u00e9gime a accus\u00e9 \u00e0 tort ces m\u00eames missionnaires d&#8217;\u00eatre des espions \u00e9trangers.<\/p>\n\n<blockquote class=\"wp-block-quote is-layout-flow wp-block-quote-is-layout-flow\">\n<p>Ils ne sont pas venus pour la politique ou le pouvoir, mais pour servir.<\/p>\n<\/blockquote>\n\n<p>Et c&#8217;est seulement aujourd&#8217;hui que l&#8217;on prend pleinement conscience de l&#8217;h\u00e9ritage qu&#8217;ils ont laiss\u00e9.<\/p>\n\n<h3 class=\"wp-block-heading\">D&#8217;une poign\u00e9e de croyants \u00e0 un mouvement en pleine expansion<\/h3>\n\n<p>Ce qui s&#8217;est pass\u00e9 au cours des derni\u00e8res d\u00e9cennies est remarquable. De quelques centaines de croyants, le nombre de chr\u00e9tiens en Iran est pass\u00e9 \u00e0 plus d&#8217;un million. <\/p>\n\n<p>Cette croissance n&#8217;a pas suivi les sch\u00e9mas habituels. Elle n&#8217;est pas principalement due \u00e0 l&#8217;\u00e9vang\u00e9lisation publique ou \u00e0 l&#8217;expansion institutionnelle. Au contraire, de nombreux Iraniens rencontrent J\u00e9sus personnellement, souvent avant m\u00eame d&#8217;avoir parl\u00e9 \u00e0 un autre chr\u00e9tien.  <\/p>\n\n<p>Yeghnazar d\u00e9crit comment les <a href=\"https:\/\/transformiran.com\/fr\/salle-de-presse\/de-plus-en-plus-de-musulmans-rencontrent-jesus-en-reve-cbn-news\/\" target=\"_blank\" rel=\"noreferrer noopener\">r\u00eaves et les visions<\/a> jouent un r\u00f4le important. Dans tout le pays, des personnes d&#8217;horizons diff\u00e9rents &#8211; musulmans, toxicomanes, personnes en situation de crise &#8211; font \u00e9tat de rencontres avec le Christ. <\/p>\n\n<p>Il est silencieux. Elle est personnelle. Mais elle est r\u00e9pandue. Et elle est en train de remodeler le paysage spirituel de la nation.   <\/p>\n\n<h2 class=\"wp-block-heading\">Pr\u00e9parer l&#8217;avenir<\/h2>\n\n<p>Alors qu&#8217;une grande partie du monde se concentre sur la crise actuelle, Transform Iran regarde vers l&#8217;avenir depuis des d\u00e9cennies.<\/p>\n\n<p>On prend de plus en plus conscience que si le pays s&#8217;ouvre, progressivement ou soudainement, les besoins seront immenses. Les traumatismes sont profonds. Les familles sont fractur\u00e9es. La toxicomanie, la pauvret\u00e9 et les blessures \u00e9motionnelles touchent des millions de personnes.   <\/p>\n\n<p>Yeghnazar parle d&#8217;ann\u00e9es de planification active : comment fournir des conseils, comment soutenir le r\u00e9tablissement, comment reconstruire les vies et les communaut\u00e9s.<\/p>\n\n<p>La vision n&#8217;est pas seulement l&#8217;\u00e9vang\u00e9lisation, mais la restauration. Pas seulement la survie, mais la gu\u00e9rison. <\/p>\n\n<p><a href=\"https:\/\/transformiran.com\/fr\/notre-travail\/perle-de-perse\/\" target=\"_blank\" rel=\"noreferrer noopener\">D\u00e9couvrez comment Pearl of Persia apporte la gu\u00e9rison et la restauration \u00e0 ceux qui ont surmont\u00e9 des traumatismes, des d\u00e9pendances et des abus.<\/a><\/p>\n\n<h2 class=\"wp-block-heading\">Un avenir qui a un impact sur le monde<\/h2>\n\n<p>Malgr\u00e9 tout, Yeghnazar reste convaincu que l&#8217;histoire de l&#8217;Iran n&#8217;est pas termin\u00e9e.<\/p>\n\n<p>Il est convaincu que le pays s&#8217;ouvrira, d&#8217;une mani\u00e8re ou d&#8217;une autre. Et lorsqu&#8217;il s&#8217;ouvrira, l&#8217;\u00c9glise ne se contentera pas de cro\u00eetre \u00e0 l&#8217;int\u00e9rieur, mais commencera \u00e0 s&#8217;ouvrir \u00e0 l&#8217;ext\u00e9rieur. <\/p>\n\n<blockquote class=\"wp-block-quote is-layout-flow wp-block-quote-is-layout-flow\">\n<p>Les croyants iraniens sont appel\u00e9s \u00e0 devenir des missionnaires et \u00e0 porter leur foi dans d&#8217;autres nations, y compris dans des r\u00e9gions du monde o\u00f9 l&#8217;\u00c9glise s&#8217;est install\u00e9e confortablement ou est rest\u00e9e silencieuse.<\/p>\n<\/blockquote>\n\n<p>Il s&#8217;agit d&#8217;un renversement frappant : de l&#8217;un des environnements les plus r\u00e9prim\u00e9s \u00e0 une source de renouveau.<\/p>\n\n<h2 class=\"wp-block-heading\">Un appel \u00e0 la pri\u00e8re et \u00e0 la solidarit\u00e9<\/h2>\n\n<p class=\"has-medium-font-size\"><strong>Les besoins en Iran sont urgents.<\/strong>  Il s&#8217;agit d&#8217;un moment de crise et d&#8217;opportunit\u00e9.<\/p>\n\n<p>Les chr\u00e9tiens sont confront\u00e9s \u00e0 la pression et \u00e0 l&#8217;incertitude. Les familles ont du mal \u00e0 subvenir \u00e0 leurs besoins de base, d&#8217;autant plus que l&#8217;instabilit\u00e9 affecte la vie quotidienne. L&#8217;acc\u00e8s \u00e0 la nourriture, aux soins m\u00e9dicaux et \u00e0 la s\u00e9curit\u00e9 n&#8217;est pas garanti.  <\/p>\n\n<p>Et pourtant, il y a de la r\u00e9silience. Il y a le courage. Et il y a la foi.  <\/p>\n\n<p>Les croyants du monde entier peuvent r\u00e9agir activement :<\/p>\n\n<ul class=\"wp-block-list\">\n<li><strong><a href=\"https:\/\/transformiran.com\/fr\/pray\/\">Priez pour<\/a><\/strong> pour la protection, la provision et l&#8217;audace des croyants. Priez pour le changement, m\u00eame au sein de la direction. Priez pour que les minist\u00e8res fassent preuve de sagesse alors que les besoins augmentent.  <\/li>\n\n\n\n<li><strong><a href=\"https:\/\/transformiran.com\/fr\/inscription-au-bulletin-dinformation\/\">Restez inform\u00e9<\/a><\/strong> avec des mises \u00e0 jour r\u00e9elles de l&#8217;int\u00e9rieur de l&#8217;Iran &#8211; inscrivez-vous \u00e0 notre lettre d&#8217;information mensuelle.<\/li>\n\n\n\n<li><strong><a href=\"https:\/\/transformiran.com\/fr\/donate\/\">Faites un don<\/a><\/strong> pour aider \u00e0 fournir une aide humanitaire d&#8217;urgence, des soins aux victimes de traumatismes et une formation de disciples centr\u00e9e sur l&#8217;\u00c9vangile.<\/li>\n<\/ul>\n\n<p class=\"has-medium-font-size\">Et pour ceux qui regardent de l&#8217;ext\u00e9rieur, c&#8217;est une invitation, non seulement \u00e0 \u00eatre inform\u00e9s, mais aussi \u00e0 s&#8217;impliquer.<\/p>\n\n<p><\/p>\n\n<p><em>Publi\u00e9 \u00e0 l&#8217;origine sur : <a href=\"https:\/\/releaseinternational.org\/podcast\/\" target=\"_blank\" rel=\"noreferrer noopener\">Release International<\/a><\/em><\/p>\n\n<p><\/p>\n","protected":false},"excerpt":{"rendered":"<p>Alors que l&#8217;Iran fait la une des journaux avec ses manifestations, ses r\u00e9pressions violentes et l&#8217;escalade des conflits, la r\u00e9alit\u00e9 \u00e0 l&#8217;int\u00e9rieur du pays est bien plus complexe. Dans ce podcast de Voice avec Release International, Lazarus Yeghnazar partage une perspective rare et personnelle sur une nation sous pression et une \u00e9glise souterraine qui conna\u00eet une croissance spirituelle sans pr\u00e9c\u00e9dent. <\/p>\n","protected":false},"author":6,"featured_media":37692,"comment_status":"open","ping_status":"open","sticky":false,"template":"","format":"standard","meta":{"_acf_changed":false,"give_campaign_id":0,"om_disable_all_campaigns":false,"_mi_skip_tracking":false,"footnotes":""},"categories":[283],"tags":[299,334,286,284,11],"class_list":["post-37705","post","type-post","status-publish","format-standard","has-post-thumbnail","hentry","category-salle-de-presse","tag-crise-humanitaire","tag-eglise-persecutee","tag-gouvernement","tag-liran","tag-transformation"],"acf":[],"yoast_head":"<!-- This site is optimized with the Yoast SEO plugin v27.3 - https:\/\/yoast.com\/product\/yoast-seo-wordpress\/ -->\n<title>Sel et lumi\u00e8re : Le christianisme en Iran aujourd&#039;hui : pers\u00e9cution et croissance de l&#039;\u00c9glise - Transform Iran<\/title>\n<meta name=\"description\" content=\"Alors que l&#039;Iran est confront\u00e9 \u00e0 des manifestations, des mesures de r\u00e9pression et des conflits, Lazarus Yeghnazar nous \u00e9claire sur la crise, la pers\u00e9cution et la croissance de l&#039;\u00c9glise clandestine.\" \/>\n<meta name=\"robots\" content=\"index, follow, max-snippet:-1, max-image-preview:large, max-video-preview:-1\" \/>\n<link rel=\"canonical\" href=\"https:\/\/transformiran.com\/fr\/salle-de-presse\/sel-et-lumiere-le-christianisme-en-iran-aujourdhui-persecution-et-croissance-de-leglise\/\" \/>\n<meta property=\"og:locale\" content=\"fr_FR\" \/>\n<meta property=\"og:type\" content=\"article\" \/>\n<meta property=\"og:title\" content=\"Sel et lumi\u00e8re : Le christianisme en Iran aujourd&#039;hui : pers\u00e9cution et croissance de l&#039;\u00c9glise - Transform Iran\" \/>\n<meta property=\"og:description\" content=\"Alors que l&#039;Iran est confront\u00e9 \u00e0 des manifestations, des mesures de r\u00e9pression et des conflits, Lazarus Yeghnazar nous \u00e9claire sur la crise, la pers\u00e9cution et la croissance de l&#039;\u00c9glise clandestine.\" \/>\n<meta property=\"og:url\" content=\"https:\/\/transformiran.com\/fr\/salle-de-presse\/sel-et-lumiere-le-christianisme-en-iran-aujourdhui-persecution-et-croissance-de-leglise\/\" \/>\n<meta property=\"og:site_name\" content=\"Transform Iran\" \/>\n<meta property=\"article:publisher\" content=\"https:\/\/www.facebook.com\/222MinistriesUSAInc\" \/>\n<meta property=\"article:published_time\" content=\"2026-04-07T19:06:06+00:00\" \/>\n<meta property=\"article:modified_time\" content=\"2026-04-27T16:02:57+00:00\" \/>\n<meta property=\"og:image\" content=\"https:\/\/transformiran.com\/app\/uploads\/2026\/04\/release_interntional_lazarus_worship.jpg\" \/>\n\t<meta property=\"og:image:width\" content=\"1920\" \/>\n\t<meta property=\"og:image:height\" content=\"555\" \/>\n\t<meta property=\"og:image:type\" content=\"image\/jpeg\" \/>\n<meta name=\"author\" content=\"Ashleigh Bedford\" \/>\n<meta name=\"twitter:card\" content=\"summary_large_image\" \/>\n<meta name=\"twitter:creator\" content=\"@222minint\" \/>\n<meta name=\"twitter:site\" content=\"@222minint\" \/>\n<meta name=\"twitter:label1\" content=\"Written by\" \/>\n\t<meta name=\"twitter:data1\" content=\"Ashleigh Bedford\" \/>\n\t<meta name=\"twitter:label2\" content=\"Est. reading time\" \/>\n\t<meta name=\"twitter:data2\" content=\"7 minutes\" \/>\n<script type=\"application\/ld+json\" class=\"yoast-schema-graph\">{\"@context\":\"https:\\\/\\\/schema.org\",\"@graph\":[{\"@type\":\"Article\",\"@id\":\"https:\\\/\\\/transformiran.com\\\/fr\\\/salle-de-presse\\\/sel-et-lumiere-le-christianisme-en-iran-aujourdhui-persecution-et-croissance-de-leglise\\\/#article\",\"isPartOf\":{\"@id\":\"https:\\\/\\\/transformiran.com\\\/fr\\\/salle-de-presse\\\/sel-et-lumiere-le-christianisme-en-iran-aujourdhui-persecution-et-croissance-de-leglise\\\/\"},\"author\":{\"name\":\"Ashleigh Bedford\",\"@id\":\"https:\\\/\\\/transformiran.com\\\/fr\\\/#\\\/schema\\\/person\\\/901d817bcb841b949dbba5fa2886bfe3\"},\"headline\":\"Sel et lumi\u00e8re : Le christianisme en Iran aujourd&#8217;hui : pers\u00e9cution et croissance de l&#8217;\u00c9glise\",\"datePublished\":\"2026-04-07T19:06:06+00:00\",\"dateModified\":\"2026-04-27T16:02:57+00:00\",\"mainEntityOfPage\":{\"@id\":\"https:\\\/\\\/transformiran.com\\\/fr\\\/salle-de-presse\\\/sel-et-lumiere-le-christianisme-en-iran-aujourdhui-persecution-et-croissance-de-leglise\\\/\"},\"wordCount\":1520,\"commentCount\":0,\"publisher\":{\"@id\":\"https:\\\/\\\/transformiran.com\\\/fr\\\/#organization\"},\"image\":{\"@id\":\"https:\\\/\\\/transformiran.com\\\/fr\\\/salle-de-presse\\\/sel-et-lumiere-le-christianisme-en-iran-aujourdhui-persecution-et-croissance-de-leglise\\\/#primaryimage\"},\"thumbnailUrl\":\"https:\\\/\\\/transformiran.com\\\/app\\\/uploads\\\/2026\\\/04\\\/release_interntional_lazarus_worship.jpg\",\"keywords\":[\"Crise humanitaire\",\"\u00c9glise pers\u00e9cut\u00e9e\",\"Gouvernement\",\"L'Iran\",\"Transformation\"],\"articleSection\":[\"Salle de presse\"],\"inLanguage\":\"fr-FR\",\"potentialAction\":[{\"@type\":\"CommentAction\",\"name\":\"Comment\",\"target\":[\"https:\\\/\\\/transformiran.com\\\/fr\\\/salle-de-presse\\\/sel-et-lumiere-le-christianisme-en-iran-aujourdhui-persecution-et-croissance-de-leglise\\\/#respond\"]}]},{\"@type\":\"WebPage\",\"@id\":\"https:\\\/\\\/transformiran.com\\\/fr\\\/salle-de-presse\\\/sel-et-lumiere-le-christianisme-en-iran-aujourdhui-persecution-et-croissance-de-leglise\\\/\",\"url\":\"https:\\\/\\\/transformiran.com\\\/fr\\\/salle-de-presse\\\/sel-et-lumiere-le-christianisme-en-iran-aujourdhui-persecution-et-croissance-de-leglise\\\/\",\"name\":\"Sel et lumi\u00e8re : Le christianisme en Iran aujourd'hui : pers\u00e9cution et croissance de l'\u00c9glise - Transform Iran\",\"isPartOf\":{\"@id\":\"https:\\\/\\\/transformiran.com\\\/fr\\\/#website\"},\"primaryImageOfPage\":{\"@id\":\"https:\\\/\\\/transformiran.com\\\/fr\\\/salle-de-presse\\\/sel-et-lumiere-le-christianisme-en-iran-aujourdhui-persecution-et-croissance-de-leglise\\\/#primaryimage\"},\"image\":{\"@id\":\"https:\\\/\\\/transformiran.com\\\/fr\\\/salle-de-presse\\\/sel-et-lumiere-le-christianisme-en-iran-aujourdhui-persecution-et-croissance-de-leglise\\\/#primaryimage\"},\"thumbnailUrl\":\"https:\\\/\\\/transformiran.com\\\/app\\\/uploads\\\/2026\\\/04\\\/release_interntional_lazarus_worship.jpg\",\"datePublished\":\"2026-04-07T19:06:06+00:00\",\"dateModified\":\"2026-04-27T16:02:57+00:00\",\"description\":\"Alors que l'Iran est confront\u00e9 \u00e0 des manifestations, des mesures de r\u00e9pression et des conflits, Lazarus Yeghnazar nous \u00e9claire sur la crise, la pers\u00e9cution et la croissance de l'\u00c9glise clandestine.\",\"breadcrumb\":{\"@id\":\"https:\\\/\\\/transformiran.com\\\/fr\\\/salle-de-presse\\\/sel-et-lumiere-le-christianisme-en-iran-aujourdhui-persecution-et-croissance-de-leglise\\\/#breadcrumb\"},\"inLanguage\":\"fr-FR\",\"potentialAction\":[{\"@type\":\"ReadAction\",\"target\":[\"https:\\\/\\\/transformiran.com\\\/fr\\\/salle-de-presse\\\/sel-et-lumiere-le-christianisme-en-iran-aujourdhui-persecution-et-croissance-de-leglise\\\/\"]}]},{\"@type\":\"ImageObject\",\"inLanguage\":\"fr-FR\",\"@id\":\"https:\\\/\\\/transformiran.com\\\/fr\\\/salle-de-presse\\\/sel-et-lumiere-le-christianisme-en-iran-aujourdhui-persecution-et-croissance-de-leglise\\\/#primaryimage\",\"url\":\"https:\\\/\\\/transformiran.com\\\/app\\\/uploads\\\/2026\\\/04\\\/release_interntional_lazarus_worship.jpg\",\"contentUrl\":\"https:\\\/\\\/transformiran.com\\\/app\\\/uploads\\\/2026\\\/04\\\/release_interntional_lazarus_worship.jpg\",\"width\":1920,\"height\":555},{\"@type\":\"BreadcrumbList\",\"@id\":\"https:\\\/\\\/transformiran.com\\\/fr\\\/salle-de-presse\\\/sel-et-lumiere-le-christianisme-en-iran-aujourdhui-persecution-et-croissance-de-leglise\\\/#breadcrumb\",\"itemListElement\":[{\"@type\":\"ListItem\",\"position\":1,\"name\":\"Home\",\"item\":\"https:\\\/\\\/transformiran.com\\\/fr\\\/home\\\/\"},{\"@type\":\"ListItem\",\"position\":2,\"name\":\"Sel et lumi\u00e8re : Le christianisme en Iran aujourd&#8217;hui : pers\u00e9cution et croissance de l&#8217;\u00c9glise\"}]},{\"@type\":\"WebSite\",\"@id\":\"https:\\\/\\\/transformiran.com\\\/fr\\\/#website\",\"url\":\"https:\\\/\\\/transformiran.com\\\/fr\\\/\",\"name\":\"Transform Iran\",\"description\":\"Bringing the love and power of Christ to Iran - and beyond\",\"publisher\":{\"@id\":\"https:\\\/\\\/transformiran.com\\\/fr\\\/#organization\"},\"potentialAction\":[{\"@type\":\"SearchAction\",\"target\":{\"@type\":\"EntryPoint\",\"urlTemplate\":\"https:\\\/\\\/transformiran.com\\\/fr\\\/?s={search_term_string}\"},\"query-input\":{\"@type\":\"PropertyValueSpecification\",\"valueRequired\":true,\"valueName\":\"search_term_string\"}}],\"inLanguage\":\"fr-FR\"},{\"@type\":\"Organization\",\"@id\":\"https:\\\/\\\/transformiran.com\\\/fr\\\/#organization\",\"name\":\"Transform Iran\",\"url\":\"https:\\\/\\\/transformiran.com\\\/fr\\\/\",\"logo\":{\"@type\":\"ImageObject\",\"inLanguage\":\"fr-FR\",\"@id\":\"https:\\\/\\\/transformiran.com\\\/fr\\\/#\\\/schema\\\/logo\\\/image\\\/\",\"url\":\"https:\\\/\\\/transformiran.com\\\/app\\\/uploads\\\/2022\\\/11\\\/logo_grey.jpg\",\"contentUrl\":\"https:\\\/\\\/transformiran.com\\\/app\\\/uploads\\\/2022\\\/11\\\/logo_grey.jpg\",\"width\":528,\"height\":90,\"caption\":\"Transform Iran\"},\"image\":{\"@id\":\"https:\\\/\\\/transformiran.com\\\/fr\\\/#\\\/schema\\\/logo\\\/image\\\/\"},\"sameAs\":[\"https:\\\/\\\/www.facebook.com\\\/222MinistriesUSAInc\",\"https:\\\/\\\/x.com\\\/222minint\",\"https:\\\/\\\/www.instagram.com\\\/222ministriesinternational\\\/\"]},{\"@type\":\"Person\",\"@id\":\"https:\\\/\\\/transformiran.com\\\/fr\\\/#\\\/schema\\\/person\\\/901d817bcb841b949dbba5fa2886bfe3\",\"name\":\"Ashleigh Bedford\",\"image\":{\"@type\":\"ImageObject\",\"inLanguage\":\"fr-FR\",\"@id\":\"https:\\\/\\\/secure.gravatar.com\\\/avatar\\\/fe25a0a0785840df62a592de76ed79e48013f590cc9a874b448f15b293751483?s=96&d=mm&r=g\",\"url\":\"https:\\\/\\\/secure.gravatar.com\\\/avatar\\\/fe25a0a0785840df62a592de76ed79e48013f590cc9a874b448f15b293751483?s=96&d=mm&r=g\",\"contentUrl\":\"https:\\\/\\\/secure.gravatar.com\\\/avatar\\\/fe25a0a0785840df62a592de76ed79e48013f590cc9a874b448f15b293751483?s=96&d=mm&r=g\",\"caption\":\"Ashleigh Bedford\"},\"url\":\"https:\\\/\\\/transformiran.com\\\/fr\\\/author\\\/ashleigh\\\/\"}]}<\/script>\n<!-- \/ Yoast SEO plugin. -->","yoast_head_json":{"title":"Sel et lumi\u00e8re : Le christianisme en Iran aujourd'hui : pers\u00e9cution et croissance de l'\u00c9glise - Transform Iran","description":"Alors que l'Iran est confront\u00e9 \u00e0 des manifestations, des mesures de r\u00e9pression et des conflits, Lazarus Yeghnazar nous \u00e9claire sur la crise, la pers\u00e9cution et la croissance de l'\u00c9glise clandestine.","robots":{"index":"index","follow":"follow","max-snippet":"max-snippet:-1","max-image-preview":"max-image-preview:large","max-video-preview":"max-video-preview:-1"},"canonical":"https:\/\/transformiran.com\/fr\/salle-de-presse\/sel-et-lumiere-le-christianisme-en-iran-aujourdhui-persecution-et-croissance-de-leglise\/","og_locale":"fr_FR","og_type":"article","og_title":"Sel et lumi\u00e8re : Le christianisme en Iran aujourd'hui : pers\u00e9cution et croissance de l'\u00c9glise - Transform Iran","og_description":"Alors que l'Iran est confront\u00e9 \u00e0 des manifestations, des mesures de r\u00e9pression et des conflits, Lazarus Yeghnazar nous \u00e9claire sur la crise, la pers\u00e9cution et la croissance de l'\u00c9glise clandestine.","og_url":"https:\/\/transformiran.com\/fr\/salle-de-presse\/sel-et-lumiere-le-christianisme-en-iran-aujourdhui-persecution-et-croissance-de-leglise\/","og_site_name":"Transform Iran","article_publisher":"https:\/\/www.facebook.com\/222MinistriesUSAInc","article_published_time":"2026-04-07T19:06:06+00:00","article_modified_time":"2026-04-27T16:02:57+00:00","og_image":[{"width":1920,"height":555,"url":"https:\/\/transformiran.com\/app\/uploads\/2026\/04\/release_interntional_lazarus_worship.jpg","type":"image\/jpeg"}],"author":"Ashleigh Bedford","twitter_card":"summary_large_image","twitter_creator":"@222minint","twitter_site":"@222minint","twitter_misc":{"Written by":"Ashleigh Bedford","Est. reading time":"7 minutes"},"schema":{"@context":"https:\/\/schema.org","@graph":[{"@type":"Article","@id":"https:\/\/transformiran.com\/fr\/salle-de-presse\/sel-et-lumiere-le-christianisme-en-iran-aujourdhui-persecution-et-croissance-de-leglise\/#article","isPartOf":{"@id":"https:\/\/transformiran.com\/fr\/salle-de-presse\/sel-et-lumiere-le-christianisme-en-iran-aujourdhui-persecution-et-croissance-de-leglise\/"},"author":{"name":"Ashleigh Bedford","@id":"https:\/\/transformiran.com\/fr\/#\/schema\/person\/901d817bcb841b949dbba5fa2886bfe3"},"headline":"Sel et lumi\u00e8re : Le christianisme en Iran aujourd&#8217;hui : pers\u00e9cution et croissance de l&#8217;\u00c9glise","datePublished":"2026-04-07T19:06:06+00:00","dateModified":"2026-04-27T16:02:57+00:00","mainEntityOfPage":{"@id":"https:\/\/transformiran.com\/fr\/salle-de-presse\/sel-et-lumiere-le-christianisme-en-iran-aujourdhui-persecution-et-croissance-de-leglise\/"},"wordCount":1520,"commentCount":0,"publisher":{"@id":"https:\/\/transformiran.com\/fr\/#organization"},"image":{"@id":"https:\/\/transformiran.com\/fr\/salle-de-presse\/sel-et-lumiere-le-christianisme-en-iran-aujourdhui-persecution-et-croissance-de-leglise\/#primaryimage"},"thumbnailUrl":"https:\/\/transformiran.com\/app\/uploads\/2026\/04\/release_interntional_lazarus_worship.jpg","keywords":["Crise humanitaire","\u00c9glise pers\u00e9cut\u00e9e","Gouvernement","L'Iran","Transformation"],"articleSection":["Salle de presse"],"inLanguage":"fr-FR","potentialAction":[{"@type":"CommentAction","name":"Comment","target":["https:\/\/transformiran.com\/fr\/salle-de-presse\/sel-et-lumiere-le-christianisme-en-iran-aujourdhui-persecution-et-croissance-de-leglise\/#respond"]}]},{"@type":"WebPage","@id":"https:\/\/transformiran.com\/fr\/salle-de-presse\/sel-et-lumiere-le-christianisme-en-iran-aujourdhui-persecution-et-croissance-de-leglise\/","url":"https:\/\/transformiran.com\/fr\/salle-de-presse\/sel-et-lumiere-le-christianisme-en-iran-aujourdhui-persecution-et-croissance-de-leglise\/","name":"Sel et lumi\u00e8re : Le christianisme en Iran aujourd'hui : pers\u00e9cution et croissance de l'\u00c9glise - Transform Iran","isPartOf":{"@id":"https:\/\/transformiran.com\/fr\/#website"},"primaryImageOfPage":{"@id":"https:\/\/transformiran.com\/fr\/salle-de-presse\/sel-et-lumiere-le-christianisme-en-iran-aujourdhui-persecution-et-croissance-de-leglise\/#primaryimage"},"image":{"@id":"https:\/\/transformiran.com\/fr\/salle-de-presse\/sel-et-lumiere-le-christianisme-en-iran-aujourdhui-persecution-et-croissance-de-leglise\/#primaryimage"},"thumbnailUrl":"https:\/\/transformiran.com\/app\/uploads\/2026\/04\/release_interntional_lazarus_worship.jpg","datePublished":"2026-04-07T19:06:06+00:00","dateModified":"2026-04-27T16:02:57+00:00","description":"Alors que l'Iran est confront\u00e9 \u00e0 des manifestations, des mesures de r\u00e9pression et des conflits, Lazarus Yeghnazar nous \u00e9claire sur la crise, la pers\u00e9cution et la croissance de l'\u00c9glise clandestine.","breadcrumb":{"@id":"https:\/\/transformiran.com\/fr\/salle-de-presse\/sel-et-lumiere-le-christianisme-en-iran-aujourdhui-persecution-et-croissance-de-leglise\/#breadcrumb"},"inLanguage":"fr-FR","potentialAction":[{"@type":"ReadAction","target":["https:\/\/transformiran.com\/fr\/salle-de-presse\/sel-et-lumiere-le-christianisme-en-iran-aujourdhui-persecution-et-croissance-de-leglise\/"]}]},{"@type":"ImageObject","inLanguage":"fr-FR","@id":"https:\/\/transformiran.com\/fr\/salle-de-presse\/sel-et-lumiere-le-christianisme-en-iran-aujourdhui-persecution-et-croissance-de-leglise\/#primaryimage","url":"https:\/\/transformiran.com\/app\/uploads\/2026\/04\/release_interntional_lazarus_worship.jpg","contentUrl":"https:\/\/transformiran.com\/app\/uploads\/2026\/04\/release_interntional_lazarus_worship.jpg","width":1920,"height":555},{"@type":"BreadcrumbList","@id":"https:\/\/transformiran.com\/fr\/salle-de-presse\/sel-et-lumiere-le-christianisme-en-iran-aujourdhui-persecution-et-croissance-de-leglise\/#breadcrumb","itemListElement":[{"@type":"ListItem","position":1,"name":"Home","item":"https:\/\/transformiran.com\/fr\/home\/"},{"@type":"ListItem","position":2,"name":"Sel et lumi\u00e8re : Le christianisme en Iran aujourd&#8217;hui : pers\u00e9cution et croissance de l&#8217;\u00c9glise"}]},{"@type":"WebSite","@id":"https:\/\/transformiran.com\/fr\/#website","url":"https:\/\/transformiran.com\/fr\/","name":"Transform Iran","description":"Bringing the love and power of Christ to Iran - and beyond","publisher":{"@id":"https:\/\/transformiran.com\/fr\/#organization"},"potentialAction":[{"@type":"SearchAction","target":{"@type":"EntryPoint","urlTemplate":"https:\/\/transformiran.com\/fr\/?s={search_term_string}"},"query-input":{"@type":"PropertyValueSpecification","valueRequired":true,"valueName":"search_term_string"}}],"inLanguage":"fr-FR"},{"@type":"Organization","@id":"https:\/\/transformiran.com\/fr\/#organization","name":"Transform Iran","url":"https:\/\/transformiran.com\/fr\/","logo":{"@type":"ImageObject","inLanguage":"fr-FR","@id":"https:\/\/transformiran.com\/fr\/#\/schema\/logo\/image\/","url":"https:\/\/transformiran.com\/app\/uploads\/2022\/11\/logo_grey.jpg","contentUrl":"https:\/\/transformiran.com\/app\/uploads\/2022\/11\/logo_grey.jpg","width":528,"height":90,"caption":"Transform Iran"},"image":{"@id":"https:\/\/transformiran.com\/fr\/#\/schema\/logo\/image\/"},"sameAs":["https:\/\/www.facebook.com\/222MinistriesUSAInc","https:\/\/x.com\/222minint","https:\/\/www.instagram.com\/222ministriesinternational\/"]},{"@type":"Person","@id":"https:\/\/transformiran.com\/fr\/#\/schema\/person\/901d817bcb841b949dbba5fa2886bfe3","name":"Ashleigh Bedford","image":{"@type":"ImageObject","inLanguage":"fr-FR","@id":"https:\/\/secure.gravatar.com\/avatar\/fe25a0a0785840df62a592de76ed79e48013f590cc9a874b448f15b293751483?s=96&d=mm&r=g","url":"https:\/\/secure.gravatar.com\/avatar\/fe25a0a0785840df62a592de76ed79e48013f590cc9a874b448f15b293751483?s=96&d=mm&r=g","contentUrl":"https:\/\/secure.gravatar.com\/avatar\/fe25a0a0785840df62a592de76ed79e48013f590cc9a874b448f15b293751483?s=96&d=mm&r=g","caption":"Ashleigh Bedford"},"url":"https:\/\/transformiran.com\/fr\/author\/ashleigh\/"}]}},"_links":{"self":[{"href":"https:\/\/transformiran.com\/fr\/wp-json\/wp\/v2\/posts\/37705","targetHints":{"allow":["GET"]}}],"collection":[{"href":"https:\/\/transformiran.com\/fr\/wp-json\/wp\/v2\/posts"}],"about":[{"href":"https:\/\/transformiran.com\/fr\/wp-json\/wp\/v2\/types\/post"}],"author":[{"embeddable":true,"href":"https:\/\/transformiran.com\/fr\/wp-json\/wp\/v2\/users\/6"}],"replies":[{"embeddable":true,"href":"https:\/\/transformiran.com\/fr\/wp-json\/wp\/v2\/comments?post=37705"}],"version-history":[{"count":4,"href":"https:\/\/transformiran.com\/fr\/wp-json\/wp\/v2\/posts\/37705\/revisions"}],"predecessor-version":[{"id":37731,"href":"https:\/\/transformiran.com\/fr\/wp-json\/wp\/v2\/posts\/37705\/revisions\/37731"}],"wp:featuredmedia":[{"embeddable":true,"href":"https:\/\/transformiran.com\/fr\/wp-json\/wp\/v2\/media\/37692"}],"wp:attachment":[{"href":"https:\/\/transformiran.com\/fr\/wp-json\/wp\/v2\/media?parent=37705"}],"wp:term":[{"taxonomy":"category","embeddable":true,"href":"https:\/\/transformiran.com\/fr\/wp-json\/wp\/v2\/categories?post=37705"},{"taxonomy":"post_tag","embeddable":true,"href":"https:\/\/transformiran.com\/fr\/wp-json\/wp\/v2\/tags?post=37705"}],"curies":[{"name":"wp","href":"https:\/\/api.w.org\/{rel}","templated":true}]}}