{"id":37767,"date":"2026-04-28T19:00:28","date_gmt":"2026-04-28T18:00:28","guid":{"rendered":"https:\/\/transformiran.com\/non-classifiee\/le-bilan-de-liran-en-matiere-de-droits-de-lhomme-fait-lobjet-dun-examen-minutieux-apres-sa-nomination-a-lonu\/"},"modified":"2026-04-30T19:44:44","modified_gmt":"2026-04-30T18:44:44","slug":"le-bilan-de-liran-en-matiere-de-droits-de-lhomme-fait-lobjet-dun-examen-minutieux-apres-sa-nomination-a-lonu","status":"publish","type":"post","link":"https:\/\/transformiran.com\/fr\/salle-de-presse\/le-bilan-de-liran-en-matiere-de-droits-de-lhomme-fait-lobjet-dun-examen-minutieux-apres-sa-nomination-a-lonu\/","title":{"rendered":"Le bilan de l&#8217;Iran en mati\u00e8re de droits de l&#8217;homme fait l&#8217;objet d&#8217;un examen minutieux apr\u00e8s sa nomination \u00e0 l&#8217;ONU"},"content":{"rendered":"\n<p>Par Katey Hearth<\/p>\n\n<p class=\"has-medium-font-size\">Iran (MNN) &#8211; <strong><a href=\"https:\/\/abcnews.com\/International\/executions-protesters-iran-surge-start-war-human-rights\/story?id=132250133&amp;utm_source=chatgpt.com\" target=\"_blank\" rel=\"noreferrer noopener\">Les observateurs des droits de l&#8217;homme disent que<\/a><\/strong> L&#8217;Iran tue de plus en plus de manifestants depuis le d\u00e9but de la guerre fin f\u00e9vrier.<\/p>\n\n<p>Des ex\u00e9cutions ont eu lieu <strong><a href=\"https:\/\/www.aol.com\/articles\/executions-protesters-iran-surge-since-202744943.html?utm_source=chatgpt.com\" target=\"_blank\" rel=\"noreferrer noopener\">presque chaque semaine<\/a><\/strong> depuis la mi-mars. <strong><a href=\"https:\/\/www.theguardian.com\/world\/2026\/apr\/25\/hanged-under-the-cover-of-war-letters-and-videos-tell-stories-of-iran-death-row-victims?utm_source=chatgpt.com\" target=\"_blank\" rel=\"noreferrer noopener\">Au cours du mois dernier, 16 hommes &#8211; huit prisonniers politiques et huit manifestants &#8211; ont \u00e9t\u00e9 pendus en Iran.<\/a><\/strong>16 hommes &#8211; huit prisonniers politiques et huit manifestants &#8211; ont \u00e9t\u00e9 pendus en Iran.<\/p>\n\n<div class=\"wp-block-media-text is-stacked-on-mobile\" style=\"grid-template-columns:31% auto\"><figure class=\"wp-block-media-text__media\"><img loading=\"lazy\" decoding=\"async\" width=\"683\" height=\"1024\" src=\"https:\/\/transformiran.com\/app\/uploads\/2026\/04\/memorycatcher-noose-3271502-683x1024.jpg\" alt=\"\" class=\"wp-image-37380 size-full\" srcset=\"https:\/\/transformiran.com\/app\/uploads\/2026\/04\/memorycatcher-noose-3271502-683x1024.jpg 683w, https:\/\/transformiran.com\/app\/uploads\/2026\/04\/memorycatcher-noose-3271502-200x300.jpg 200w, https:\/\/transformiran.com\/app\/uploads\/2026\/04\/memorycatcher-noose-3271502-768x1152.jpg 768w, https:\/\/transformiran.com\/app\/uploads\/2026\/04\/memorycatcher-noose-3271502-1024x1536.jpg 1024w, https:\/\/transformiran.com\/app\/uploads\/2026\/04\/memorycatcher-noose-3271502-1365x2048.jpg 1365w, https:\/\/transformiran.com\/app\/uploads\/2026\/04\/memorycatcher-noose-3271502-scaled.jpg 2000w\" sizes=\"auto, (max-width: 683px) 100vw, 683px\" \/><\/figure><div class=\"wp-block-media-text__content\">\n<p>Dans le m\u00eame temps, un groupe de 54 pays de l <strong><a href=\"https:\/\/www.msn.com\/en-us\/news\/insight\/iran-s-nomination-to-un-rights-panel-sparks-outrage\/gm-GM39B17428?gemSnapshotKey=GM39B17428-snapshot-1\" target=\"_blank\" rel=\"noreferrer noopener\">de l&#8217;ONU a choisi<\/a><\/strong> la R\u00e9publique islamique pour superviser un comit\u00e9 qui \u00e9labore la politique en mati\u00e8re de droits de l&#8217;homme. Les \u00c9tats-Unis ont \u00e9t\u00e9 le seul pays membre \u00e0 s&#8217;opposer \u00e0 plusieurs s\u00e9lections, dont celle de l&#8217;Iran. <\/p>\n\n\n\n<p>C&#8217;est tout simplement ridicule&#8221;, a d\u00e9clar\u00e9 Lana Silk, de l&#8217;association &#8220;Transform Iran&#8221;. <strong><a href=\"https:\/\/www.mnnonline.org\/mission_groups\/transform-iran\/\" target=\"_blank\" rel=\"noreferrer noopener\">Transform Iran<\/a><\/strong> d\u00e9clare.<\/p>\n<\/div><\/div>\n\n<blockquote class=\"wp-block-quote is-layout-flow wp-block-quote-is-layout-flow\">\n<p>En quoi cela a-t-il un sens ? Un pays qui est l&#8217;un des pires auteurs de violations des droits de l&#8217;homme au monde, en particulier des droits des femmes, si\u00e8ge et influence les droits de l&#8217;homme au niveau international.<\/p>\n<\/blockquote>\n\n<p>Les chiens de garde de l&#8217;ONU <strong><a href=\"https:\/\/unwatch.org\/outrage-at-un-democracies-enable-iran-china-cuba-to-oversee-human-rights-bodies\/\" target=\"_blank\" rel=\"noreferrer noopener\">appellent les \u00c9tats membres \u00e0 s&#8217;expliquer<\/a><\/strong> \u00e0 s&#8217;expliquer. &#8220;Le moment choisi est extr\u00eamement suspect&#8221;, d\u00e9clare M. Silk. <\/p>\n\n<p>&#8220;L&#8217;Iran viole les droits de l&#8217;homme depuis 47 ans, mais de mani\u00e8re agressive depuis quelques mois. Pourquoi cette nomination \u00e0 l&#8217;ONU intervient-elle maintenant ?<\/p>\n\n<h2 class=\"wp-block-heading\">La foi grandit dans un contexte de pers\u00e9cution croissante<\/h2>\n\n<p><strong><a href=\"https:\/\/www.aol.com\/articles\/executions-protesters-iran-surge-since-202744943.html?utm_source=chatgpt.com\" target=\"_blank\" rel=\"noreferrer noopener\">Plus de 1 600 personnes<\/a><\/strong> ont \u00e9t\u00e9 ex\u00e9cut\u00e9es par le r\u00e9gime iranien l&#8217;ann\u00e9e derni\u00e8re, battant ainsi un record datant de 1989. <em><strong>Si les atrocit\u00e9s progressent, il en va de m\u00eame pour l&#8217;\u00c9vangile.<\/strong><\/em> &#8220;Ce matin m\u00eame, j&#8217;ai parl\u00e9 \u00e0 l&#8217;un de nos responsables du minist\u00e8re des voyages missionnaires que nous pr\u00e9voyons pour les semaines \u00e0 venir&#8221;, explique M. Silk.<\/p>\n\n<p><strong>&#8220;Les gens sont actifs et veulent r\u00e9pandre l&#8217;\u00c9vangile, et ceux qui l&#8217;entendent r\u00e9agissent positivement.<\/strong><\/p>\n\n<p><strong><a href=\"https:\/\/transformiran.com\/fr\/apprendre\/la-vie-en-iran-apres-le-cessez-le-feu-une-vue-de-linterieur\/\" target=\"_blank\" rel=\"noreferrer noopener\">Pour en savoir plus sur la vie en Iran pendant le cessez-le-feu, cliquez ici.<\/a><\/strong><\/p>\n\n<p>Transform Iran soutient les travailleurs indig\u00e8nes de l&#8217;\u00c9vangile sur plusieurs fronts, notamment l&#8217;\u00e9vang\u00e9lisation et l&#8217;implantation d&#8217;\u00e9glises, ainsi que l&#8217;aide d&#8217;urgence et le rel\u00e8vement.  <strong><a href=\"https:\/\/transformiran.com\/fr\/notre-travail\/\" target=\"_blank\" rel=\"noreferrer noopener\">Pour en savoir plus sur ses efforts, cliquez ici.<\/a><\/strong><\/p>\n\n<p>&#8220;Dans certains de ces espaces difficiles, o\u00f9 se d\u00e9roulent toutes ces horreurs, nous voyons des t\u00e9n\u00e8bres. Dans les coulisses, Dieu rach\u00e8te les gens, et nous assistons constamment \u00e0 des sauvetages en Iran&#8221;, explique M. Silk.<\/p>\n\n<blockquote class=\"wp-block-quote is-layout-flow wp-block-quote-is-layout-flow\">\n<p>Ce qui serait bon pour nous, c&#8217;est de creuser sous la surface, d&#8217;apprendre \u00e0 conna\u00eetre les minist\u00e8res qui travaillent dans ces espaces, de laisser nos esprits \u00eatre encourag\u00e9s par le bon travail que Dieu accomplit, puis de nous y associer &#8211; en aidant \u00e0 le faire progresser, en lui donnant les moyens d&#8217;agir, en priant pour lui.<\/p>\n<\/blockquote>\n\n<p><em><em>L&#8217;image d&#8217;en-t\u00eate montre les forces de s\u00e9curit\u00e9 iraniennes ouvrant le feu sur des manifestants dans la rue en janvier 2026.<\/em><\/em><em>Cr\u00e9dit photo : Iran International<\/em><\/p>\n\n<p><em>Publi\u00e9 \u00e0 l&#8217;origine sur : <a href=\"https:\/\/www.mnnonline.org\/news\/irans-human-rights-record-faces-scrutiny-after-un-appointment\/\" target=\"_blank\" rel=\"noreferrer noopener\">Mission Network News<\/a><\/em><\/p>\n\n<p><\/p>\n\n<p><\/p>\n","protected":false},"excerpt":{"rendered":"<p>Alors que les ex\u00e9cutions et les violations des droits de l&#8217;homme se multiplient en Iran, une nomination \u00e0 l&#8217;ONU a suscit\u00e9 l&#8217;inqui\u00e9tude du monde entier. Lana Silk s&#8217;interroge sur le moment choisi et sur les raisons pour lesquelles la foi continue de cro\u00eetre au milieu de la pers\u00e9cution. <\/p>\n","protected":false},"author":6,"featured_media":34614,"comment_status":"open","ping_status":"open","sticky":false,"template":"","format":"standard","meta":{"_acf_changed":false,"give_campaign_id":0,"om_disable_all_campaigns":false,"_mi_skip_tracking":false,"footnotes":""},"categories":[283],"tags":[299,306,110,286,284],"class_list":["post-37767","post","type-post","status-publish","format-standard","has-post-thumbnail","hentry","category-salle-de-presse","tag-crise-humanitaire","tag-eglise","tag-evangelisation","tag-gouvernement","tag-liran"],"acf":[],"yoast_head":"<!-- This site is optimized with the Yoast SEO plugin v27.3 - https:\/\/yoast.com\/product\/yoast-seo-wordpress\/ -->\n<title>Le bilan de l&#039;Iran en mati\u00e8re de droits de l&#039;homme fait l&#039;objet d&#039;un examen minutieux apr\u00e8s sa nomination \u00e0 l&#039;ONU - Transform Iran<\/title>\n<meta name=\"description\" content=\"L&#039;Iran fait l&#039;objet d&#039;un examen minutieux de la part de la communaut\u00e9 internationale \u00e0 la suite d&#039;une nomination par les Nations unies dans le domaine des droits de l&#039;homme, malgr\u00e9 l&#039;augmentation du nombre d&#039;ex\u00e9cutions et de la r\u00e9pression.\" \/>\n<meta name=\"robots\" content=\"index, follow, max-snippet:-1, max-image-preview:large, max-video-preview:-1\" \/>\n<link rel=\"canonical\" href=\"https:\/\/transformiran.com\/fr\/salle-de-presse\/le-bilan-de-liran-en-matiere-de-droits-de-lhomme-fait-lobjet-dun-examen-minutieux-apres-sa-nomination-a-lonu\/\" \/>\n<meta property=\"og:locale\" content=\"fr_FR\" \/>\n<meta property=\"og:type\" content=\"article\" \/>\n<meta property=\"og:title\" content=\"Le bilan de l&#039;Iran en mati\u00e8re de droits de l&#039;homme fait l&#039;objet d&#039;un examen minutieux apr\u00e8s sa nomination \u00e0 l&#039;ONU - Transform Iran\" \/>\n<meta property=\"og:description\" content=\"L&#039;Iran fait l&#039;objet d&#039;un examen minutieux de la part de la communaut\u00e9 internationale \u00e0 la suite d&#039;une nomination par les Nations unies dans le domaine des droits de l&#039;homme, malgr\u00e9 l&#039;augmentation du nombre d&#039;ex\u00e9cutions et de la r\u00e9pression.\" \/>\n<meta property=\"og:url\" content=\"https:\/\/transformiran.com\/fr\/salle-de-presse\/le-bilan-de-liran-en-matiere-de-droits-de-lhomme-fait-lobjet-dun-examen-minutieux-apres-sa-nomination-a-lonu\/\" \/>\n<meta property=\"og:site_name\" content=\"Transform Iran\" \/>\n<meta property=\"article:publisher\" content=\"https:\/\/www.facebook.com\/222MinistriesUSAInc\" \/>\n<meta property=\"article:published_time\" content=\"2026-04-28T18:00:28+00:00\" \/>\n<meta property=\"article:modified_time\" content=\"2026-04-30T18:44:44+00:00\" \/>\n<meta name=\"author\" content=\"Ashleigh Bedford\" \/>\n<meta name=\"twitter:card\" content=\"summary_large_image\" \/>\n<meta name=\"twitter:creator\" content=\"@222minint\" \/>\n<meta name=\"twitter:site\" content=\"@222minint\" \/>\n<meta name=\"twitter:label1\" content=\"Written by\" \/>\n\t<meta name=\"twitter:data1\" content=\"Ashleigh Bedford\" \/>\n\t<meta name=\"twitter:label2\" content=\"Est. reading time\" \/>\n\t<meta name=\"twitter:data2\" content=\"2 minutes\" \/>\n<script type=\"application\/ld+json\" class=\"yoast-schema-graph\">{\"@context\":\"https:\\\/\\\/schema.org\",\"@graph\":[{\"@type\":\"Article\",\"@id\":\"https:\\\/\\\/transformiran.com\\\/fr\\\/salle-de-presse\\\/le-bilan-de-liran-en-matiere-de-droits-de-lhomme-fait-lobjet-dun-examen-minutieux-apres-sa-nomination-a-lonu\\\/#article\",\"isPartOf\":{\"@id\":\"https:\\\/\\\/transformiran.com\\\/fr\\\/salle-de-presse\\\/le-bilan-de-liran-en-matiere-de-droits-de-lhomme-fait-lobjet-dun-examen-minutieux-apres-sa-nomination-a-lonu\\\/\"},\"author\":{\"name\":\"Ashleigh Bedford\",\"@id\":\"https:\\\/\\\/transformiran.com\\\/fr\\\/#\\\/schema\\\/person\\\/901d817bcb841b949dbba5fa2886bfe3\"},\"headline\":\"Le bilan de l&#8217;Iran en mati\u00e8re de droits de l&#8217;homme fait l&#8217;objet d&#8217;un examen minutieux apr\u00e8s sa nomination \u00e0 l&#8217;ONU\",\"datePublished\":\"2026-04-28T18:00:28+00:00\",\"dateModified\":\"2026-04-30T18:44:44+00:00\",\"mainEntityOfPage\":{\"@id\":\"https:\\\/\\\/transformiran.com\\\/fr\\\/salle-de-presse\\\/le-bilan-de-liran-en-matiere-de-droits-de-lhomme-fait-lobjet-dun-examen-minutieux-apres-sa-nomination-a-lonu\\\/\"},\"wordCount\":555,\"commentCount\":0,\"publisher\":{\"@id\":\"https:\\\/\\\/transformiran.com\\\/fr\\\/#organization\"},\"image\":{\"@id\":\"https:\\\/\\\/transformiran.com\\\/fr\\\/salle-de-presse\\\/le-bilan-de-liran-en-matiere-de-droits-de-lhomme-fait-lobjet-dun-examen-minutieux-apres-sa-nomination-a-lonu\\\/#primaryimage\"},\"thumbnailUrl\":\"https:\\\/\\\/transformiran.com\\\/app\\\/uploads\\\/2026\\\/01\\\/IranIntl.org-regime-violence-and-systematic-killing.avif\",\"keywords\":[\"Crise humanitaire\",\"\u00c9glise\",\"Evangelisation\",\"Gouvernement\",\"L'Iran\"],\"articleSection\":[\"Salle de presse\"],\"inLanguage\":\"fr-FR\",\"potentialAction\":[{\"@type\":\"CommentAction\",\"name\":\"Comment\",\"target\":[\"https:\\\/\\\/transformiran.com\\\/fr\\\/salle-de-presse\\\/le-bilan-de-liran-en-matiere-de-droits-de-lhomme-fait-lobjet-dun-examen-minutieux-apres-sa-nomination-a-lonu\\\/#respond\"]}]},{\"@type\":\"WebPage\",\"@id\":\"https:\\\/\\\/transformiran.com\\\/fr\\\/salle-de-presse\\\/le-bilan-de-liran-en-matiere-de-droits-de-lhomme-fait-lobjet-dun-examen-minutieux-apres-sa-nomination-a-lonu\\\/\",\"url\":\"https:\\\/\\\/transformiran.com\\\/fr\\\/salle-de-presse\\\/le-bilan-de-liran-en-matiere-de-droits-de-lhomme-fait-lobjet-dun-examen-minutieux-apres-sa-nomination-a-lonu\\\/\",\"name\":\"Le bilan de l'Iran en mati\u00e8re de droits de l'homme fait l'objet d'un examen minutieux apr\u00e8s sa nomination \u00e0 l'ONU - Transform Iran\",\"isPartOf\":{\"@id\":\"https:\\\/\\\/transformiran.com\\\/fr\\\/#website\"},\"primaryImageOfPage\":{\"@id\":\"https:\\\/\\\/transformiran.com\\\/fr\\\/salle-de-presse\\\/le-bilan-de-liran-en-matiere-de-droits-de-lhomme-fait-lobjet-dun-examen-minutieux-apres-sa-nomination-a-lonu\\\/#primaryimage\"},\"image\":{\"@id\":\"https:\\\/\\\/transformiran.com\\\/fr\\\/salle-de-presse\\\/le-bilan-de-liran-en-matiere-de-droits-de-lhomme-fait-lobjet-dun-examen-minutieux-apres-sa-nomination-a-lonu\\\/#primaryimage\"},\"thumbnailUrl\":\"https:\\\/\\\/transformiran.com\\\/app\\\/uploads\\\/2026\\\/01\\\/IranIntl.org-regime-violence-and-systematic-killing.avif\",\"datePublished\":\"2026-04-28T18:00:28+00:00\",\"dateModified\":\"2026-04-30T18:44:44+00:00\",\"description\":\"L'Iran fait l'objet d'un examen minutieux de la part de la communaut\u00e9 internationale \u00e0 la suite d'une nomination par les Nations unies dans le domaine des droits de l'homme, malgr\u00e9 l'augmentation du nombre d'ex\u00e9cutions et de la r\u00e9pression.\",\"breadcrumb\":{\"@id\":\"https:\\\/\\\/transformiran.com\\\/fr\\\/salle-de-presse\\\/le-bilan-de-liran-en-matiere-de-droits-de-lhomme-fait-lobjet-dun-examen-minutieux-apres-sa-nomination-a-lonu\\\/#breadcrumb\"},\"inLanguage\":\"fr-FR\",\"potentialAction\":[{\"@type\":\"ReadAction\",\"target\":[\"https:\\\/\\\/transformiran.com\\\/fr\\\/salle-de-presse\\\/le-bilan-de-liran-en-matiere-de-droits-de-lhomme-fait-lobjet-dun-examen-minutieux-apres-sa-nomination-a-lonu\\\/\"]}]},{\"@type\":\"ImageObject\",\"inLanguage\":\"fr-FR\",\"@id\":\"https:\\\/\\\/transformiran.com\\\/fr\\\/salle-de-presse\\\/le-bilan-de-liran-en-matiere-de-droits-de-lhomme-fait-lobjet-dun-examen-minutieux-apres-sa-nomination-a-lonu\\\/#primaryimage\",\"url\":\"https:\\\/\\\/transformiran.com\\\/app\\\/uploads\\\/2026\\\/01\\\/IranIntl.org-regime-violence-and-systematic-killing.avif\",\"contentUrl\":\"https:\\\/\\\/transformiran.com\\\/app\\\/uploads\\\/2026\\\/01\\\/IranIntl.org-regime-violence-and-systematic-killing.avif\",\"width\":992,\"height\":660},{\"@type\":\"BreadcrumbList\",\"@id\":\"https:\\\/\\\/transformiran.com\\\/fr\\\/salle-de-presse\\\/le-bilan-de-liran-en-matiere-de-droits-de-lhomme-fait-lobjet-dun-examen-minutieux-apres-sa-nomination-a-lonu\\\/#breadcrumb\",\"itemListElement\":[{\"@type\":\"ListItem\",\"position\":1,\"name\":\"Home\",\"item\":\"https:\\\/\\\/transformiran.com\\\/fr\\\/home\\\/\"},{\"@type\":\"ListItem\",\"position\":2,\"name\":\"Le bilan de l&#8217;Iran en mati\u00e8re de droits de l&#8217;homme fait l&#8217;objet d&#8217;un examen minutieux apr\u00e8s sa nomination \u00e0 l&#8217;ONU\"}]},{\"@type\":\"WebSite\",\"@id\":\"https:\\\/\\\/transformiran.com\\\/fr\\\/#website\",\"url\":\"https:\\\/\\\/transformiran.com\\\/fr\\\/\",\"name\":\"Transform Iran\",\"description\":\"Bringing the love and power of Christ to Iran - and beyond\",\"publisher\":{\"@id\":\"https:\\\/\\\/transformiran.com\\\/fr\\\/#organization\"},\"potentialAction\":[{\"@type\":\"SearchAction\",\"target\":{\"@type\":\"EntryPoint\",\"urlTemplate\":\"https:\\\/\\\/transformiran.com\\\/fr\\\/?s={search_term_string}\"},\"query-input\":{\"@type\":\"PropertyValueSpecification\",\"valueRequired\":true,\"valueName\":\"search_term_string\"}}],\"inLanguage\":\"fr-FR\"},{\"@type\":\"Organization\",\"@id\":\"https:\\\/\\\/transformiran.com\\\/fr\\\/#organization\",\"name\":\"Transform Iran\",\"url\":\"https:\\\/\\\/transformiran.com\\\/fr\\\/\",\"logo\":{\"@type\":\"ImageObject\",\"inLanguage\":\"fr-FR\",\"@id\":\"https:\\\/\\\/transformiran.com\\\/fr\\\/#\\\/schema\\\/logo\\\/image\\\/\",\"url\":\"https:\\\/\\\/transformiran.com\\\/app\\\/uploads\\\/2022\\\/11\\\/logo_grey.jpg\",\"contentUrl\":\"https:\\\/\\\/transformiran.com\\\/app\\\/uploads\\\/2022\\\/11\\\/logo_grey.jpg\",\"width\":528,\"height\":90,\"caption\":\"Transform Iran\"},\"image\":{\"@id\":\"https:\\\/\\\/transformiran.com\\\/fr\\\/#\\\/schema\\\/logo\\\/image\\\/\"},\"sameAs\":[\"https:\\\/\\\/www.facebook.com\\\/222MinistriesUSAInc\",\"https:\\\/\\\/x.com\\\/222minint\",\"https:\\\/\\\/www.instagram.com\\\/222ministriesinternational\\\/\"]},{\"@type\":\"Person\",\"@id\":\"https:\\\/\\\/transformiran.com\\\/fr\\\/#\\\/schema\\\/person\\\/901d817bcb841b949dbba5fa2886bfe3\",\"name\":\"Ashleigh Bedford\",\"image\":{\"@type\":\"ImageObject\",\"inLanguage\":\"fr-FR\",\"@id\":\"https:\\\/\\\/secure.gravatar.com\\\/avatar\\\/fe25a0a0785840df62a592de76ed79e48013f590cc9a874b448f15b293751483?s=96&d=mm&r=g\",\"url\":\"https:\\\/\\\/secure.gravatar.com\\\/avatar\\\/fe25a0a0785840df62a592de76ed79e48013f590cc9a874b448f15b293751483?s=96&d=mm&r=g\",\"contentUrl\":\"https:\\\/\\\/secure.gravatar.com\\\/avatar\\\/fe25a0a0785840df62a592de76ed79e48013f590cc9a874b448f15b293751483?s=96&d=mm&r=g\",\"caption\":\"Ashleigh Bedford\"},\"url\":\"https:\\\/\\\/transformiran.com\\\/fr\\\/author\\\/ashleigh\\\/\"}]}<\/script>\n<!-- \/ Yoast SEO plugin. -->","yoast_head_json":{"title":"Le bilan de l'Iran en mati\u00e8re de droits de l'homme fait l'objet d'un examen minutieux apr\u00e8s sa nomination \u00e0 l'ONU - Transform Iran","description":"L'Iran fait l'objet d'un examen minutieux de la part de la communaut\u00e9 internationale \u00e0 la suite d'une nomination par les Nations unies dans le domaine des droits de l'homme, malgr\u00e9 l'augmentation du nombre d'ex\u00e9cutions et de la r\u00e9pression.","robots":{"index":"index","follow":"follow","max-snippet":"max-snippet:-1","max-image-preview":"max-image-preview:large","max-video-preview":"max-video-preview:-1"},"canonical":"https:\/\/transformiran.com\/fr\/salle-de-presse\/le-bilan-de-liran-en-matiere-de-droits-de-lhomme-fait-lobjet-dun-examen-minutieux-apres-sa-nomination-a-lonu\/","og_locale":"fr_FR","og_type":"article","og_title":"Le bilan de l'Iran en mati\u00e8re de droits de l'homme fait l'objet d'un examen minutieux apr\u00e8s sa nomination \u00e0 l'ONU - Transform Iran","og_description":"L'Iran fait l'objet d'un examen minutieux de la part de la communaut\u00e9 internationale \u00e0 la suite d'une nomination par les Nations unies dans le domaine des droits de l'homme, malgr\u00e9 l'augmentation du nombre d'ex\u00e9cutions et de la r\u00e9pression.","og_url":"https:\/\/transformiran.com\/fr\/salle-de-presse\/le-bilan-de-liran-en-matiere-de-droits-de-lhomme-fait-lobjet-dun-examen-minutieux-apres-sa-nomination-a-lonu\/","og_site_name":"Transform Iran","article_publisher":"https:\/\/www.facebook.com\/222MinistriesUSAInc","article_published_time":"2026-04-28T18:00:28+00:00","article_modified_time":"2026-04-30T18:44:44+00:00","author":"Ashleigh Bedford","twitter_card":"summary_large_image","twitter_creator":"@222minint","twitter_site":"@222minint","twitter_misc":{"Written by":"Ashleigh Bedford","Est. reading time":"2 minutes"},"schema":{"@context":"https:\/\/schema.org","@graph":[{"@type":"Article","@id":"https:\/\/transformiran.com\/fr\/salle-de-presse\/le-bilan-de-liran-en-matiere-de-droits-de-lhomme-fait-lobjet-dun-examen-minutieux-apres-sa-nomination-a-lonu\/#article","isPartOf":{"@id":"https:\/\/transformiran.com\/fr\/salle-de-presse\/le-bilan-de-liran-en-matiere-de-droits-de-lhomme-fait-lobjet-dun-examen-minutieux-apres-sa-nomination-a-lonu\/"},"author":{"name":"Ashleigh Bedford","@id":"https:\/\/transformiran.com\/fr\/#\/schema\/person\/901d817bcb841b949dbba5fa2886bfe3"},"headline":"Le bilan de l&#8217;Iran en mati\u00e8re de droits de l&#8217;homme fait l&#8217;objet d&#8217;un examen minutieux apr\u00e8s sa nomination \u00e0 l&#8217;ONU","datePublished":"2026-04-28T18:00:28+00:00","dateModified":"2026-04-30T18:44:44+00:00","mainEntityOfPage":{"@id":"https:\/\/transformiran.com\/fr\/salle-de-presse\/le-bilan-de-liran-en-matiere-de-droits-de-lhomme-fait-lobjet-dun-examen-minutieux-apres-sa-nomination-a-lonu\/"},"wordCount":555,"commentCount":0,"publisher":{"@id":"https:\/\/transformiran.com\/fr\/#organization"},"image":{"@id":"https:\/\/transformiran.com\/fr\/salle-de-presse\/le-bilan-de-liran-en-matiere-de-droits-de-lhomme-fait-lobjet-dun-examen-minutieux-apres-sa-nomination-a-lonu\/#primaryimage"},"thumbnailUrl":"https:\/\/transformiran.com\/app\/uploads\/2026\/01\/IranIntl.org-regime-violence-and-systematic-killing.avif","keywords":["Crise humanitaire","\u00c9glise","Evangelisation","Gouvernement","L'Iran"],"articleSection":["Salle de presse"],"inLanguage":"fr-FR","potentialAction":[{"@type":"CommentAction","name":"Comment","target":["https:\/\/transformiran.com\/fr\/salle-de-presse\/le-bilan-de-liran-en-matiere-de-droits-de-lhomme-fait-lobjet-dun-examen-minutieux-apres-sa-nomination-a-lonu\/#respond"]}]},{"@type":"WebPage","@id":"https:\/\/transformiran.com\/fr\/salle-de-presse\/le-bilan-de-liran-en-matiere-de-droits-de-lhomme-fait-lobjet-dun-examen-minutieux-apres-sa-nomination-a-lonu\/","url":"https:\/\/transformiran.com\/fr\/salle-de-presse\/le-bilan-de-liran-en-matiere-de-droits-de-lhomme-fait-lobjet-dun-examen-minutieux-apres-sa-nomination-a-lonu\/","name":"Le bilan de l'Iran en mati\u00e8re de droits de l'homme fait l'objet d'un examen minutieux apr\u00e8s sa nomination \u00e0 l'ONU - Transform Iran","isPartOf":{"@id":"https:\/\/transformiran.com\/fr\/#website"},"primaryImageOfPage":{"@id":"https:\/\/transformiran.com\/fr\/salle-de-presse\/le-bilan-de-liran-en-matiere-de-droits-de-lhomme-fait-lobjet-dun-examen-minutieux-apres-sa-nomination-a-lonu\/#primaryimage"},"image":{"@id":"https:\/\/transformiran.com\/fr\/salle-de-presse\/le-bilan-de-liran-en-matiere-de-droits-de-lhomme-fait-lobjet-dun-examen-minutieux-apres-sa-nomination-a-lonu\/#primaryimage"},"thumbnailUrl":"https:\/\/transformiran.com\/app\/uploads\/2026\/01\/IranIntl.org-regime-violence-and-systematic-killing.avif","datePublished":"2026-04-28T18:00:28+00:00","dateModified":"2026-04-30T18:44:44+00:00","description":"L'Iran fait l'objet d'un examen minutieux de la part de la communaut\u00e9 internationale \u00e0 la suite d'une nomination par les Nations unies dans le domaine des droits de l'homme, malgr\u00e9 l'augmentation du nombre d'ex\u00e9cutions et de la r\u00e9pression.","breadcrumb":{"@id":"https:\/\/transformiran.com\/fr\/salle-de-presse\/le-bilan-de-liran-en-matiere-de-droits-de-lhomme-fait-lobjet-dun-examen-minutieux-apres-sa-nomination-a-lonu\/#breadcrumb"},"inLanguage":"fr-FR","potentialAction":[{"@type":"ReadAction","target":["https:\/\/transformiran.com\/fr\/salle-de-presse\/le-bilan-de-liran-en-matiere-de-droits-de-lhomme-fait-lobjet-dun-examen-minutieux-apres-sa-nomination-a-lonu\/"]}]},{"@type":"ImageObject","inLanguage":"fr-FR","@id":"https:\/\/transformiran.com\/fr\/salle-de-presse\/le-bilan-de-liran-en-matiere-de-droits-de-lhomme-fait-lobjet-dun-examen-minutieux-apres-sa-nomination-a-lonu\/#primaryimage","url":"https:\/\/transformiran.com\/app\/uploads\/2026\/01\/IranIntl.org-regime-violence-and-systematic-killing.avif","contentUrl":"https:\/\/transformiran.com\/app\/uploads\/2026\/01\/IranIntl.org-regime-violence-and-systematic-killing.avif","width":992,"height":660},{"@type":"BreadcrumbList","@id":"https:\/\/transformiran.com\/fr\/salle-de-presse\/le-bilan-de-liran-en-matiere-de-droits-de-lhomme-fait-lobjet-dun-examen-minutieux-apres-sa-nomination-a-lonu\/#breadcrumb","itemListElement":[{"@type":"ListItem","position":1,"name":"Home","item":"https:\/\/transformiran.com\/fr\/home\/"},{"@type":"ListItem","position":2,"name":"Le bilan de l&#8217;Iran en mati\u00e8re de droits de l&#8217;homme fait l&#8217;objet d&#8217;un examen minutieux apr\u00e8s sa nomination \u00e0 l&#8217;ONU"}]},{"@type":"WebSite","@id":"https:\/\/transformiran.com\/fr\/#website","url":"https:\/\/transformiran.com\/fr\/","name":"Transform Iran","description":"Bringing the love and power of Christ to Iran - and beyond","publisher":{"@id":"https:\/\/transformiran.com\/fr\/#organization"},"potentialAction":[{"@type":"SearchAction","target":{"@type":"EntryPoint","urlTemplate":"https:\/\/transformiran.com\/fr\/?s={search_term_string}"},"query-input":{"@type":"PropertyValueSpecification","valueRequired":true,"valueName":"search_term_string"}}],"inLanguage":"fr-FR"},{"@type":"Organization","@id":"https:\/\/transformiran.com\/fr\/#organization","name":"Transform Iran","url":"https:\/\/transformiran.com\/fr\/","logo":{"@type":"ImageObject","inLanguage":"fr-FR","@id":"https:\/\/transformiran.com\/fr\/#\/schema\/logo\/image\/","url":"https:\/\/transformiran.com\/app\/uploads\/2022\/11\/logo_grey.jpg","contentUrl":"https:\/\/transformiran.com\/app\/uploads\/2022\/11\/logo_grey.jpg","width":528,"height":90,"caption":"Transform Iran"},"image":{"@id":"https:\/\/transformiran.com\/fr\/#\/schema\/logo\/image\/"},"sameAs":["https:\/\/www.facebook.com\/222MinistriesUSAInc","https:\/\/x.com\/222minint","https:\/\/www.instagram.com\/222ministriesinternational\/"]},{"@type":"Person","@id":"https:\/\/transformiran.com\/fr\/#\/schema\/person\/901d817bcb841b949dbba5fa2886bfe3","name":"Ashleigh Bedford","image":{"@type":"ImageObject","inLanguage":"fr-FR","@id":"https:\/\/secure.gravatar.com\/avatar\/fe25a0a0785840df62a592de76ed79e48013f590cc9a874b448f15b293751483?s=96&d=mm&r=g","url":"https:\/\/secure.gravatar.com\/avatar\/fe25a0a0785840df62a592de76ed79e48013f590cc9a874b448f15b293751483?s=96&d=mm&r=g","contentUrl":"https:\/\/secure.gravatar.com\/avatar\/fe25a0a0785840df62a592de76ed79e48013f590cc9a874b448f15b293751483?s=96&d=mm&r=g","caption":"Ashleigh Bedford"},"url":"https:\/\/transformiran.com\/fr\/author\/ashleigh\/"}]}},"_links":{"self":[{"href":"https:\/\/transformiran.com\/fr\/wp-json\/wp\/v2\/posts\/37767","targetHints":{"allow":["GET"]}}],"collection":[{"href":"https:\/\/transformiran.com\/fr\/wp-json\/wp\/v2\/posts"}],"about":[{"href":"https:\/\/transformiran.com\/fr\/wp-json\/wp\/v2\/types\/post"}],"author":[{"embeddable":true,"href":"https:\/\/transformiran.com\/fr\/wp-json\/wp\/v2\/users\/6"}],"replies":[{"embeddable":true,"href":"https:\/\/transformiran.com\/fr\/wp-json\/wp\/v2\/comments?post=37767"}],"version-history":[{"count":2,"href":"https:\/\/transformiran.com\/fr\/wp-json\/wp\/v2\/posts\/37767\/revisions"}],"predecessor-version":[{"id":37777,"href":"https:\/\/transformiran.com\/fr\/wp-json\/wp\/v2\/posts\/37767\/revisions\/37777"}],"wp:featuredmedia":[{"embeddable":true,"href":"https:\/\/transformiran.com\/fr\/wp-json\/wp\/v2\/media\/34614"}],"wp:attachment":[{"href":"https:\/\/transformiran.com\/fr\/wp-json\/wp\/v2\/media?parent=37767"}],"wp:term":[{"taxonomy":"category","embeddable":true,"href":"https:\/\/transformiran.com\/fr\/wp-json\/wp\/v2\/categories?post=37767"},{"taxonomy":"post_tag","embeddable":true,"href":"https:\/\/transformiran.com\/fr\/wp-json\/wp\/v2\/tags?post=37767"}],"curies":[{"name":"wp","href":"https:\/\/api.w.org\/{rel}","templated":true}]}}