{"id":13197,"date":"2023-01-26T19:01:13","date_gmt":"2023-01-26T19:01:13","guid":{"rendered":"https:\/\/transformiran.com\/okategoriserad\/iranier-moter-jesus-i-drommar-och-far-en-radikal-forvandling-jag-kan-inte-halla-tyst-om-jesus-gud-tv\/"},"modified":"2024-05-15T09:48:32","modified_gmt":"2024-05-15T08:48:32","slug":"iranier-moter-jesus-i-drommar-och-far-en-radikal-forvandling-jag-kan-inte-halla-tyst-om-jesus-gud-tv","status":"publish","type":"post","link":"https:\/\/transformiran.com\/sv\/nyhetsrum\/iranier-moter-jesus-i-drommar-och-far-en-radikal-forvandling-jag-kan-inte-halla-tyst-om-jesus-gud-tv\/","title":{"rendered":"Iranier m\u00f6ter Jesus i dr\u00f6mmar och f\u00e5r en radikal f\u00f6rvandling: &#8220;Jag kan inte h\u00e5lla tyst om Jesus&#8221;: Gud TV"},"content":{"rendered":"\n<p>av Christa<\/p>\n\n<p>Iranier m\u00f6ter Jesus p\u00e5 ett mycket ovanligt s\u00e4tt. Medan de flesta l\u00e4r sig om Jesus genom att bevittna hans n\u00e5d och fr\u00e4lsning, f\u00e5r iranierna fr\u00e4lsning genom sina dr\u00f6mmar. Tydligen m\u00f6ter Jesus dem och uppenbarar sig f\u00f6r dem n\u00e4r de sover.<\/p>\n\n<h2 class=\"wp-block-heading\"><strong>Iranier m\u00f6ter Jesus<\/strong><\/h2>\n\n<p><a href=\"https:\/\/transformiran.com\/sv\/about\/\" target=\"_blank\" rel=\"noreferrer noopener\">Transform Iran<\/a>, en organisation som fr\u00e4mst n\u00e5r ut till Iran med evangeliets transformerande kraft, vittnar om hur Gud har verkat i landet. Dess grundare Lazarus Yeghnazar ber\u00e4ttade f\u00f6r FaithWire hur iranier blir kristna p\u00e5 grund av sina \u00f6vernaturliga dr\u00f6mmar.<\/p>\n\n<p>&#8220;Det vackra med iranska kristna \u00e4r att de iranska muslimer som kommer till Kristus inte absorberar sanningen f\u00f6r sig sj\u00e4lva. De kan inte sluta prata om den&#8221;, sade han.<\/p>\n\n<p>Lasarus ber\u00e4ttade om en troende som hette Ali, som f\u00f6rf\u00f6ljdes p\u00e5 grund av sin tro. Ali ber\u00e4ttade: &#8220;Jag \u00e4r ledsen, ingen vittnade f\u00f6r mig. Jag s\u00e5g en vision av en man i vit mantel, med ett kors p\u00e5 axeln eller p\u00e5 hj\u00e4rtat, och han sa: &#8216;Jag \u00e4r Jesus&#8217;.&#8221;<\/p>\n\n<p>Sedan blev han tillsagd att inte ber\u00e4tta f\u00f6r n\u00e5gon om sin vision och sina dr\u00f6mmar, men Ali kunde inte h\u00e5lla tyst. Han kunde inte h\u00e5lla f\u00f6r sig sj\u00e4lv vad Jesus hade gjort mot honom eftersom Ali var heroinmissbrukare. Han gjorde allt f\u00f6r att sluta med sitt missbruk. Men det var bara Jesus som gjorde det. Jesus sa till Ali: &#8220;Ali, du \u00e4r en f\u00f6r\u00e4ndrad person.&#8221;<\/p>\n\n<p>Sedan dess har Alis liv f\u00f6r\u00e4ndrats.<\/p>\n\n<h2 class=\"wp-block-heading\"><strong>Vittnesm\u00e5l i dr\u00f6mmar<\/strong><\/h2>\n\n<p>Lazarus gjorde skillnad p\u00e5 omv\u00e4ndelsen till tro i v\u00e4st och Mellan\u00f6stern, s\u00e4rskilt i Iran. I v\u00e4st k\u00e4nner man Jesus tack vare evangelisation, men i Mellan\u00f6stern ser man dr\u00f6mmar.<\/p>\n\n<p>&#8220;I Mellan\u00f6stern ser m\u00e4nniskor visioner&#8221;, f\u00f6rklarade Lazarus. &#8220;I den v\u00e4sterl\u00e4ndska f\u00f6rst\u00e5elsen vill vi att allt ska vara p\u00e5tagligt, verifierbart och ansvarsfullt.&#8221;<\/p>\n\n<p>Han tillade: &#8220;Om du fr\u00e5gar en grupp iranier eller afghanska kristna: &#8216;Hur m\u00e5nga har sett dr\u00f6mmar som har p\u00e5verkats, om inte radikalt, s\u00e5 i alla fall f\u00f6rvandlats p\u00e5 grund av en vision?&#8217; [and] kommer 90 procent att r\u00e4cka upp handen. Om du fr\u00e5gar en kyrka i Wisconsin, Maryland eller Boston: &#8220;Hur m\u00e5nga m\u00e4nniskor har kommit till Kristus genom en dr\u00f6m?&#8221;, s\u00e5 svarar de: &#8220;Vad \u00e4r en dr\u00f6m?&#8221;<\/p>\n\n<p>Dessutom p\u00e5pekade Lazarus hur Gud uppenbarade sig f\u00f6r m\u00e5nga personer i Bibeln. Och att m\u00f6ta Gud i dr\u00f6mmar \u00e4r fortfarande relevant idag.<\/p>\n\n<p><em>Ursprungligen publicerad p\u00e5: <a href=\"https:\/\/godtv.com\/iranians-encounter-jesus-in-dreams\/\" target=\"_blank\" rel=\"noreferrer noopener\">God TV<\/a>.<\/em><\/p>\n","protected":false},"excerpt":{"rendered":"<p>Hur iranier m\u00f6ter Gud idag<\/p>\n","protected":false},"author":1,"featured_media":13201,"comment_status":"open","ping_status":"open","sticky":false,"template":"","format":"standard","meta":{"_acf_changed":false,"give_campaign_id":0,"om_disable_all_campaigns":false,"_mi_skip_tracking":false,"footnotes":""},"categories":[249],"tags":[214,210,209],"class_list":["post-13197","post","type-post","status-publish","format-standard","has-post-thumbnail","hentry","category-nyhetsrum","tag-fralsning","tag-iran-sv","tag-transformation-sv"],"acf":[],"yoast_head":"<!-- This site is optimized with the Yoast SEO plugin v27.3 - https:\/\/yoast.com\/product\/yoast-seo-wordpress\/ -->\n<title>Iranier m\u00f6ter Jesus i dr\u00f6mmar och f\u00e5r en radikal f\u00f6rvandling: &quot;Jag kan inte h\u00e5lla tyst om Jesus&quot;: Gud TV - Transform Iran<\/title>\n<meta name=\"robots\" content=\"index, follow, max-snippet:-1, max-image-preview:large, max-video-preview:-1\" \/>\n<link rel=\"canonical\" href=\"https:\/\/transformiran.com\/sv\/nyhetsrum\/iranier-moter-jesus-i-drommar-och-far-en-radikal-forvandling-jag-kan-inte-halla-tyst-om-jesus-gud-tv\/\" \/>\n<meta property=\"og:locale\" content=\"sv_SE\" \/>\n<meta property=\"og:type\" content=\"article\" \/>\n<meta property=\"og:title\" content=\"Iranier m\u00f6ter Jesus i dr\u00f6mmar och f\u00e5r en radikal f\u00f6rvandling: &quot;Jag kan inte h\u00e5lla tyst om Jesus&quot;: Gud TV - Transform Iran\" \/>\n<meta property=\"og:description\" content=\"Hur iranier m\u00f6ter Gud idag\" \/>\n<meta property=\"og:url\" content=\"https:\/\/transformiran.com\/sv\/nyhetsrum\/iranier-moter-jesus-i-drommar-och-far-en-radikal-forvandling-jag-kan-inte-halla-tyst-om-jesus-gud-tv\/\" \/>\n<meta property=\"og:site_name\" content=\"Transform Iran\" \/>\n<meta property=\"article:publisher\" content=\"https:\/\/www.facebook.com\/222MinistriesUSAInc\" \/>\n<meta property=\"article:published_time\" content=\"2023-01-26T19:01:13+00:00\" \/>\n<meta property=\"article:modified_time\" content=\"2024-05-15T08:48:32+00:00\" \/>\n<meta property=\"og:image\" content=\"https:\/\/transformiran.com\/app\/uploads\/2023\/07\/iranians-encounter-jesus-in-dreams.jpg\" \/>\n\t<meta property=\"og:image:width\" content=\"800\" \/>\n\t<meta property=\"og:image:height\" content=\"600\" \/>\n\t<meta property=\"og:image:type\" content=\"image\/jpeg\" \/>\n<meta name=\"author\" content=\"james\" \/>\n<meta name=\"twitter:card\" content=\"summary_large_image\" \/>\n<meta name=\"twitter:creator\" content=\"@222minint\" \/>\n<meta name=\"twitter:site\" content=\"@222minint\" \/>\n<meta name=\"twitter:label1\" content=\"Written by\" \/>\n\t<meta name=\"twitter:data1\" content=\"james\" \/>\n\t<meta name=\"twitter:label2\" content=\"Est. reading time\" \/>\n\t<meta name=\"twitter:data2\" content=\"2 minutes\" \/>\n<script type=\"application\/ld+json\" class=\"yoast-schema-graph\">{\"@context\":\"https:\\\/\\\/schema.org\",\"@graph\":[{\"@type\":\"Article\",\"@id\":\"https:\\\/\\\/transformiran.com\\\/sv\\\/nyhetsrum\\\/iranier-moter-jesus-i-drommar-och-far-en-radikal-forvandling-jag-kan-inte-halla-tyst-om-jesus-gud-tv\\\/#article\",\"isPartOf\":{\"@id\":\"https:\\\/\\\/transformiran.com\\\/sv\\\/nyhetsrum\\\/iranier-moter-jesus-i-drommar-och-far-en-radikal-forvandling-jag-kan-inte-halla-tyst-om-jesus-gud-tv\\\/\"},\"author\":{\"name\":\"james\",\"@id\":\"https:\\\/\\\/transformiran.com\\\/sv\\\/#\\\/schema\\\/person\\\/51b5b5ed6caf958771bcfc9afb0acc96\"},\"headline\":\"Iranier m\u00f6ter Jesus i dr\u00f6mmar och f\u00e5r en radikal f\u00f6rvandling: &#8220;Jag kan inte h\u00e5lla tyst om Jesus&#8221;: Gud TV\",\"datePublished\":\"2023-01-26T19:01:13+00:00\",\"dateModified\":\"2024-05-15T08:48:32+00:00\",\"mainEntityOfPage\":{\"@id\":\"https:\\\/\\\/transformiran.com\\\/sv\\\/nyhetsrum\\\/iranier-moter-jesus-i-drommar-och-far-en-radikal-forvandling-jag-kan-inte-halla-tyst-om-jesus-gud-tv\\\/\"},\"wordCount\":474,\"commentCount\":0,\"publisher\":{\"@id\":\"https:\\\/\\\/transformiran.com\\\/sv\\\/#organization\"},\"image\":{\"@id\":\"https:\\\/\\\/transformiran.com\\\/sv\\\/nyhetsrum\\\/iranier-moter-jesus-i-drommar-och-far-en-radikal-forvandling-jag-kan-inte-halla-tyst-om-jesus-gud-tv\\\/#primaryimage\"},\"thumbnailUrl\":\"https:\\\/\\\/transformiran.com\\\/app\\\/uploads\\\/2023\\\/07\\\/iranians-encounter-jesus-in-dreams.jpg\",\"keywords\":[\"Fr\u00e4lsning\",\"Iran\",\"Transformation\"],\"articleSection\":[\"Nyhetsrum\"],\"inLanguage\":\"sv-SE\",\"potentialAction\":[{\"@type\":\"CommentAction\",\"name\":\"Comment\",\"target\":[\"https:\\\/\\\/transformiran.com\\\/sv\\\/nyhetsrum\\\/iranier-moter-jesus-i-drommar-och-far-en-radikal-forvandling-jag-kan-inte-halla-tyst-om-jesus-gud-tv\\\/#respond\"]}]},{\"@type\":\"WebPage\",\"@id\":\"https:\\\/\\\/transformiran.com\\\/sv\\\/nyhetsrum\\\/iranier-moter-jesus-i-drommar-och-far-en-radikal-forvandling-jag-kan-inte-halla-tyst-om-jesus-gud-tv\\\/\",\"url\":\"https:\\\/\\\/transformiran.com\\\/sv\\\/nyhetsrum\\\/iranier-moter-jesus-i-drommar-och-far-en-radikal-forvandling-jag-kan-inte-halla-tyst-om-jesus-gud-tv\\\/\",\"name\":\"Iranier m\u00f6ter Jesus i dr\u00f6mmar och f\u00e5r en radikal f\u00f6rvandling: \\\"Jag kan inte h\u00e5lla tyst om Jesus\\\": Gud TV - Transform Iran\",\"isPartOf\":{\"@id\":\"https:\\\/\\\/transformiran.com\\\/sv\\\/#website\"},\"primaryImageOfPage\":{\"@id\":\"https:\\\/\\\/transformiran.com\\\/sv\\\/nyhetsrum\\\/iranier-moter-jesus-i-drommar-och-far-en-radikal-forvandling-jag-kan-inte-halla-tyst-om-jesus-gud-tv\\\/#primaryimage\"},\"image\":{\"@id\":\"https:\\\/\\\/transformiran.com\\\/sv\\\/nyhetsrum\\\/iranier-moter-jesus-i-drommar-och-far-en-radikal-forvandling-jag-kan-inte-halla-tyst-om-jesus-gud-tv\\\/#primaryimage\"},\"thumbnailUrl\":\"https:\\\/\\\/transformiran.com\\\/app\\\/uploads\\\/2023\\\/07\\\/iranians-encounter-jesus-in-dreams.jpg\",\"datePublished\":\"2023-01-26T19:01:13+00:00\",\"dateModified\":\"2024-05-15T08:48:32+00:00\",\"breadcrumb\":{\"@id\":\"https:\\\/\\\/transformiran.com\\\/sv\\\/nyhetsrum\\\/iranier-moter-jesus-i-drommar-och-far-en-radikal-forvandling-jag-kan-inte-halla-tyst-om-jesus-gud-tv\\\/#breadcrumb\"},\"inLanguage\":\"sv-SE\",\"potentialAction\":[{\"@type\":\"ReadAction\",\"target\":[\"https:\\\/\\\/transformiran.com\\\/sv\\\/nyhetsrum\\\/iranier-moter-jesus-i-drommar-och-far-en-radikal-forvandling-jag-kan-inte-halla-tyst-om-jesus-gud-tv\\\/\"]}]},{\"@type\":\"ImageObject\",\"inLanguage\":\"sv-SE\",\"@id\":\"https:\\\/\\\/transformiran.com\\\/sv\\\/nyhetsrum\\\/iranier-moter-jesus-i-drommar-och-far-en-radikal-forvandling-jag-kan-inte-halla-tyst-om-jesus-gud-tv\\\/#primaryimage\",\"url\":\"https:\\\/\\\/transformiran.com\\\/app\\\/uploads\\\/2023\\\/07\\\/iranians-encounter-jesus-in-dreams.jpg\",\"contentUrl\":\"https:\\\/\\\/transformiran.com\\\/app\\\/uploads\\\/2023\\\/07\\\/iranians-encounter-jesus-in-dreams.jpg\",\"width\":800,\"height\":600},{\"@type\":\"BreadcrumbList\",\"@id\":\"https:\\\/\\\/transformiran.com\\\/sv\\\/nyhetsrum\\\/iranier-moter-jesus-i-drommar-och-far-en-radikal-forvandling-jag-kan-inte-halla-tyst-om-jesus-gud-tv\\\/#breadcrumb\",\"itemListElement\":[{\"@type\":\"ListItem\",\"position\":1,\"name\":\"Home\",\"item\":\"https:\\\/\\\/transformiran.com\\\/sv\\\/home\\\/\"},{\"@type\":\"ListItem\",\"position\":2,\"name\":\"Iranier m\u00f6ter Jesus i dr\u00f6mmar och f\u00e5r en radikal f\u00f6rvandling: &#8220;Jag kan inte h\u00e5lla tyst om Jesus&#8221;: Gud TV\"}]},{\"@type\":\"WebSite\",\"@id\":\"https:\\\/\\\/transformiran.com\\\/sv\\\/#website\",\"url\":\"https:\\\/\\\/transformiran.com\\\/sv\\\/\",\"name\":\"Transform Iran\",\"description\":\"Bringing the love and power of Christ to Iran - and beyond\",\"publisher\":{\"@id\":\"https:\\\/\\\/transformiran.com\\\/sv\\\/#organization\"},\"potentialAction\":[{\"@type\":\"SearchAction\",\"target\":{\"@type\":\"EntryPoint\",\"urlTemplate\":\"https:\\\/\\\/transformiran.com\\\/sv\\\/?s={search_term_string}\"},\"query-input\":{\"@type\":\"PropertyValueSpecification\",\"valueRequired\":true,\"valueName\":\"search_term_string\"}}],\"inLanguage\":\"sv-SE\"},{\"@type\":\"Organization\",\"@id\":\"https:\\\/\\\/transformiran.com\\\/sv\\\/#organization\",\"name\":\"Transform Iran\",\"url\":\"https:\\\/\\\/transformiran.com\\\/sv\\\/\",\"logo\":{\"@type\":\"ImageObject\",\"inLanguage\":\"sv-SE\",\"@id\":\"https:\\\/\\\/transformiran.com\\\/sv\\\/#\\\/schema\\\/logo\\\/image\\\/\",\"url\":\"https:\\\/\\\/transformiran.com\\\/app\\\/uploads\\\/2022\\\/11\\\/logo_grey.jpg\",\"contentUrl\":\"https:\\\/\\\/transformiran.com\\\/app\\\/uploads\\\/2022\\\/11\\\/logo_grey.jpg\",\"width\":528,\"height\":90,\"caption\":\"Transform Iran\"},\"image\":{\"@id\":\"https:\\\/\\\/transformiran.com\\\/sv\\\/#\\\/schema\\\/logo\\\/image\\\/\"},\"sameAs\":[\"https:\\\/\\\/www.facebook.com\\\/222MinistriesUSAInc\",\"https:\\\/\\\/x.com\\\/222minint\",\"https:\\\/\\\/www.instagram.com\\\/222ministriesinternational\\\/\"]},{\"@type\":\"Person\",\"@id\":\"https:\\\/\\\/transformiran.com\\\/sv\\\/#\\\/schema\\\/person\\\/51b5b5ed6caf958771bcfc9afb0acc96\",\"name\":\"james\",\"image\":{\"@type\":\"ImageObject\",\"inLanguage\":\"sv-SE\",\"@id\":\"https:\\\/\\\/secure.gravatar.com\\\/avatar\\\/752be0141945211c64f94e6fe4d78fb210f477bd94d5a594c5891bfd66e4c6e2?s=96&d=mm&r=g\",\"url\":\"https:\\\/\\\/secure.gravatar.com\\\/avatar\\\/752be0141945211c64f94e6fe4d78fb210f477bd94d5a594c5891bfd66e4c6e2?s=96&d=mm&r=g\",\"contentUrl\":\"https:\\\/\\\/secure.gravatar.com\\\/avatar\\\/752be0141945211c64f94e6fe4d78fb210f477bd94d5a594c5891bfd66e4c6e2?s=96&d=mm&r=g\",\"caption\":\"james\"},\"sameAs\":[\"https:\\\/\\\/transformiran.com\\\/wp\"],\"url\":\"https:\\\/\\\/transformiran.com\\\/sv\\\/author\\\/james\\\/\"}]}<\/script>\n<!-- \/ Yoast SEO plugin. -->","yoast_head_json":{"title":"Iranier m\u00f6ter Jesus i dr\u00f6mmar och f\u00e5r en radikal f\u00f6rvandling: \"Jag kan inte h\u00e5lla tyst om Jesus\": Gud TV - Transform Iran","robots":{"index":"index","follow":"follow","max-snippet":"max-snippet:-1","max-image-preview":"max-image-preview:large","max-video-preview":"max-video-preview:-1"},"canonical":"https:\/\/transformiran.com\/sv\/nyhetsrum\/iranier-moter-jesus-i-drommar-och-far-en-radikal-forvandling-jag-kan-inte-halla-tyst-om-jesus-gud-tv\/","og_locale":"sv_SE","og_type":"article","og_title":"Iranier m\u00f6ter Jesus i dr\u00f6mmar och f\u00e5r en radikal f\u00f6rvandling: \"Jag kan inte h\u00e5lla tyst om Jesus\": Gud TV - Transform Iran","og_description":"Hur iranier m\u00f6ter Gud idag","og_url":"https:\/\/transformiran.com\/sv\/nyhetsrum\/iranier-moter-jesus-i-drommar-och-far-en-radikal-forvandling-jag-kan-inte-halla-tyst-om-jesus-gud-tv\/","og_site_name":"Transform Iran","article_publisher":"https:\/\/www.facebook.com\/222MinistriesUSAInc","article_published_time":"2023-01-26T19:01:13+00:00","article_modified_time":"2024-05-15T08:48:32+00:00","og_image":[{"width":800,"height":600,"url":"https:\/\/transformiran.com\/app\/uploads\/2023\/07\/iranians-encounter-jesus-in-dreams.jpg","type":"image\/jpeg"}],"author":"james","twitter_card":"summary_large_image","twitter_creator":"@222minint","twitter_site":"@222minint","twitter_misc":{"Written by":"james","Est. reading time":"2 minutes"},"schema":{"@context":"https:\/\/schema.org","@graph":[{"@type":"Article","@id":"https:\/\/transformiran.com\/sv\/nyhetsrum\/iranier-moter-jesus-i-drommar-och-far-en-radikal-forvandling-jag-kan-inte-halla-tyst-om-jesus-gud-tv\/#article","isPartOf":{"@id":"https:\/\/transformiran.com\/sv\/nyhetsrum\/iranier-moter-jesus-i-drommar-och-far-en-radikal-forvandling-jag-kan-inte-halla-tyst-om-jesus-gud-tv\/"},"author":{"name":"james","@id":"https:\/\/transformiran.com\/sv\/#\/schema\/person\/51b5b5ed6caf958771bcfc9afb0acc96"},"headline":"Iranier m\u00f6ter Jesus i dr\u00f6mmar och f\u00e5r en radikal f\u00f6rvandling: &#8220;Jag kan inte h\u00e5lla tyst om Jesus&#8221;: Gud TV","datePublished":"2023-01-26T19:01:13+00:00","dateModified":"2024-05-15T08:48:32+00:00","mainEntityOfPage":{"@id":"https:\/\/transformiran.com\/sv\/nyhetsrum\/iranier-moter-jesus-i-drommar-och-far-en-radikal-forvandling-jag-kan-inte-halla-tyst-om-jesus-gud-tv\/"},"wordCount":474,"commentCount":0,"publisher":{"@id":"https:\/\/transformiran.com\/sv\/#organization"},"image":{"@id":"https:\/\/transformiran.com\/sv\/nyhetsrum\/iranier-moter-jesus-i-drommar-och-far-en-radikal-forvandling-jag-kan-inte-halla-tyst-om-jesus-gud-tv\/#primaryimage"},"thumbnailUrl":"https:\/\/transformiran.com\/app\/uploads\/2023\/07\/iranians-encounter-jesus-in-dreams.jpg","keywords":["Fr\u00e4lsning","Iran","Transformation"],"articleSection":["Nyhetsrum"],"inLanguage":"sv-SE","potentialAction":[{"@type":"CommentAction","name":"Comment","target":["https:\/\/transformiran.com\/sv\/nyhetsrum\/iranier-moter-jesus-i-drommar-och-far-en-radikal-forvandling-jag-kan-inte-halla-tyst-om-jesus-gud-tv\/#respond"]}]},{"@type":"WebPage","@id":"https:\/\/transformiran.com\/sv\/nyhetsrum\/iranier-moter-jesus-i-drommar-och-far-en-radikal-forvandling-jag-kan-inte-halla-tyst-om-jesus-gud-tv\/","url":"https:\/\/transformiran.com\/sv\/nyhetsrum\/iranier-moter-jesus-i-drommar-och-far-en-radikal-forvandling-jag-kan-inte-halla-tyst-om-jesus-gud-tv\/","name":"Iranier m\u00f6ter Jesus i dr\u00f6mmar och f\u00e5r en radikal f\u00f6rvandling: \"Jag kan inte h\u00e5lla tyst om Jesus\": Gud TV - Transform Iran","isPartOf":{"@id":"https:\/\/transformiran.com\/sv\/#website"},"primaryImageOfPage":{"@id":"https:\/\/transformiran.com\/sv\/nyhetsrum\/iranier-moter-jesus-i-drommar-och-far-en-radikal-forvandling-jag-kan-inte-halla-tyst-om-jesus-gud-tv\/#primaryimage"},"image":{"@id":"https:\/\/transformiran.com\/sv\/nyhetsrum\/iranier-moter-jesus-i-drommar-och-far-en-radikal-forvandling-jag-kan-inte-halla-tyst-om-jesus-gud-tv\/#primaryimage"},"thumbnailUrl":"https:\/\/transformiran.com\/app\/uploads\/2023\/07\/iranians-encounter-jesus-in-dreams.jpg","datePublished":"2023-01-26T19:01:13+00:00","dateModified":"2024-05-15T08:48:32+00:00","breadcrumb":{"@id":"https:\/\/transformiran.com\/sv\/nyhetsrum\/iranier-moter-jesus-i-drommar-och-far-en-radikal-forvandling-jag-kan-inte-halla-tyst-om-jesus-gud-tv\/#breadcrumb"},"inLanguage":"sv-SE","potentialAction":[{"@type":"ReadAction","target":["https:\/\/transformiran.com\/sv\/nyhetsrum\/iranier-moter-jesus-i-drommar-och-far-en-radikal-forvandling-jag-kan-inte-halla-tyst-om-jesus-gud-tv\/"]}]},{"@type":"ImageObject","inLanguage":"sv-SE","@id":"https:\/\/transformiran.com\/sv\/nyhetsrum\/iranier-moter-jesus-i-drommar-och-far-en-radikal-forvandling-jag-kan-inte-halla-tyst-om-jesus-gud-tv\/#primaryimage","url":"https:\/\/transformiran.com\/app\/uploads\/2023\/07\/iranians-encounter-jesus-in-dreams.jpg","contentUrl":"https:\/\/transformiran.com\/app\/uploads\/2023\/07\/iranians-encounter-jesus-in-dreams.jpg","width":800,"height":600},{"@type":"BreadcrumbList","@id":"https:\/\/transformiran.com\/sv\/nyhetsrum\/iranier-moter-jesus-i-drommar-och-far-en-radikal-forvandling-jag-kan-inte-halla-tyst-om-jesus-gud-tv\/#breadcrumb","itemListElement":[{"@type":"ListItem","position":1,"name":"Home","item":"https:\/\/transformiran.com\/sv\/home\/"},{"@type":"ListItem","position":2,"name":"Iranier m\u00f6ter Jesus i dr\u00f6mmar och f\u00e5r en radikal f\u00f6rvandling: &#8220;Jag kan inte h\u00e5lla tyst om Jesus&#8221;: Gud TV"}]},{"@type":"WebSite","@id":"https:\/\/transformiran.com\/sv\/#website","url":"https:\/\/transformiran.com\/sv\/","name":"Transform Iran","description":"Bringing the love and power of Christ to Iran - and beyond","publisher":{"@id":"https:\/\/transformiran.com\/sv\/#organization"},"potentialAction":[{"@type":"SearchAction","target":{"@type":"EntryPoint","urlTemplate":"https:\/\/transformiran.com\/sv\/?s={search_term_string}"},"query-input":{"@type":"PropertyValueSpecification","valueRequired":true,"valueName":"search_term_string"}}],"inLanguage":"sv-SE"},{"@type":"Organization","@id":"https:\/\/transformiran.com\/sv\/#organization","name":"Transform Iran","url":"https:\/\/transformiran.com\/sv\/","logo":{"@type":"ImageObject","inLanguage":"sv-SE","@id":"https:\/\/transformiran.com\/sv\/#\/schema\/logo\/image\/","url":"https:\/\/transformiran.com\/app\/uploads\/2022\/11\/logo_grey.jpg","contentUrl":"https:\/\/transformiran.com\/app\/uploads\/2022\/11\/logo_grey.jpg","width":528,"height":90,"caption":"Transform Iran"},"image":{"@id":"https:\/\/transformiran.com\/sv\/#\/schema\/logo\/image\/"},"sameAs":["https:\/\/www.facebook.com\/222MinistriesUSAInc","https:\/\/x.com\/222minint","https:\/\/www.instagram.com\/222ministriesinternational\/"]},{"@type":"Person","@id":"https:\/\/transformiran.com\/sv\/#\/schema\/person\/51b5b5ed6caf958771bcfc9afb0acc96","name":"james","image":{"@type":"ImageObject","inLanguage":"sv-SE","@id":"https:\/\/secure.gravatar.com\/avatar\/752be0141945211c64f94e6fe4d78fb210f477bd94d5a594c5891bfd66e4c6e2?s=96&d=mm&r=g","url":"https:\/\/secure.gravatar.com\/avatar\/752be0141945211c64f94e6fe4d78fb210f477bd94d5a594c5891bfd66e4c6e2?s=96&d=mm&r=g","contentUrl":"https:\/\/secure.gravatar.com\/avatar\/752be0141945211c64f94e6fe4d78fb210f477bd94d5a594c5891bfd66e4c6e2?s=96&d=mm&r=g","caption":"james"},"sameAs":["https:\/\/transformiran.com\/wp"],"url":"https:\/\/transformiran.com\/sv\/author\/james\/"}]}},"_links":{"self":[{"href":"https:\/\/transformiran.com\/sv\/wp-json\/wp\/v2\/posts\/13197","targetHints":{"allow":["GET"]}}],"collection":[{"href":"https:\/\/transformiran.com\/sv\/wp-json\/wp\/v2\/posts"}],"about":[{"href":"https:\/\/transformiran.com\/sv\/wp-json\/wp\/v2\/types\/post"}],"author":[{"embeddable":true,"href":"https:\/\/transformiran.com\/sv\/wp-json\/wp\/v2\/users\/1"}],"replies":[{"embeddable":true,"href":"https:\/\/transformiran.com\/sv\/wp-json\/wp\/v2\/comments?post=13197"}],"version-history":[{"count":0,"href":"https:\/\/transformiran.com\/sv\/wp-json\/wp\/v2\/posts\/13197\/revisions"}],"wp:featuredmedia":[{"embeddable":true,"href":"https:\/\/transformiran.com\/sv\/wp-json\/wp\/v2\/media\/13201"}],"wp:attachment":[{"href":"https:\/\/transformiran.com\/sv\/wp-json\/wp\/v2\/media?parent=13197"}],"wp:term":[{"taxonomy":"category","embeddable":true,"href":"https:\/\/transformiran.com\/sv\/wp-json\/wp\/v2\/categories?post=13197"},{"taxonomy":"post_tag","embeddable":true,"href":"https:\/\/transformiran.com\/sv\/wp-json\/wp\/v2\/tags?post=13197"}],"curies":[{"name":"wp","href":"https:\/\/api.w.org\/{rel}","templated":true}]}}