{"id":13334,"date":"2023-07-05T18:02:20","date_gmt":"2023-07-05T17:02:20","guid":{"rendered":"https:\/\/transformiran.com\/okategoriserad\/iraniernas-totala-trosbekannelse-gor-det-svart-for-dem-att-fa-tillbaka-sin-trosbekannelse-cvandaag\/"},"modified":"2024-05-15T09:49:24","modified_gmt":"2024-05-15T08:49:24","slug":"iraniernas-totala-trosbekannelse-gor-det-svart-for-dem-att-fa-tillbaka-sin-trosbekannelse-cvandaag","status":"publish","type":"post","link":"https:\/\/transformiran.com\/sv\/nyhetsrum\/iraniernas-totala-trosbekannelse-gor-det-svart-for-dem-att-fa-tillbaka-sin-trosbekannelse-cvandaag\/","title":{"rendered":"Iraniernas totala trosbek\u00e4nnelse g\u00f6r det sv\u00e5rt f\u00f6r dem att f\u00e5 tillbaka sin trosbek\u00e4nnelse: cvandaag"},"content":{"rendered":"\n<p>av Mari\u00ebtte Oosterhoff<\/p>\n\n<p>&#8220;Niemand f\u00e5r denna vecka l\u00e4mna byggnaden. Det \u00e4r den f\u00f6rsta morgonen av den irakiska kvinnokonferensen fr\u00e5n Transform Iran. De huishoudregels worden doorgenomen en ik moet wel even slikken bij deze opmerking. Vi \u00e4r ergens in het Midden-Oosten. Later hoor ik dat er vaak spionnen van de Iraanse regering aanwezig zijn bij diensten en conferenties of rondlopen in de omgeving. Ze houden de Irani\u00ebrs in de gaten. Det \u00e4r verdacht als er veel buitenlanders in- en uitlopen. \u00c4ven de gevluchte Irani\u00ebrs die aanwezig zijn kunnen gevaar lopen. Een paar jaar geleden gingen twee bezoekers rechtstreeks de gevangenis in bij thuiskomst in Iran.<\/p>\n\n<p>Jag \u00e4r denna vecka p\u00e5 en kvinnokonferens fr\u00e5n Transform Iran om det arbete som de g\u00f6r b\u00e4ttre att l\u00e4ra sig f\u00f6rst\u00e5. Elke maand schrijf ik hun nieuwsbrief. Ber\u00e4ttelserna om den snabbv\u00e4xande Iraankyrkan \u00e4r k\u00e4nda f\u00f6r mig, men jag \u00e4r \u00e4nd\u00e5 f\u00f6rv\u00e5nad \u00f6ver de personliga ber\u00e4ttelserna. Hur \u00e4r dessa kvinnor med en moslimachtergrond till geloof gekomen en hoe gaat het nu met ze?<\/p>\n\n<p><strong>Onderwijzeres i Iran<\/strong><br\/>Den f\u00f6rsta kvinnan som jag talar med mellan de spridda d\u00f6rrarna \u00e4r Elena. Zij is lerares op een basisschool. Ze verloor haar vader op haar zeventiende. Ze miste hem enormt och skrev hennes verdriet ut i hennes dagbok d\u00e4r ze varje stukje b\u00f6rjade med aanhef &#8220;aan mijn lieve vader in de hemel&#8221;. Toen ze op een dag haar vader erg miste kwam haar zwager langs. Hans hela utstr\u00e5lning var f\u00f6r\u00e4ndrad. Ze vroeg hem ernaar en hij zei tegen haar: &#8220;Ik heb de ware God gevonden. Elena zag de vrede bij haar zwager en wilde dat ook. Haar zwager vroeg: &#8220;Wil jij een vader in je leven ervaren?&#8221;.<\/p>\n\n<p>Elena var en toegewijd muslim. Ze bad tre g\u00e5nger per dag, vastte en las de Koran. Ze antwoordde haar zwager: &#8220;De Gud waar jij over praat, die wil ik leren kennen. Brodern tog Elena och hennes man hem till en kristen v\u00e4n. Elena fick en Bijbel och det f\u00f6rsta hon l\u00e4ste var Psalm 139. Elena vertelde hoe God tot haar sprak in een droom. Ze kwam tot geloof. Toen haar moeder ontdekte dat ze alle schilderijen met Koranverzen en gebedstapijten uit haar huis had verwijderd, schold ze Elena uit voor godslasteraar en een tijd lang verbood ze Elena in haar huis te komen. \u00c4ven haar baas valt het op hoe kalm en liefdevol ze omgaat met haar klas. Ze bidt voor haar klas. N\u00e4r Elena f\u00e5r sin kansf\u00f6rklaring ber\u00e4ttar hon f\u00f6r sina barn om Jesus (som de k\u00e4nner till). Och \u00f6ver betydelsen av korset. Elena \u00e4r p\u00e5 den f\u00f6reg\u00e5ende konferensen gedoopt.<\/p>\n\n<p><strong>Varje dag hijab dragen \u00e4r sv\u00e5rt<\/strong><br\/>Het leven is zwaar in Iran. Varje dag \u00e4r en hijab dragen v\u00e4ldigt sv\u00e5r, ber\u00e4ttar Elena. Det g\u00f6r att du k\u00e4nner dig mycket mindre v\u00e4rd \u00e4n en tweederangsburgare. Ze had niet meegedaan met de demonstraties omdat haar baan als onderwijzeres (die ze als een roeping ervaart) niet wil riskeren. P\u00e5 min fr\u00e5ga om han n\u00e5got f\u00f6r\u00e4ndrats i Iran glimtar hon och s\u00e4ger: &#8220;Jazeker, jag f\u00e5r nu f\u00f6r\u00e4ldrar i den klass som jag uttryckligen fr\u00e5gar ingen undervisning att ge ut ur Koranen eller \u00f6ver islam.<\/p>\n\n<p><strong>Hur hittar dessa muslimska kvinnor i Irak information om Gud?<\/strong><br\/>Jag vill ber\u00e4tta om en Bijbel som i en buss blir bakbunden. En kristlig grannfru som \u00f6ppnar sitt hj\u00e4rta f\u00f6r sin muslimska grannfru och kansliet f\u00e5r henne att ber\u00e4tta om Jesus. God spreekt door de vrouwen via dromen en visioenen. Jag har pagina&#8217;s volg getypt med de visioenen som kvinnorna fick av Gud. De v\u00e4rsta kom d\u00e4refter till geloof. Iranier hittar online mycket information om Bijbel. Du hittar webbplatsen, apparna, programmen och onlinekyrkan fr\u00e5n Transform Iran. Tot geloof gekomen Irani\u00ebrs vinden het moeilijk om hun geloof te verbergen. Ofta \u00e4r det te zien aan hun uitstraling (ze stralen!) en de vrede die ze hebben gevonden.<\/p>\n\n<p>Sanaz&#8217; zwager hittade en Bijbel i bussen och gav den till henne. Tre \u00e5r l\u00e5ng bestudeerde ze het christendom. Ze was een moslim, ze vastte, bad drie keer per dag, las de Koran \u00e9n de Bijbel. Parisa var en framg\u00e5ngsrik psykoterapeut. Toen ze verhuisde en problemen med haar broer kreeg, var haar buurvrouw er voor haar. De buurvrouw gaf haar een Bijbel en elke dag las ze tien hoofdstukken uit de Bijbel. Totdat God zo krachtig tot haar sprak in een droom dat ze niet anders kon dan tot geloof komen.<\/p>\n\n<p>Simins dotter luisterde via oordopjes till gospelmuziek. Simin uppt\u00e4ckte det och blev nyfiken. Haar dotter gav ocks\u00e5 gospelmuziek om naar te luisteren i de auto och tillsammans gick de till ett hus d\u00e4r andra christenen var. Simin fick svar p\u00e5 alla hennes fr\u00e5gor. Alla kvinnor som jag sprakade fick visioenen och dromen fr\u00e5n Gud.<\/p>\n\n<p><strong>Sj\u00e4lvportr\u00e4tt av m\u00e5nga kvinnor fr\u00e5n Irak vid utgr\u00e4vningen<\/strong><br\/>&#8220;Ocks\u00e5 allt g\u00e5r de helt f\u00f6r Jezus, men det \u00e4r \u00e4nd\u00e5 m\u00e5nga saker som vi m\u00e5ste l\u00e4ra oss&#8221;, ber\u00e4ttar Dana mij. Genom missbruk, v\u00e5ld och undertryckning ligger ofta hennes sj\u00e4lvbild p\u00e5 diggelen, och det \u00e4r det \u00e4r v\u00e5r uppgift om att dat weer stap f\u00f6r stap op te bouwen.<\/p>\n\n<p>Jag talade med Dana, hon \u00e4r r\u00e5dgivare och talade p\u00e5 konferensen. Och \u00e4ven om vi delar en kameran, jag zie haar niet veel. Ze neemt voor alle vrouwen even tijd voor een persoonlijk gesprek. Elke vrouw die tot geloof gekomen is en online contact opneemt met bijvoorbeeld de onlinekerk van Transform Iran kan f\u00e5 en-op-\u00e9\u00e9n-r\u00e5dgivning. Dana vertelt me dat veel Iraanse vrouwen een ontzettend laag zelfbeeld hebben en zichzelf haten. Kvinnor i Iran \u00e4r mindre v\u00e4rda \u00e4n m\u00e4n och blir ofta sedda som bruksf\u00f6rem\u00e5l. M\u00e5nga flickor \u00e4r sexuellt misshandlade i sin barntid. Kvinnor som inte direkt g\u00f6r vad hennes man beg\u00e4r blir geslagen.<\/p>\n\n<p><strong>Bijgeloof och leugens<\/strong><br\/>Dana doet de cursus &#8216;Vrijheid in Christus&#8217; met deze vrouwen. Dana s\u00e4ger: det som du tycker \u00e4r viktigt har du bildat. En ook al gaan ze helemaal voor Christus toch moeten ze nog veel leren over bijgeloof (koffielezen, kwaad oog etc.). Som muslim t\u00e4nker de att de zwaar blir gestraft vid en leugen, att Gud inte fr\u00e5n dem h\u00e5ller etc. Alla dessa leugens m\u00e5ste vara ingeruild f\u00f6r Gods waarheid.<\/p>\n\n<p><strong>Turkiet \u00e4r \u00f6ppet Iran<\/strong><br\/>Jag m\u00f6ter under konferensen ocks\u00e5 m\u00e5nga kvinnor som nu i ett annat land lever som balling. Ze vluchtten soms voor een gewelddadige echtgenoot of broer en meestal voor de regering die dreigde hen in de gevangenis te zetten. Jag talade med Andre, samordnare f\u00f6r den irakiska kyrkan i Turkiet. Han \u00e4r sj\u00e4lv armenier, men n\u00e4r han och hans kvinna som ledare f\u00f6r den armeiska protestantiska kyrkan i Iran evangeliserade bland muslimer m\u00e5ste de i slut\u00e4ndan l\u00e4mna landet f\u00f6r att f\u00f6rhindra en f\u00e4ngelsestraff.<\/p>\n\n<p>Andre vertelt dat er jaarlijks ruim drie miljoen Irani\u00ebrs Turkije bezoeken voor zaken of als toerist. De Iraanse kerk in Turkije gebruikt die kans en evangeliseert op straat in Turkije onder toeristen. Hij laat mij een mok zien met daarop een QR-code naar de app van Transform Iran. &#8220;Elke Irani\u00ebr som reser till Turkiet \u00e4r garanterat ingen Bijbel att ta emot. Med denna mok kan vi ocks\u00e5 visa dem p\u00e5 Evangeliet. Tv\u00e5 \u00e5r geleden \u00e4r er twee echtparen teruggegaan naar Iran om daar mensen uit te nodigen en over Jezus te praten. Tack vare detta kunde vi f\u00f6rra \u00e5ret 143 m\u00e4nniskor dopen.<\/p>\n\n<p>Om de gevluchte Irani\u00ebrs ber\u00e4ttar han: &#8220;De flesta Irani\u00ebrs som \u00e4r d\u00f6pta och lever i Turkiet \u00e4r deprimerade. Vi hj\u00e4lper dem, ger dem r\u00e5d. Och n\u00e4r de \u00e4r redo f\u00f6r sin rusten vi ze toe som evangelist. Turkiet \u00e4r f\u00f6r de mest besvikna iranierna ett genomg\u00e5ngsland. Men inte f\u00f6r Andre och hans fru. &#8220;Vi hade allting i Amerika kunnat bo, men vi stannar i Turkiet. Vill att vi ska h\u00e5lla oss n\u00e4ra v\u00e5rt land. N\u00e4r d\u00f6rrarna \u00f6ppnas g\u00e5r vi tillbaka. Vi bereiden ons daarop voor. Ett befriat Iran \u00e4r visionen f\u00f6r Andre och m\u00e5nga irakiska kristna.<\/p>\n\n<p><em>Ursprungligen publicerad p\u00e5: <a href=\"https:\/\/cvandaag.nl\/premium\/96824-tot-geloof-gekomen-iraniers-vinden-het-moeilijk-om-hun-geloof-te-verbergen\/T0sCAwQBCikgb0scERlKcxARFxU\" target=\"_blank\" rel=\"noreferrer noopener\">cvandaag<\/a>.<\/em><\/p>\n","protected":false},"excerpt":{"rendered":"<p>L\u00e4s Mariettes passionerade personliga ber\u00e4ttelse om att tr\u00e4ffa kvinnor p\u00e5 ett hemligt utbildningsevenemang f\u00f6r ledarskapsutveckling i Mellan\u00f6stern i denna holl\u00e4ndska artikel<\/p>\n","protected":false},"author":4,"featured_media":13341,"comment_status":"open","ping_status":"open","sticky":false,"template":"","format":"standard","meta":{"_acf_changed":false,"give_campaign_id":0,"om_disable_all_campaigns":false,"_mi_skip_tracking":false,"footnotes":""},"categories":[249],"tags":[215,234,210,211,208,232],"class_list":["post-13334","post","type-post","status-publish","format-standard","has-post-thumbnail","hentry","category-nyhetsrum","tag-discipleship-sv","tag-flyktingar","tag-iran-sv","tag-kvinnor","tag-leadership-development-sv","tag-turkiet"],"acf":[],"yoast_head":"<!-- This site is optimized with the Yoast SEO plugin v27.3 - https:\/\/yoast.com\/product\/yoast-seo-wordpress\/ -->\n<title>Iraniernas totala trosbek\u00e4nnelse g\u00f6r det sv\u00e5rt f\u00f6r dem att f\u00e5 tillbaka sin trosbek\u00e4nnelse: cvandaag - Transform Iran<\/title>\n<meta name=\"robots\" content=\"index, follow, max-snippet:-1, max-image-preview:large, max-video-preview:-1\" \/>\n<link rel=\"canonical\" href=\"https:\/\/transformiran.com\/sv\/nyhetsrum\/iraniernas-totala-trosbekannelse-gor-det-svart-for-dem-att-fa-tillbaka-sin-trosbekannelse-cvandaag\/\" \/>\n<meta property=\"og:locale\" content=\"sv_SE\" \/>\n<meta property=\"og:type\" content=\"article\" \/>\n<meta property=\"og:title\" content=\"Iraniernas totala trosbek\u00e4nnelse g\u00f6r det sv\u00e5rt f\u00f6r dem att f\u00e5 tillbaka sin trosbek\u00e4nnelse: cvandaag - Transform Iran\" \/>\n<meta property=\"og:description\" content=\"L\u00e4s Mariettes passionerade personliga ber\u00e4ttelse om att tr\u00e4ffa kvinnor p\u00e5 ett hemligt utbildningsevenemang f\u00f6r ledarskapsutveckling i Mellan\u00f6stern i denna holl\u00e4ndska artikel\" \/>\n<meta property=\"og:url\" content=\"https:\/\/transformiran.com\/sv\/nyhetsrum\/iraniernas-totala-trosbekannelse-gor-det-svart-for-dem-att-fa-tillbaka-sin-trosbekannelse-cvandaag\/\" \/>\n<meta property=\"og:site_name\" content=\"Transform Iran\" \/>\n<meta property=\"article:publisher\" content=\"https:\/\/www.facebook.com\/222MinistriesUSAInc\" \/>\n<meta property=\"article:published_time\" content=\"2023-07-05T17:02:20+00:00\" \/>\n<meta property=\"article:modified_time\" content=\"2024-05-15T08:49:24+00:00\" \/>\n<meta property=\"og:image\" content=\"https:\/\/transformiran.com\/app\/uploads\/2023\/08\/a0136a80704522e5048610bd63b064d8.jpg\" \/>\n\t<meta property=\"og:image:width\" content=\"755\" \/>\n\t<meta property=\"og:image:height\" content=\"479\" \/>\n\t<meta property=\"og:image:type\" content=\"image\/jpeg\" \/>\n<meta name=\"author\" content=\"Lana Silk\" \/>\n<meta name=\"twitter:card\" content=\"summary_large_image\" \/>\n<meta name=\"twitter:creator\" content=\"@222minint\" \/>\n<meta name=\"twitter:site\" content=\"@222minint\" \/>\n<meta name=\"twitter:label1\" content=\"Written by\" \/>\n\t<meta name=\"twitter:data1\" content=\"Lana Silk\" \/>\n\t<meta name=\"twitter:label2\" content=\"Est. reading time\" \/>\n\t<meta name=\"twitter:data2\" content=\"7 minutes\" \/>\n<script type=\"application\/ld+json\" class=\"yoast-schema-graph\">{\"@context\":\"https:\\\/\\\/schema.org\",\"@graph\":[{\"@type\":\"Article\",\"@id\":\"https:\\\/\\\/transformiran.com\\\/sv\\\/nyhetsrum\\\/iraniernas-totala-trosbekannelse-gor-det-svart-for-dem-att-fa-tillbaka-sin-trosbekannelse-cvandaag\\\/#article\",\"isPartOf\":{\"@id\":\"https:\\\/\\\/transformiran.com\\\/sv\\\/nyhetsrum\\\/iraniernas-totala-trosbekannelse-gor-det-svart-for-dem-att-fa-tillbaka-sin-trosbekannelse-cvandaag\\\/\"},\"author\":{\"name\":\"Lana Silk\",\"@id\":\"https:\\\/\\\/transformiran.com\\\/sv\\\/#\\\/schema\\\/person\\\/c0e1862a6f8592d7945bcb851b52cd9c\"},\"headline\":\"Iraniernas totala trosbek\u00e4nnelse g\u00f6r det sv\u00e5rt f\u00f6r dem att f\u00e5 tillbaka sin trosbek\u00e4nnelse: cvandaag\",\"datePublished\":\"2023-07-05T17:02:20+00:00\",\"dateModified\":\"2024-05-15T08:49:24+00:00\",\"mainEntityOfPage\":{\"@id\":\"https:\\\/\\\/transformiran.com\\\/sv\\\/nyhetsrum\\\/iraniernas-totala-trosbekannelse-gor-det-svart-for-dem-att-fa-tillbaka-sin-trosbekannelse-cvandaag\\\/\"},\"wordCount\":1450,\"commentCount\":0,\"publisher\":{\"@id\":\"https:\\\/\\\/transformiran.com\\\/sv\\\/#organization\"},\"image\":{\"@id\":\"https:\\\/\\\/transformiran.com\\\/sv\\\/nyhetsrum\\\/iraniernas-totala-trosbekannelse-gor-det-svart-for-dem-att-fa-tillbaka-sin-trosbekannelse-cvandaag\\\/#primaryimage\"},\"thumbnailUrl\":\"https:\\\/\\\/transformiran.com\\\/app\\\/uploads\\\/2023\\\/08\\\/a0136a80704522e5048610bd63b064d8.jpg\",\"keywords\":[\"Discipleship\",\"Flyktingar\",\"Iran\",\"Kvinnor\",\"Leadership Development\",\"Turkiet\"],\"articleSection\":[\"Nyhetsrum\"],\"inLanguage\":\"sv-SE\",\"potentialAction\":[{\"@type\":\"CommentAction\",\"name\":\"Comment\",\"target\":[\"https:\\\/\\\/transformiran.com\\\/sv\\\/nyhetsrum\\\/iraniernas-totala-trosbekannelse-gor-det-svart-for-dem-att-fa-tillbaka-sin-trosbekannelse-cvandaag\\\/#respond\"]}]},{\"@type\":\"WebPage\",\"@id\":\"https:\\\/\\\/transformiran.com\\\/sv\\\/nyhetsrum\\\/iraniernas-totala-trosbekannelse-gor-det-svart-for-dem-att-fa-tillbaka-sin-trosbekannelse-cvandaag\\\/\",\"url\":\"https:\\\/\\\/transformiran.com\\\/sv\\\/nyhetsrum\\\/iraniernas-totala-trosbekannelse-gor-det-svart-for-dem-att-fa-tillbaka-sin-trosbekannelse-cvandaag\\\/\",\"name\":\"Iraniernas totala trosbek\u00e4nnelse g\u00f6r det sv\u00e5rt f\u00f6r dem att f\u00e5 tillbaka sin trosbek\u00e4nnelse: cvandaag - Transform Iran\",\"isPartOf\":{\"@id\":\"https:\\\/\\\/transformiran.com\\\/sv\\\/#website\"},\"primaryImageOfPage\":{\"@id\":\"https:\\\/\\\/transformiran.com\\\/sv\\\/nyhetsrum\\\/iraniernas-totala-trosbekannelse-gor-det-svart-for-dem-att-fa-tillbaka-sin-trosbekannelse-cvandaag\\\/#primaryimage\"},\"image\":{\"@id\":\"https:\\\/\\\/transformiran.com\\\/sv\\\/nyhetsrum\\\/iraniernas-totala-trosbekannelse-gor-det-svart-for-dem-att-fa-tillbaka-sin-trosbekannelse-cvandaag\\\/#primaryimage\"},\"thumbnailUrl\":\"https:\\\/\\\/transformiran.com\\\/app\\\/uploads\\\/2023\\\/08\\\/a0136a80704522e5048610bd63b064d8.jpg\",\"datePublished\":\"2023-07-05T17:02:20+00:00\",\"dateModified\":\"2024-05-15T08:49:24+00:00\",\"breadcrumb\":{\"@id\":\"https:\\\/\\\/transformiran.com\\\/sv\\\/nyhetsrum\\\/iraniernas-totala-trosbekannelse-gor-det-svart-for-dem-att-fa-tillbaka-sin-trosbekannelse-cvandaag\\\/#breadcrumb\"},\"inLanguage\":\"sv-SE\",\"potentialAction\":[{\"@type\":\"ReadAction\",\"target\":[\"https:\\\/\\\/transformiran.com\\\/sv\\\/nyhetsrum\\\/iraniernas-totala-trosbekannelse-gor-det-svart-for-dem-att-fa-tillbaka-sin-trosbekannelse-cvandaag\\\/\"]}]},{\"@type\":\"ImageObject\",\"inLanguage\":\"sv-SE\",\"@id\":\"https:\\\/\\\/transformiran.com\\\/sv\\\/nyhetsrum\\\/iraniernas-totala-trosbekannelse-gor-det-svart-for-dem-att-fa-tillbaka-sin-trosbekannelse-cvandaag\\\/#primaryimage\",\"url\":\"https:\\\/\\\/transformiran.com\\\/app\\\/uploads\\\/2023\\\/08\\\/a0136a80704522e5048610bd63b064d8.jpg\",\"contentUrl\":\"https:\\\/\\\/transformiran.com\\\/app\\\/uploads\\\/2023\\\/08\\\/a0136a80704522e5048610bd63b064d8.jpg\",\"width\":755,\"height\":479},{\"@type\":\"BreadcrumbList\",\"@id\":\"https:\\\/\\\/transformiran.com\\\/sv\\\/nyhetsrum\\\/iraniernas-totala-trosbekannelse-gor-det-svart-for-dem-att-fa-tillbaka-sin-trosbekannelse-cvandaag\\\/#breadcrumb\",\"itemListElement\":[{\"@type\":\"ListItem\",\"position\":1,\"name\":\"Home\",\"item\":\"https:\\\/\\\/transformiran.com\\\/sv\\\/home\\\/\"},{\"@type\":\"ListItem\",\"position\":2,\"name\":\"Iraniernas totala trosbek\u00e4nnelse g\u00f6r det sv\u00e5rt f\u00f6r dem att f\u00e5 tillbaka sin trosbek\u00e4nnelse: cvandaag\"}]},{\"@type\":\"WebSite\",\"@id\":\"https:\\\/\\\/transformiran.com\\\/sv\\\/#website\",\"url\":\"https:\\\/\\\/transformiran.com\\\/sv\\\/\",\"name\":\"Transform Iran\",\"description\":\"Bringing the love and power of Christ to Iran - and beyond\",\"publisher\":{\"@id\":\"https:\\\/\\\/transformiran.com\\\/sv\\\/#organization\"},\"potentialAction\":[{\"@type\":\"SearchAction\",\"target\":{\"@type\":\"EntryPoint\",\"urlTemplate\":\"https:\\\/\\\/transformiran.com\\\/sv\\\/?s={search_term_string}\"},\"query-input\":{\"@type\":\"PropertyValueSpecification\",\"valueRequired\":true,\"valueName\":\"search_term_string\"}}],\"inLanguage\":\"sv-SE\"},{\"@type\":\"Organization\",\"@id\":\"https:\\\/\\\/transformiran.com\\\/sv\\\/#organization\",\"name\":\"Transform Iran\",\"url\":\"https:\\\/\\\/transformiran.com\\\/sv\\\/\",\"logo\":{\"@type\":\"ImageObject\",\"inLanguage\":\"sv-SE\",\"@id\":\"https:\\\/\\\/transformiran.com\\\/sv\\\/#\\\/schema\\\/logo\\\/image\\\/\",\"url\":\"https:\\\/\\\/transformiran.com\\\/app\\\/uploads\\\/2022\\\/11\\\/logo_grey.jpg\",\"contentUrl\":\"https:\\\/\\\/transformiran.com\\\/app\\\/uploads\\\/2022\\\/11\\\/logo_grey.jpg\",\"width\":528,\"height\":90,\"caption\":\"Transform Iran\"},\"image\":{\"@id\":\"https:\\\/\\\/transformiran.com\\\/sv\\\/#\\\/schema\\\/logo\\\/image\\\/\"},\"sameAs\":[\"https:\\\/\\\/www.facebook.com\\\/222MinistriesUSAInc\",\"https:\\\/\\\/x.com\\\/222minint\",\"https:\\\/\\\/www.instagram.com\\\/222ministriesinternational\\\/\"]},{\"@type\":\"Person\",\"@id\":\"https:\\\/\\\/transformiran.com\\\/sv\\\/#\\\/schema\\\/person\\\/c0e1862a6f8592d7945bcb851b52cd9c\",\"name\":\"Lana Silk\",\"image\":{\"@type\":\"ImageObject\",\"inLanguage\":\"sv-SE\",\"@id\":\"https:\\\/\\\/secure.gravatar.com\\\/avatar\\\/d632b13d91e0186b2ead0912a0e293a96cf08479bc1b68caebfeca5ef8d55a9f?s=96&d=mm&r=g\",\"url\":\"https:\\\/\\\/secure.gravatar.com\\\/avatar\\\/d632b13d91e0186b2ead0912a0e293a96cf08479bc1b68caebfeca5ef8d55a9f?s=96&d=mm&r=g\",\"contentUrl\":\"https:\\\/\\\/secure.gravatar.com\\\/avatar\\\/d632b13d91e0186b2ead0912a0e293a96cf08479bc1b68caebfeca5ef8d55a9f?s=96&d=mm&r=g\",\"caption\":\"Lana Silk\"},\"url\":\"https:\\\/\\\/transformiran.com\\\/sv\\\/author\\\/lana\\\/\"}]}<\/script>\n<!-- \/ Yoast SEO plugin. -->","yoast_head_json":{"title":"Iraniernas totala trosbek\u00e4nnelse g\u00f6r det sv\u00e5rt f\u00f6r dem att f\u00e5 tillbaka sin trosbek\u00e4nnelse: cvandaag - Transform Iran","robots":{"index":"index","follow":"follow","max-snippet":"max-snippet:-1","max-image-preview":"max-image-preview:large","max-video-preview":"max-video-preview:-1"},"canonical":"https:\/\/transformiran.com\/sv\/nyhetsrum\/iraniernas-totala-trosbekannelse-gor-det-svart-for-dem-att-fa-tillbaka-sin-trosbekannelse-cvandaag\/","og_locale":"sv_SE","og_type":"article","og_title":"Iraniernas totala trosbek\u00e4nnelse g\u00f6r det sv\u00e5rt f\u00f6r dem att f\u00e5 tillbaka sin trosbek\u00e4nnelse: cvandaag - Transform Iran","og_description":"L\u00e4s Mariettes passionerade personliga ber\u00e4ttelse om att tr\u00e4ffa kvinnor p\u00e5 ett hemligt utbildningsevenemang f\u00f6r ledarskapsutveckling i Mellan\u00f6stern i denna holl\u00e4ndska artikel","og_url":"https:\/\/transformiran.com\/sv\/nyhetsrum\/iraniernas-totala-trosbekannelse-gor-det-svart-for-dem-att-fa-tillbaka-sin-trosbekannelse-cvandaag\/","og_site_name":"Transform Iran","article_publisher":"https:\/\/www.facebook.com\/222MinistriesUSAInc","article_published_time":"2023-07-05T17:02:20+00:00","article_modified_time":"2024-05-15T08:49:24+00:00","og_image":[{"width":755,"height":479,"url":"https:\/\/transformiran.com\/app\/uploads\/2023\/08\/a0136a80704522e5048610bd63b064d8.jpg","type":"image\/jpeg"}],"author":"Lana Silk","twitter_card":"summary_large_image","twitter_creator":"@222minint","twitter_site":"@222minint","twitter_misc":{"Written by":"Lana Silk","Est. reading time":"7 minutes"},"schema":{"@context":"https:\/\/schema.org","@graph":[{"@type":"Article","@id":"https:\/\/transformiran.com\/sv\/nyhetsrum\/iraniernas-totala-trosbekannelse-gor-det-svart-for-dem-att-fa-tillbaka-sin-trosbekannelse-cvandaag\/#article","isPartOf":{"@id":"https:\/\/transformiran.com\/sv\/nyhetsrum\/iraniernas-totala-trosbekannelse-gor-det-svart-for-dem-att-fa-tillbaka-sin-trosbekannelse-cvandaag\/"},"author":{"name":"Lana Silk","@id":"https:\/\/transformiran.com\/sv\/#\/schema\/person\/c0e1862a6f8592d7945bcb851b52cd9c"},"headline":"Iraniernas totala trosbek\u00e4nnelse g\u00f6r det sv\u00e5rt f\u00f6r dem att f\u00e5 tillbaka sin trosbek\u00e4nnelse: cvandaag","datePublished":"2023-07-05T17:02:20+00:00","dateModified":"2024-05-15T08:49:24+00:00","mainEntityOfPage":{"@id":"https:\/\/transformiran.com\/sv\/nyhetsrum\/iraniernas-totala-trosbekannelse-gor-det-svart-for-dem-att-fa-tillbaka-sin-trosbekannelse-cvandaag\/"},"wordCount":1450,"commentCount":0,"publisher":{"@id":"https:\/\/transformiran.com\/sv\/#organization"},"image":{"@id":"https:\/\/transformiran.com\/sv\/nyhetsrum\/iraniernas-totala-trosbekannelse-gor-det-svart-for-dem-att-fa-tillbaka-sin-trosbekannelse-cvandaag\/#primaryimage"},"thumbnailUrl":"https:\/\/transformiran.com\/app\/uploads\/2023\/08\/a0136a80704522e5048610bd63b064d8.jpg","keywords":["Discipleship","Flyktingar","Iran","Kvinnor","Leadership Development","Turkiet"],"articleSection":["Nyhetsrum"],"inLanguage":"sv-SE","potentialAction":[{"@type":"CommentAction","name":"Comment","target":["https:\/\/transformiran.com\/sv\/nyhetsrum\/iraniernas-totala-trosbekannelse-gor-det-svart-for-dem-att-fa-tillbaka-sin-trosbekannelse-cvandaag\/#respond"]}]},{"@type":"WebPage","@id":"https:\/\/transformiran.com\/sv\/nyhetsrum\/iraniernas-totala-trosbekannelse-gor-det-svart-for-dem-att-fa-tillbaka-sin-trosbekannelse-cvandaag\/","url":"https:\/\/transformiran.com\/sv\/nyhetsrum\/iraniernas-totala-trosbekannelse-gor-det-svart-for-dem-att-fa-tillbaka-sin-trosbekannelse-cvandaag\/","name":"Iraniernas totala trosbek\u00e4nnelse g\u00f6r det sv\u00e5rt f\u00f6r dem att f\u00e5 tillbaka sin trosbek\u00e4nnelse: cvandaag - Transform Iran","isPartOf":{"@id":"https:\/\/transformiran.com\/sv\/#website"},"primaryImageOfPage":{"@id":"https:\/\/transformiran.com\/sv\/nyhetsrum\/iraniernas-totala-trosbekannelse-gor-det-svart-for-dem-att-fa-tillbaka-sin-trosbekannelse-cvandaag\/#primaryimage"},"image":{"@id":"https:\/\/transformiran.com\/sv\/nyhetsrum\/iraniernas-totala-trosbekannelse-gor-det-svart-for-dem-att-fa-tillbaka-sin-trosbekannelse-cvandaag\/#primaryimage"},"thumbnailUrl":"https:\/\/transformiran.com\/app\/uploads\/2023\/08\/a0136a80704522e5048610bd63b064d8.jpg","datePublished":"2023-07-05T17:02:20+00:00","dateModified":"2024-05-15T08:49:24+00:00","breadcrumb":{"@id":"https:\/\/transformiran.com\/sv\/nyhetsrum\/iraniernas-totala-trosbekannelse-gor-det-svart-for-dem-att-fa-tillbaka-sin-trosbekannelse-cvandaag\/#breadcrumb"},"inLanguage":"sv-SE","potentialAction":[{"@type":"ReadAction","target":["https:\/\/transformiran.com\/sv\/nyhetsrum\/iraniernas-totala-trosbekannelse-gor-det-svart-for-dem-att-fa-tillbaka-sin-trosbekannelse-cvandaag\/"]}]},{"@type":"ImageObject","inLanguage":"sv-SE","@id":"https:\/\/transformiran.com\/sv\/nyhetsrum\/iraniernas-totala-trosbekannelse-gor-det-svart-for-dem-att-fa-tillbaka-sin-trosbekannelse-cvandaag\/#primaryimage","url":"https:\/\/transformiran.com\/app\/uploads\/2023\/08\/a0136a80704522e5048610bd63b064d8.jpg","contentUrl":"https:\/\/transformiran.com\/app\/uploads\/2023\/08\/a0136a80704522e5048610bd63b064d8.jpg","width":755,"height":479},{"@type":"BreadcrumbList","@id":"https:\/\/transformiran.com\/sv\/nyhetsrum\/iraniernas-totala-trosbekannelse-gor-det-svart-for-dem-att-fa-tillbaka-sin-trosbekannelse-cvandaag\/#breadcrumb","itemListElement":[{"@type":"ListItem","position":1,"name":"Home","item":"https:\/\/transformiran.com\/sv\/home\/"},{"@type":"ListItem","position":2,"name":"Iraniernas totala trosbek\u00e4nnelse g\u00f6r det sv\u00e5rt f\u00f6r dem att f\u00e5 tillbaka sin trosbek\u00e4nnelse: cvandaag"}]},{"@type":"WebSite","@id":"https:\/\/transformiran.com\/sv\/#website","url":"https:\/\/transformiran.com\/sv\/","name":"Transform Iran","description":"Bringing the love and power of Christ to Iran - and beyond","publisher":{"@id":"https:\/\/transformiran.com\/sv\/#organization"},"potentialAction":[{"@type":"SearchAction","target":{"@type":"EntryPoint","urlTemplate":"https:\/\/transformiran.com\/sv\/?s={search_term_string}"},"query-input":{"@type":"PropertyValueSpecification","valueRequired":true,"valueName":"search_term_string"}}],"inLanguage":"sv-SE"},{"@type":"Organization","@id":"https:\/\/transformiran.com\/sv\/#organization","name":"Transform Iran","url":"https:\/\/transformiran.com\/sv\/","logo":{"@type":"ImageObject","inLanguage":"sv-SE","@id":"https:\/\/transformiran.com\/sv\/#\/schema\/logo\/image\/","url":"https:\/\/transformiran.com\/app\/uploads\/2022\/11\/logo_grey.jpg","contentUrl":"https:\/\/transformiran.com\/app\/uploads\/2022\/11\/logo_grey.jpg","width":528,"height":90,"caption":"Transform Iran"},"image":{"@id":"https:\/\/transformiran.com\/sv\/#\/schema\/logo\/image\/"},"sameAs":["https:\/\/www.facebook.com\/222MinistriesUSAInc","https:\/\/x.com\/222minint","https:\/\/www.instagram.com\/222ministriesinternational\/"]},{"@type":"Person","@id":"https:\/\/transformiran.com\/sv\/#\/schema\/person\/c0e1862a6f8592d7945bcb851b52cd9c","name":"Lana Silk","image":{"@type":"ImageObject","inLanguage":"sv-SE","@id":"https:\/\/secure.gravatar.com\/avatar\/d632b13d91e0186b2ead0912a0e293a96cf08479bc1b68caebfeca5ef8d55a9f?s=96&d=mm&r=g","url":"https:\/\/secure.gravatar.com\/avatar\/d632b13d91e0186b2ead0912a0e293a96cf08479bc1b68caebfeca5ef8d55a9f?s=96&d=mm&r=g","contentUrl":"https:\/\/secure.gravatar.com\/avatar\/d632b13d91e0186b2ead0912a0e293a96cf08479bc1b68caebfeca5ef8d55a9f?s=96&d=mm&r=g","caption":"Lana Silk"},"url":"https:\/\/transformiran.com\/sv\/author\/lana\/"}]}},"_links":{"self":[{"href":"https:\/\/transformiran.com\/sv\/wp-json\/wp\/v2\/posts\/13334","targetHints":{"allow":["GET"]}}],"collection":[{"href":"https:\/\/transformiran.com\/sv\/wp-json\/wp\/v2\/posts"}],"about":[{"href":"https:\/\/transformiran.com\/sv\/wp-json\/wp\/v2\/types\/post"}],"author":[{"embeddable":true,"href":"https:\/\/transformiran.com\/sv\/wp-json\/wp\/v2\/users\/4"}],"replies":[{"embeddable":true,"href":"https:\/\/transformiran.com\/sv\/wp-json\/wp\/v2\/comments?post=13334"}],"version-history":[{"count":0,"href":"https:\/\/transformiran.com\/sv\/wp-json\/wp\/v2\/posts\/13334\/revisions"}],"wp:featuredmedia":[{"embeddable":true,"href":"https:\/\/transformiran.com\/sv\/wp-json\/wp\/v2\/media\/13341"}],"wp:attachment":[{"href":"https:\/\/transformiran.com\/sv\/wp-json\/wp\/v2\/media?parent=13334"}],"wp:term":[{"taxonomy":"category","embeddable":true,"href":"https:\/\/transformiran.com\/sv\/wp-json\/wp\/v2\/categories?post=13334"},{"taxonomy":"post_tag","embeddable":true,"href":"https:\/\/transformiran.com\/sv\/wp-json\/wp\/v2\/tags?post=13334"}],"curies":[{"name":"wp","href":"https:\/\/api.w.org\/{rel}","templated":true}]}}