{"id":30611,"date":"2025-05-05T21:01:03","date_gmt":"2025-05-05T20:01:03","guid":{"rendered":"https:\/\/transformiran.com\/okategoriserad\/nar-tro-moter-juridiskt-limbo-for-iranska-asylsokande-mission-network-news\/"},"modified":"2025-05-05T21:10:29","modified_gmt":"2025-05-05T20:10:29","slug":"nar-tro-moter-juridiskt-limbo-for-iranska-asylsokande-mission-network-news","status":"publish","type":"post","link":"https:\/\/transformiran.com\/sv\/nyhetsrum\/nar-tro-moter-juridiskt-limbo-for-iranska-asylsokande-mission-network-news\/","title":{"rendered":"N\u00e4r tro m\u00f6ter juridiskt limbo f\u00f6r iranska asyls\u00f6kande: Mission Network News"},"content":{"rendered":"\n<p>Av Joanne Khmel<\/p>\n\n<p>Iran (MNN) &#8211; De flyr f\u00f6rf\u00f6ljelse, men befinner sig ofta f\u00e5ngade igen.<\/p>\n\n<p>F\u00f6r m\u00e5nga iranska kristna konvertiter som flyr undan f\u00f6rf\u00f6ljelse tar resan inte slut n\u00e4r de passerar en gr\u00e4ns. Ist\u00e4llet finner de sig f\u00e5ngade i en ny kamp &#8211; att navigera i de trasiga och ofta fientliga asylsystem som finns i vissa av v\u00e4rdl\u00e4nderna. Deras vittnesb\u00f6rd \u00e4r starka och deras arbete forts\u00e4tter ofta i exil, men deras personliga liv pr\u00e4glas av djup os\u00e4kerhet, s\u00e5rbarhet och \u00f6verlevnad.  <\/p>\n\n<p>Lana Silk fr\u00e5n <a href=\"https:\/\/www.mnnonline.org\/mission_groups\/transform-iran\/\" target=\"_blank\" rel=\"noreferrer noopener\">Transform Iran<\/a> f\u00f6rklarar den h\u00e5rda verklighet som m\u00e5nga m\u00f6ter:<\/p>\n\n<blockquote class=\"wp-block-quote is-layout-flow wp-block-quote-is-layout-flow\">\n<p><strong>De har inte samma r\u00e4ttigheter som m\u00e4nniskor i sin omgivning, s\u00e5 det \u00e4r mycket l\u00e4tt f\u00f6r skrupelfria m\u00e4nniskor att utnyttja dem, oavsett om det \u00e4r hyresv\u00e4rdar eller arbetsgivare eller till och med m\u00e4nniskor inom utbildning eller sjukv\u00e5rdssystemet.<\/strong><\/p>\n<\/blockquote>\n\n<p>M\u00e5nga asylsystem runt om i v\u00e4rlden \u00e4r \u00f6verbelastade, underfinansierade och strukturellt bristf\u00e4lliga. Som ett resultat av detta befinner sig iranska flyktingar ofta i byr\u00e5kratiskt limbo i flera \u00e5r. &#8220;De h\u00e4r m\u00e4nniskorna fastnar i systemet i flera \u00e5r, till och med mer \u00e4n tio \u00e5r&#8221;, s\u00e4ger Silk.  <\/p>\n\n<div class=\"wp-block-media-text is-stacked-on-mobile\" style=\"grid-template-columns:44% auto\"><figure class=\"wp-block-media-text__media\"><img loading=\"lazy\" decoding=\"async\" width=\"768\" height=\"512\" src=\"https:\/\/transformiran.com\/app\/uploads\/2025\/05\/pexels-mohammadasbad-15807107-768x512-1.jpg\" alt=\"\" class=\"wp-image-30603 size-full\" srcset=\"https:\/\/transformiran.com\/app\/uploads\/2025\/05\/pexels-mohammadasbad-15807107-768x512-1.jpg 768w, https:\/\/transformiran.com\/app\/uploads\/2025\/05\/pexels-mohammadasbad-15807107-768x512-1-300x200.jpg 300w\" sizes=\"auto, (max-width: 768px) 100vw, 768px\" \/><\/figure><div class=\"wp-block-media-text__content\">\n<p>Utan ett tillf\u00f6rlitligt r\u00e4ttsligt ramverk som skyddar deras r\u00e4ttigheter kan m\u00e5nga inte planera f\u00f6r framtiden. Dr\u00f6mmar om \u00e4ktenskap, familj och en meningsfull karri\u00e4r l\u00e4ggs p\u00e5 is p\u00e5 obest\u00e4md tid. &#8220;<strong>Det \u00e4r b\u00e4st att jag inte gifter mig. Det \u00e4r b\u00e4st att jag inte skaffar barn, f\u00f6r vi vet inte hur framtiden ser ut &#8211; om vi kommer att tvingas tillbaka till Iran, om vi n\u00e5gonsin kommer att f\u00e5 l\u00e4mna landet &#8211; de vet helt enkelt inte, <\/strong>&#8221; Silk till\u00e4gger.<\/p>\n<\/div><\/div>\n\n<p>\u00c4ven efter \u00e5r av v\u00e4ntan och delvis integration lever m\u00e5nga med en \u00f6verh\u00e4ngande r\u00e4dsla f\u00f6r att pl\u00f6tsligt bli deporterade.<\/p>\n\n<p>Det \u00e4r d\u00e4r ministerier som <a href=\"https:\/\/transformiran.com\/sv\/\" target=\"_blank\" rel=\"noreferrer noopener\">Transform Iran<\/a> kommer in i bilden. Organisationen erbjuder kritiskt st\u00f6d genom traumar\u00e5dgivning, l\u00e4rjungaskap, f\u00f6respr\u00e5kande och samh\u00e4llsbyggande bland f\u00f6rdrivna troende. V\u00e5rt uppdrag \u00e4r inte bara \u00f6verlevnad &#8211; utan ocks\u00e5 uppr\u00e4ttelse, v\u00e4rdighet och hopp. Silk f\u00f6rklarar:   <\/p>\n\n<blockquote class=\"wp-block-quote is-layout-flow wp-block-quote-is-layout-flow\">\n<p><strong>Precis som Moses lyfte sina armar i striden &#8211; vi hj\u00e4lper varandra, st\u00e4rker varandra i kampen och i v\u00e5r b\u00f6n. Men samtidigt finns det ocks\u00e5 en h\u00e4lsosam blandning av att dela med sig av segrar. Och dessa segrar kanske inte har att g\u00f6ra med asylsituationen eller de praktiska omst\u00e4ndigheterna i livet, men det finns alltid andliga segrar och f\u00f6rsamlingsrelaterade segrar  <\/strong>.<\/p>\n<\/blockquote>\n\n<p><a href=\"https:\/\/transformiran.com\/sv\/vart-arbete\/flyktingar-och-den-forfoljda-kyrkan\/\">L\u00e4s mer om hur vi hj\u00e4lper iranska flyktingar och f\u00f6rf\u00f6ljda troende<\/a><\/p>\n\n<p><a href=\"https:\/\/transformiran.com\/sv\/vart-arbete\/hjalpa-de-drabbade\/\">L\u00e4s mer om hur vi hj\u00e4lper dem som \u00e4r skadade och i behov av hj\u00e4lp<\/a><\/p>\n\n<h3 class=\"wp-block-heading\">S\u00e5 hur kan du hj\u00e4lpa troende iranier i dessa situationer?<\/h3>\n\n<p>F\u00f6rst och fr\u00e4mst &#8211; gl\u00f6m inte bort dem. Var tillg\u00e4nglig. Ibland kan det betyda allt att bara vara n\u00e4rvarande f\u00f6r ett samtal eller en b\u00f6n f\u00f6r n\u00e5gon vars dagar fylls av sm\u00e4rtsam os\u00e4kerhet och uppskjutet hopp. Be f\u00f6r en verklig reform av det globala asylsystemet och f\u00f6r b\u00e4ttre s\u00e4tt att st\u00f6dja genuint troende som s\u00f6ker trygghet och frihet.   <\/p>\n\n<p>&#8220;<strong>Om Gud leder dig att be f\u00f6r iranska m\u00e4nniskor, iranska flyktingar, d\u00e5 skulle jag s\u00e4ga: g\u00e5 med i en f\u00f6rsamling. I v\u00e5rt fall har vi ett <a href=\"https:\/\/transformiran.com\/sv\/anmalan-till-nyhetsbrev\/\">nyhetsbrev<\/a> som kommer ut en g\u00e5ng i m\u00e5naden, s\u00e5 att du f\u00e5r veta vad som h\u00e4nder och blir en del av det. <\/strong>&#8220;, s\u00e4ger Silk.<\/p>\n\n<p><em>Huvudfoto med tillst\u00e5nd av Ibrahim Guetar via Unsplash<\/em><\/p>\n\n<p><em>Inf\u00e4lld bild (dadlar i en sk\u00e5l, vanlig persisk delikatess) med tillst\u00e5nd av Mohammad Ramezani via Pexels  <\/em><\/p>\n\n<p><em>Ursprungligen publicerad p\u00e5: <a href=\"https:\/\/www.mnnonline.org\/news\/when-faith-meets-legal-limbo-for-iranian-asylum-seekers\/\">Mission Network News<\/a><\/em><\/p>\n\n<p><\/p>\n","protected":false},"excerpt":{"rendered":"<p>Kristna iranier som flyr fr\u00e5n f\u00f6rf\u00f6ljelse befinner sig ofta i en annan om\u00f6jlig situation: de har inget land att kalla sitt hem. L\u00e4r dig mer om n\u00e5gra av de utmaningar som asyls\u00f6kande st\u00e5r inf\u00f6r och hur du kan hj\u00e4lpa till. <\/p>\n","protected":false},"author":6,"featured_media":30602,"comment_status":"open","ping_status":"open","sticky":false,"template":"","format":"standard","meta":{"_acf_changed":false,"give_campaign_id":0,"om_disable_all_campaigns":false,"_mi_skip_tracking":false,"footnotes":""},"categories":[249],"tags":[234,331,242,245],"class_list":["post-30611","post","type-post","status-publish","format-standard","has-post-thumbnail","hentry","category-nyhetsrum","tag-flyktingar","tag-forfoljd-kyrka","tag-humanitar-kris","tag-regeringen"],"acf":[],"yoast_head":"<!-- This site is optimized with the Yoast SEO plugin v27.3 - https:\/\/yoast.com\/product\/yoast-seo-wordpress\/ -->\n<title>N\u00e4r tro m\u00f6ter juridiskt limbo f\u00f6r iranska asyls\u00f6kande: Mission Network News - Transform Iran<\/title>\n<meta name=\"robots\" content=\"index, follow, max-snippet:-1, max-image-preview:large, max-video-preview:-1\" \/>\n<link rel=\"canonical\" href=\"https:\/\/transformiran.com\/sv\/nyhetsrum\/nar-tro-moter-juridiskt-limbo-for-iranska-asylsokande-mission-network-news\/\" \/>\n<meta property=\"og:locale\" content=\"sv_SE\" \/>\n<meta property=\"og:type\" content=\"article\" \/>\n<meta property=\"og:title\" content=\"N\u00e4r tro m\u00f6ter juridiskt limbo f\u00f6r iranska asyls\u00f6kande: Mission Network News - Transform Iran\" \/>\n<meta property=\"og:description\" content=\"Kristna iranier som flyr fr\u00e5n f\u00f6rf\u00f6ljelse befinner sig ofta i en annan om\u00f6jlig situation: de har inget land att kalla sitt hem. L\u00e4r dig mer om n\u00e5gra av de utmaningar som asyls\u00f6kande st\u00e5r inf\u00f6r och hur du kan hj\u00e4lpa till.\" \/>\n<meta property=\"og:url\" content=\"https:\/\/transformiran.com\/sv\/nyhetsrum\/nar-tro-moter-juridiskt-limbo-for-iranska-asylsokande-mission-network-news\/\" \/>\n<meta property=\"og:site_name\" content=\"Transform Iran\" \/>\n<meta property=\"article:publisher\" content=\"https:\/\/www.facebook.com\/222MinistriesUSAInc\" \/>\n<meta property=\"article:published_time\" content=\"2025-05-05T20:01:03+00:00\" \/>\n<meta property=\"article:modified_time\" content=\"2025-05-05T20:10:29+00:00\" \/>\n<meta property=\"og:image\" content=\"https:\/\/transformiran.com\/app\/uploads\/2025\/05\/ibrahim-guetar-uq4enBgjWto-unsplash-2048x1365-1.jpg\" \/>\n\t<meta property=\"og:image:width\" content=\"2048\" \/>\n\t<meta property=\"og:image:height\" content=\"1365\" \/>\n\t<meta property=\"og:image:type\" content=\"image\/jpeg\" \/>\n<meta name=\"author\" content=\"Ashleigh Bedford\" \/>\n<meta name=\"twitter:card\" content=\"summary_large_image\" \/>\n<meta name=\"twitter:creator\" content=\"@222minint\" \/>\n<meta name=\"twitter:site\" content=\"@222minint\" \/>\n<meta name=\"twitter:label1\" content=\"Written by\" \/>\n\t<meta name=\"twitter:data1\" content=\"Ashleigh Bedford\" \/>\n\t<meta name=\"twitter:label2\" content=\"Est. reading time\" \/>\n\t<meta name=\"twitter:data2\" content=\"3 minutes\" \/>\n<script type=\"application\/ld+json\" class=\"yoast-schema-graph\">{\"@context\":\"https:\\\/\\\/schema.org\",\"@graph\":[{\"@type\":\"Article\",\"@id\":\"https:\\\/\\\/transformiran.com\\\/sv\\\/nyhetsrum\\\/nar-tro-moter-juridiskt-limbo-for-iranska-asylsokande-mission-network-news\\\/#article\",\"isPartOf\":{\"@id\":\"https:\\\/\\\/transformiran.com\\\/sv\\\/nyhetsrum\\\/nar-tro-moter-juridiskt-limbo-for-iranska-asylsokande-mission-network-news\\\/\"},\"author\":{\"name\":\"Ashleigh Bedford\",\"@id\":\"https:\\\/\\\/transformiran.com\\\/sv\\\/#\\\/schema\\\/person\\\/901d817bcb841b949dbba5fa2886bfe3\"},\"headline\":\"N\u00e4r tro m\u00f6ter juridiskt limbo f\u00f6r iranska asyls\u00f6kande: Mission Network News\",\"datePublished\":\"2025-05-05T20:01:03+00:00\",\"dateModified\":\"2025-05-05T20:10:29+00:00\",\"mainEntityOfPage\":{\"@id\":\"https:\\\/\\\/transformiran.com\\\/sv\\\/nyhetsrum\\\/nar-tro-moter-juridiskt-limbo-for-iranska-asylsokande-mission-network-news\\\/\"},\"wordCount\":678,\"commentCount\":0,\"publisher\":{\"@id\":\"https:\\\/\\\/transformiran.com\\\/sv\\\/#organization\"},\"image\":{\"@id\":\"https:\\\/\\\/transformiran.com\\\/sv\\\/nyhetsrum\\\/nar-tro-moter-juridiskt-limbo-for-iranska-asylsokande-mission-network-news\\\/#primaryimage\"},\"thumbnailUrl\":\"https:\\\/\\\/transformiran.com\\\/app\\\/uploads\\\/2025\\\/05\\\/ibrahim-guetar-uq4enBgjWto-unsplash-2048x1365-1.jpg\",\"keywords\":[\"Flyktingar\",\"F\u00f6rf\u00f6ljd kyrka\",\"Humanit\u00e4r kris\",\"Regeringen\"],\"articleSection\":[\"Nyhetsrum\"],\"inLanguage\":\"sv-SE\",\"potentialAction\":[{\"@type\":\"CommentAction\",\"name\":\"Comment\",\"target\":[\"https:\\\/\\\/transformiran.com\\\/sv\\\/nyhetsrum\\\/nar-tro-moter-juridiskt-limbo-for-iranska-asylsokande-mission-network-news\\\/#respond\"]}]},{\"@type\":\"WebPage\",\"@id\":\"https:\\\/\\\/transformiran.com\\\/sv\\\/nyhetsrum\\\/nar-tro-moter-juridiskt-limbo-for-iranska-asylsokande-mission-network-news\\\/\",\"url\":\"https:\\\/\\\/transformiran.com\\\/sv\\\/nyhetsrum\\\/nar-tro-moter-juridiskt-limbo-for-iranska-asylsokande-mission-network-news\\\/\",\"name\":\"N\u00e4r tro m\u00f6ter juridiskt limbo f\u00f6r iranska asyls\u00f6kande: Mission Network News - Transform Iran\",\"isPartOf\":{\"@id\":\"https:\\\/\\\/transformiran.com\\\/sv\\\/#website\"},\"primaryImageOfPage\":{\"@id\":\"https:\\\/\\\/transformiran.com\\\/sv\\\/nyhetsrum\\\/nar-tro-moter-juridiskt-limbo-for-iranska-asylsokande-mission-network-news\\\/#primaryimage\"},\"image\":{\"@id\":\"https:\\\/\\\/transformiran.com\\\/sv\\\/nyhetsrum\\\/nar-tro-moter-juridiskt-limbo-for-iranska-asylsokande-mission-network-news\\\/#primaryimage\"},\"thumbnailUrl\":\"https:\\\/\\\/transformiran.com\\\/app\\\/uploads\\\/2025\\\/05\\\/ibrahim-guetar-uq4enBgjWto-unsplash-2048x1365-1.jpg\",\"datePublished\":\"2025-05-05T20:01:03+00:00\",\"dateModified\":\"2025-05-05T20:10:29+00:00\",\"breadcrumb\":{\"@id\":\"https:\\\/\\\/transformiran.com\\\/sv\\\/nyhetsrum\\\/nar-tro-moter-juridiskt-limbo-for-iranska-asylsokande-mission-network-news\\\/#breadcrumb\"},\"inLanguage\":\"sv-SE\",\"potentialAction\":[{\"@type\":\"ReadAction\",\"target\":[\"https:\\\/\\\/transformiran.com\\\/sv\\\/nyhetsrum\\\/nar-tro-moter-juridiskt-limbo-for-iranska-asylsokande-mission-network-news\\\/\"]}]},{\"@type\":\"ImageObject\",\"inLanguage\":\"sv-SE\",\"@id\":\"https:\\\/\\\/transformiran.com\\\/sv\\\/nyhetsrum\\\/nar-tro-moter-juridiskt-limbo-for-iranska-asylsokande-mission-network-news\\\/#primaryimage\",\"url\":\"https:\\\/\\\/transformiran.com\\\/app\\\/uploads\\\/2025\\\/05\\\/ibrahim-guetar-uq4enBgjWto-unsplash-2048x1365-1.jpg\",\"contentUrl\":\"https:\\\/\\\/transformiran.com\\\/app\\\/uploads\\\/2025\\\/05\\\/ibrahim-guetar-uq4enBgjWto-unsplash-2048x1365-1.jpg\",\"width\":2048,\"height\":1365},{\"@type\":\"BreadcrumbList\",\"@id\":\"https:\\\/\\\/transformiran.com\\\/sv\\\/nyhetsrum\\\/nar-tro-moter-juridiskt-limbo-for-iranska-asylsokande-mission-network-news\\\/#breadcrumb\",\"itemListElement\":[{\"@type\":\"ListItem\",\"position\":1,\"name\":\"Home\",\"item\":\"https:\\\/\\\/transformiran.com\\\/sv\\\/home\\\/\"},{\"@type\":\"ListItem\",\"position\":2,\"name\":\"N\u00e4r tro m\u00f6ter juridiskt limbo f\u00f6r iranska asyls\u00f6kande: Mission Network News\"}]},{\"@type\":\"WebSite\",\"@id\":\"https:\\\/\\\/transformiran.com\\\/sv\\\/#website\",\"url\":\"https:\\\/\\\/transformiran.com\\\/sv\\\/\",\"name\":\"Transform Iran\",\"description\":\"Bringing the love and power of Christ to Iran - and beyond\",\"publisher\":{\"@id\":\"https:\\\/\\\/transformiran.com\\\/sv\\\/#organization\"},\"potentialAction\":[{\"@type\":\"SearchAction\",\"target\":{\"@type\":\"EntryPoint\",\"urlTemplate\":\"https:\\\/\\\/transformiran.com\\\/sv\\\/?s={search_term_string}\"},\"query-input\":{\"@type\":\"PropertyValueSpecification\",\"valueRequired\":true,\"valueName\":\"search_term_string\"}}],\"inLanguage\":\"sv-SE\"},{\"@type\":\"Organization\",\"@id\":\"https:\\\/\\\/transformiran.com\\\/sv\\\/#organization\",\"name\":\"Transform Iran\",\"url\":\"https:\\\/\\\/transformiran.com\\\/sv\\\/\",\"logo\":{\"@type\":\"ImageObject\",\"inLanguage\":\"sv-SE\",\"@id\":\"https:\\\/\\\/transformiran.com\\\/sv\\\/#\\\/schema\\\/logo\\\/image\\\/\",\"url\":\"https:\\\/\\\/transformiran.com\\\/app\\\/uploads\\\/2022\\\/11\\\/logo_grey.jpg\",\"contentUrl\":\"https:\\\/\\\/transformiran.com\\\/app\\\/uploads\\\/2022\\\/11\\\/logo_grey.jpg\",\"width\":528,\"height\":90,\"caption\":\"Transform Iran\"},\"image\":{\"@id\":\"https:\\\/\\\/transformiran.com\\\/sv\\\/#\\\/schema\\\/logo\\\/image\\\/\"},\"sameAs\":[\"https:\\\/\\\/www.facebook.com\\\/222MinistriesUSAInc\",\"https:\\\/\\\/x.com\\\/222minint\",\"https:\\\/\\\/www.instagram.com\\\/222ministriesinternational\\\/\"]},{\"@type\":\"Person\",\"@id\":\"https:\\\/\\\/transformiran.com\\\/sv\\\/#\\\/schema\\\/person\\\/901d817bcb841b949dbba5fa2886bfe3\",\"name\":\"Ashleigh Bedford\",\"image\":{\"@type\":\"ImageObject\",\"inLanguage\":\"sv-SE\",\"@id\":\"https:\\\/\\\/secure.gravatar.com\\\/avatar\\\/fe25a0a0785840df62a592de76ed79e48013f590cc9a874b448f15b293751483?s=96&d=mm&r=g\",\"url\":\"https:\\\/\\\/secure.gravatar.com\\\/avatar\\\/fe25a0a0785840df62a592de76ed79e48013f590cc9a874b448f15b293751483?s=96&d=mm&r=g\",\"contentUrl\":\"https:\\\/\\\/secure.gravatar.com\\\/avatar\\\/fe25a0a0785840df62a592de76ed79e48013f590cc9a874b448f15b293751483?s=96&d=mm&r=g\",\"caption\":\"Ashleigh Bedford\"},\"url\":\"https:\\\/\\\/transformiran.com\\\/sv\\\/author\\\/ashleigh\\\/\"}]}<\/script>\n<!-- \/ Yoast SEO plugin. -->","yoast_head_json":{"title":"N\u00e4r tro m\u00f6ter juridiskt limbo f\u00f6r iranska asyls\u00f6kande: Mission Network News - Transform Iran","robots":{"index":"index","follow":"follow","max-snippet":"max-snippet:-1","max-image-preview":"max-image-preview:large","max-video-preview":"max-video-preview:-1"},"canonical":"https:\/\/transformiran.com\/sv\/nyhetsrum\/nar-tro-moter-juridiskt-limbo-for-iranska-asylsokande-mission-network-news\/","og_locale":"sv_SE","og_type":"article","og_title":"N\u00e4r tro m\u00f6ter juridiskt limbo f\u00f6r iranska asyls\u00f6kande: Mission Network News - Transform Iran","og_description":"Kristna iranier som flyr fr\u00e5n f\u00f6rf\u00f6ljelse befinner sig ofta i en annan om\u00f6jlig situation: de har inget land att kalla sitt hem. L\u00e4r dig mer om n\u00e5gra av de utmaningar som asyls\u00f6kande st\u00e5r inf\u00f6r och hur du kan hj\u00e4lpa till.","og_url":"https:\/\/transformiran.com\/sv\/nyhetsrum\/nar-tro-moter-juridiskt-limbo-for-iranska-asylsokande-mission-network-news\/","og_site_name":"Transform Iran","article_publisher":"https:\/\/www.facebook.com\/222MinistriesUSAInc","article_published_time":"2025-05-05T20:01:03+00:00","article_modified_time":"2025-05-05T20:10:29+00:00","og_image":[{"width":2048,"height":1365,"url":"https:\/\/transformiran.com\/app\/uploads\/2025\/05\/ibrahim-guetar-uq4enBgjWto-unsplash-2048x1365-1.jpg","type":"image\/jpeg"}],"author":"Ashleigh Bedford","twitter_card":"summary_large_image","twitter_creator":"@222minint","twitter_site":"@222minint","twitter_misc":{"Written by":"Ashleigh Bedford","Est. reading time":"3 minutes"},"schema":{"@context":"https:\/\/schema.org","@graph":[{"@type":"Article","@id":"https:\/\/transformiran.com\/sv\/nyhetsrum\/nar-tro-moter-juridiskt-limbo-for-iranska-asylsokande-mission-network-news\/#article","isPartOf":{"@id":"https:\/\/transformiran.com\/sv\/nyhetsrum\/nar-tro-moter-juridiskt-limbo-for-iranska-asylsokande-mission-network-news\/"},"author":{"name":"Ashleigh Bedford","@id":"https:\/\/transformiran.com\/sv\/#\/schema\/person\/901d817bcb841b949dbba5fa2886bfe3"},"headline":"N\u00e4r tro m\u00f6ter juridiskt limbo f\u00f6r iranska asyls\u00f6kande: Mission Network News","datePublished":"2025-05-05T20:01:03+00:00","dateModified":"2025-05-05T20:10:29+00:00","mainEntityOfPage":{"@id":"https:\/\/transformiran.com\/sv\/nyhetsrum\/nar-tro-moter-juridiskt-limbo-for-iranska-asylsokande-mission-network-news\/"},"wordCount":678,"commentCount":0,"publisher":{"@id":"https:\/\/transformiran.com\/sv\/#organization"},"image":{"@id":"https:\/\/transformiran.com\/sv\/nyhetsrum\/nar-tro-moter-juridiskt-limbo-for-iranska-asylsokande-mission-network-news\/#primaryimage"},"thumbnailUrl":"https:\/\/transformiran.com\/app\/uploads\/2025\/05\/ibrahim-guetar-uq4enBgjWto-unsplash-2048x1365-1.jpg","keywords":["Flyktingar","F\u00f6rf\u00f6ljd kyrka","Humanit\u00e4r kris","Regeringen"],"articleSection":["Nyhetsrum"],"inLanguage":"sv-SE","potentialAction":[{"@type":"CommentAction","name":"Comment","target":["https:\/\/transformiran.com\/sv\/nyhetsrum\/nar-tro-moter-juridiskt-limbo-for-iranska-asylsokande-mission-network-news\/#respond"]}]},{"@type":"WebPage","@id":"https:\/\/transformiran.com\/sv\/nyhetsrum\/nar-tro-moter-juridiskt-limbo-for-iranska-asylsokande-mission-network-news\/","url":"https:\/\/transformiran.com\/sv\/nyhetsrum\/nar-tro-moter-juridiskt-limbo-for-iranska-asylsokande-mission-network-news\/","name":"N\u00e4r tro m\u00f6ter juridiskt limbo f\u00f6r iranska asyls\u00f6kande: Mission Network News - Transform Iran","isPartOf":{"@id":"https:\/\/transformiran.com\/sv\/#website"},"primaryImageOfPage":{"@id":"https:\/\/transformiran.com\/sv\/nyhetsrum\/nar-tro-moter-juridiskt-limbo-for-iranska-asylsokande-mission-network-news\/#primaryimage"},"image":{"@id":"https:\/\/transformiran.com\/sv\/nyhetsrum\/nar-tro-moter-juridiskt-limbo-for-iranska-asylsokande-mission-network-news\/#primaryimage"},"thumbnailUrl":"https:\/\/transformiran.com\/app\/uploads\/2025\/05\/ibrahim-guetar-uq4enBgjWto-unsplash-2048x1365-1.jpg","datePublished":"2025-05-05T20:01:03+00:00","dateModified":"2025-05-05T20:10:29+00:00","breadcrumb":{"@id":"https:\/\/transformiran.com\/sv\/nyhetsrum\/nar-tro-moter-juridiskt-limbo-for-iranska-asylsokande-mission-network-news\/#breadcrumb"},"inLanguage":"sv-SE","potentialAction":[{"@type":"ReadAction","target":["https:\/\/transformiran.com\/sv\/nyhetsrum\/nar-tro-moter-juridiskt-limbo-for-iranska-asylsokande-mission-network-news\/"]}]},{"@type":"ImageObject","inLanguage":"sv-SE","@id":"https:\/\/transformiran.com\/sv\/nyhetsrum\/nar-tro-moter-juridiskt-limbo-for-iranska-asylsokande-mission-network-news\/#primaryimage","url":"https:\/\/transformiran.com\/app\/uploads\/2025\/05\/ibrahim-guetar-uq4enBgjWto-unsplash-2048x1365-1.jpg","contentUrl":"https:\/\/transformiran.com\/app\/uploads\/2025\/05\/ibrahim-guetar-uq4enBgjWto-unsplash-2048x1365-1.jpg","width":2048,"height":1365},{"@type":"BreadcrumbList","@id":"https:\/\/transformiran.com\/sv\/nyhetsrum\/nar-tro-moter-juridiskt-limbo-for-iranska-asylsokande-mission-network-news\/#breadcrumb","itemListElement":[{"@type":"ListItem","position":1,"name":"Home","item":"https:\/\/transformiran.com\/sv\/home\/"},{"@type":"ListItem","position":2,"name":"N\u00e4r tro m\u00f6ter juridiskt limbo f\u00f6r iranska asyls\u00f6kande: Mission Network News"}]},{"@type":"WebSite","@id":"https:\/\/transformiran.com\/sv\/#website","url":"https:\/\/transformiran.com\/sv\/","name":"Transform Iran","description":"Bringing the love and power of Christ to Iran - and beyond","publisher":{"@id":"https:\/\/transformiran.com\/sv\/#organization"},"potentialAction":[{"@type":"SearchAction","target":{"@type":"EntryPoint","urlTemplate":"https:\/\/transformiran.com\/sv\/?s={search_term_string}"},"query-input":{"@type":"PropertyValueSpecification","valueRequired":true,"valueName":"search_term_string"}}],"inLanguage":"sv-SE"},{"@type":"Organization","@id":"https:\/\/transformiran.com\/sv\/#organization","name":"Transform Iran","url":"https:\/\/transformiran.com\/sv\/","logo":{"@type":"ImageObject","inLanguage":"sv-SE","@id":"https:\/\/transformiran.com\/sv\/#\/schema\/logo\/image\/","url":"https:\/\/transformiran.com\/app\/uploads\/2022\/11\/logo_grey.jpg","contentUrl":"https:\/\/transformiran.com\/app\/uploads\/2022\/11\/logo_grey.jpg","width":528,"height":90,"caption":"Transform Iran"},"image":{"@id":"https:\/\/transformiran.com\/sv\/#\/schema\/logo\/image\/"},"sameAs":["https:\/\/www.facebook.com\/222MinistriesUSAInc","https:\/\/x.com\/222minint","https:\/\/www.instagram.com\/222ministriesinternational\/"]},{"@type":"Person","@id":"https:\/\/transformiran.com\/sv\/#\/schema\/person\/901d817bcb841b949dbba5fa2886bfe3","name":"Ashleigh Bedford","image":{"@type":"ImageObject","inLanguage":"sv-SE","@id":"https:\/\/secure.gravatar.com\/avatar\/fe25a0a0785840df62a592de76ed79e48013f590cc9a874b448f15b293751483?s=96&d=mm&r=g","url":"https:\/\/secure.gravatar.com\/avatar\/fe25a0a0785840df62a592de76ed79e48013f590cc9a874b448f15b293751483?s=96&d=mm&r=g","contentUrl":"https:\/\/secure.gravatar.com\/avatar\/fe25a0a0785840df62a592de76ed79e48013f590cc9a874b448f15b293751483?s=96&d=mm&r=g","caption":"Ashleigh Bedford"},"url":"https:\/\/transformiran.com\/sv\/author\/ashleigh\/"}]}},"_links":{"self":[{"href":"https:\/\/transformiran.com\/sv\/wp-json\/wp\/v2\/posts\/30611","targetHints":{"allow":["GET"]}}],"collection":[{"href":"https:\/\/transformiran.com\/sv\/wp-json\/wp\/v2\/posts"}],"about":[{"href":"https:\/\/transformiran.com\/sv\/wp-json\/wp\/v2\/types\/post"}],"author":[{"embeddable":true,"href":"https:\/\/transformiran.com\/sv\/wp-json\/wp\/v2\/users\/6"}],"replies":[{"embeddable":true,"href":"https:\/\/transformiran.com\/sv\/wp-json\/wp\/v2\/comments?post=30611"}],"version-history":[{"count":0,"href":"https:\/\/transformiran.com\/sv\/wp-json\/wp\/v2\/posts\/30611\/revisions"}],"wp:featuredmedia":[{"embeddable":true,"href":"https:\/\/transformiran.com\/sv\/wp-json\/wp\/v2\/media\/30602"}],"wp:attachment":[{"href":"https:\/\/transformiran.com\/sv\/wp-json\/wp\/v2\/media?parent=30611"}],"wp:term":[{"taxonomy":"category","embeddable":true,"href":"https:\/\/transformiran.com\/sv\/wp-json\/wp\/v2\/categories?post=30611"},{"taxonomy":"post_tag","embeddable":true,"href":"https:\/\/transformiran.com\/sv\/wp-json\/wp\/v2\/tags?post=30611"}],"curies":[{"name":"wp","href":"https:\/\/api.w.org\/{rel}","templated":true}]}}