{"id":37697,"date":"2026-04-07T20:06:06","date_gmt":"2026-04-07T19:06:06","guid":{"rendered":"https:\/\/transformiran.com\/okategoriserad\/salt-och-ljus-kristendomen-i-iran-idag-forfoljelse-och-en-vaxande-kyrka\/"},"modified":"2026-04-27T17:02:57","modified_gmt":"2026-04-27T16:02:57","slug":"salt-och-ljus-kristendomen-i-iran-idag-forfoljelse-och-en-vaxande-kyrka","status":"publish","type":"post","link":"https:\/\/transformiran.com\/sv\/nyhetsrum\/salt-och-ljus-kristendomen-i-iran-idag-forfoljelse-och-en-vaxande-kyrka\/","title":{"rendered":"Salt och ljus: Kristendomen i Iran idag &#8211; F\u00f6rf\u00f6ljelse och en v\u00e4xande kyrka"},"content":{"rendered":"\n<p class=\"has-medium-font-size\">Medan Iran forts\u00e4tter att dominera de globala rubrikerna &#8211; med protester, v\u00e5ldsamma tillslag och eskalerande konflikter &#8211; \u00e4r verkligheten i landet b\u00e5de mer f\u00f6r\u00f6dande och mer komplex \u00e4n vad m\u00e5nga inser.  <\/p>\n\n<p class=\"has-medium-font-size\">I denna r\u00f6stpodcast med Release International erbjuder Lazarus Yeghnazar, grundare av Transform Iran, ett s\u00e4llsynt, djupt personligt perspektiv. Han har under \u00e5rtionden haft kontakt med landet och dess underjordiska kyrka och beskriver en nation som \u00e4r utsatt f\u00f6r ett enormt tryck &#8211; men som ocks\u00e5 upplever en extraordin\u00e4r andlig f\u00f6r\u00e4ndring. <\/p>\n\n<figure class=\"wp-block-audio\"><audio controls=\"\" src=\"https:\/\/transformiran.com\/app\/uploads\/2026\/04\/salt-and-light-the-church-in-iran.mp3\"><\/audio><\/figure>\n\n<h2 class=\"wp-block-heading\">&#8220;Det h\u00e4r \u00e4r inte ett tillslag &#8211; det h\u00e4r \u00e4r brutalitet&#8221;<\/h2>\n\n<p>Internationella rapporter har beskrivit ett &#8220;kraftfullt tillslag&#8221; mot protesterna. Yeghnazar \u00e4r tydlig: det spr\u00e5ket g\u00e5r inte tillr\u00e4ckligt l\u00e5ngt. <\/p>\n\n<p>Han beskriver det som h\u00e4nder som &#8220;fullst\u00e4ndigt barbariskt&#8221; &#8211; med ungdomar, studenter och till och med sjukv\u00e5rdspersonal som f\u00e5ngas i v\u00e5ldet. N\u00e5gra av de mest tillnyktrande ber\u00e4ttelserna handlar inte om demonstranter, utan om dem som f\u00f6rs\u00f6ker hj\u00e4lpa dem.   <\/p>\n\n<blockquote class=\"wp-block-quote is-layout-flow wp-block-quote-is-layout-flow\">\n<p>L\u00e4kare och sjuksk\u00f6terskor har arresterats eller till och med d\u00f6dats bara f\u00f6r att de har behandlat de s\u00e5rade. I ett fall sk\u00f6ts en kristen arbetare p\u00e5 n\u00e4ra h\u00e5ll &#8211; inte f\u00f6r att han protesterade utan f\u00f6r att han hj\u00e4lpte de s\u00e5rade. <\/p>\n<\/blockquote>\n\n<p>Detta, f\u00f6rklarar han, speglar n\u00e5got djupare \u00e4n politisk oro. Det \u00e4r ett system som ser missn\u00f6je &#8211; vilket missn\u00f6je som helst &#8211; som ett hot som m\u00e5ste elimineras. <\/p>\n\n<h3 class=\"wp-block-heading\">En nation under l\u00e5ngsiktig press<\/h3>\n\n<p>Protesterna kom inte fr\u00e5n ingenstans. De \u00e4r resultatet av \u00e5ratal av f\u00f6rtryck, oj\u00e4mlikhet och v\u00e4xande frustration &#8211; s\u00e4rskilt bland unga m\u00e4nniskor. <\/p>\n\n<blockquote class=\"wp-block-quote is-layout-flow wp-block-quote-is-layout-flow\">\n<p>Detta handlar inte bara om politisk kontroll. Det handlar om en regim som ser nationen som n\u00e5got den \u00e4ger. <\/p>\n<\/blockquote>\n\n<p>Konsekvenserna \u00e4r allvarliga. Tiotusentals m\u00e4nniskor uppges ha d\u00f6dats i samband med tillslagen och m\u00e5nga fler har f\u00e4ngslats. Fruktansv\u00e4rda ber\u00e4ttelser forts\u00e4tter att komma fram om ton\u00e5ringar som uts\u00e4tts f\u00f6r \u00f6vergrepp och trauma i f\u00e4ngelser.  <\/p>\n\n<p>Situationen kan inte bara f\u00f6rst\u00e5s som ett &#8220;oroligt \u00f6gonblick&#8221;.<\/p>\n\n<h3 class=\"wp-block-heading\">Konflikt, lidande &#8211; och en splittrad reaktion<\/h3>\n\n<p>N\u00e4r Yeghnazar talar om den senaste konflikten anv\u00e4nder han en sl\u00e5ende analogi: detta har varit en l\u00e5ngv\u00e4xande cancer som nu kr\u00e4ver ett br\u00e5dskande och sm\u00e4rtsamt ingrepp.<\/p>\n\n<p>Han firar inte f\u00f6rst\u00f6relse. Men han f\u00f6rklarar varf\u00f6r vissa iranier, s\u00e4rskilt de som har lidit under decennier av f\u00f6rtryck, ser h\u00e4ndelserna p\u00e5 ett annat s\u00e4tt \u00e4n vad utomst\u00e5ende observat\u00f6rer g\u00f6r. <\/p>\n\n<blockquote class=\"wp-block-quote is-layout-flow wp-block-quote-is-layout-flow\">\n<p>F\u00f6r m\u00e5nga handlar fr\u00e5gan inte om politik eller geopolitik &#8211; det handlar om \u00f6verlevnad. Det handlar om att avl\u00e4gsna vad han beskriver som de krafter som &#8220;kv\u00e4ver nationen&#8221;. <\/p>\n<\/blockquote>\n\n<p>Samtidigt \u00e4r det humanit\u00e4ra resultatet obestridligt. Civilbefolkningen \u00e4r f\u00e5ngad i nedfallet. R\u00e4dsla, instabilitet och knapphet eskalerar snabbt.  <\/p>\n\n<h2 class=\"wp-block-heading\">Kyrkan: Synlig tro har ett pris<\/h2>\n\n<p>F\u00f6r de kristna i Iran \u00e4r f\u00f6rf\u00f6ljelsen inte teoretisk &#8211; den \u00e4r djupt praktisk.<\/p>\n\n<p>Yeghnazar f\u00f6rklarar det enkelt: tron i sig kan tolereras, men inte den synliga tron.<\/p>\n\n<p>Du kan vara en kristen i det tysta. Men i samma \u00f6gonblick som du b\u00f6rjar dela med dig av din tro, g\u00f6ra andra till l\u00e4rjungar eller d\u00f6pa nya troende, tar du en risk. Han reflekterar \u00f6ver Jesu undervisning om att vara salt och ljus &#8211; och hur detta utspelar sig i Iran idag. De troende f\u00e5r i sj\u00e4lva verket h\u00f6ra: var salt, men var inte f\u00f6r salt; var ljus, men skina inte f\u00f6r starkt.   <\/p>\n\n<blockquote class=\"wp-block-quote is-layout-flow wp-block-quote-is-layout-flow\">\n<p>Verkligheten \u00e4r den att n\u00e4r tron blir synlig &#8211; n\u00e4r den b\u00f6rjar f\u00f6rvandla andra &#8211; d\u00e5 kommer motst\u00e5ndet.<\/p>\n<\/blockquote>\n\n<p>Och \u00e4nd\u00e5 \u00e4r det just d\u00e4rf\u00f6r som kyrkan i Iran forts\u00e4tter att v\u00e4xa.<\/p>\n\n<h3 class=\"wp-block-heading\">En bortgl\u00f6md ber\u00e4ttelse: Mission\u00e4rerna som kom f\u00f6re<\/h3>\n\n<p>L\u00e5ngt f\u00f6re dagens underjordiska kyrka pr\u00e4glades Iran av generationer av kristna mission\u00e4rer.<\/p>\n\n<p>De byggde sjukhus, skolor och hj\u00e4lpte samh\u00e4llen \u00f6ver hela landet &#8211; ofta till stora personliga kostnader. M\u00e5nga tillbringade hela sina liv d\u00e4r och \u00e4r begravda i iransk jord.   <\/p>\n\n<p>Trots alla deras uppoffringar fanns det vid den tiden inte mycket synlig frukt. Efter mer \u00e4n ett sekels arbete fanns det bara n\u00e5gra hundra k\u00e4nda troende fr\u00e5n en muslimsk bakgrund. <\/p>\n\n<p>Yeghnazar f\u00f6rklarar att regimen senare falskeligen anklagade samma mission\u00e4rer f\u00f6r att vara utl\u00e4ndska spioner.<\/p>\n\n<blockquote class=\"wp-block-quote is-layout-flow wp-block-quote-is-layout-flow\">\n<p>De kom inte f\u00f6r politik eller makt, utan f\u00f6r att tj\u00e4na.<\/p>\n<\/blockquote>\n\n<p>Och det \u00e4r f\u00f6rst nu som deras arv f\u00f6rverkligas fullt ut.<\/p>\n\n<h3 class=\"wp-block-heading\">Fr\u00e5n en handfull troende till en v\u00e4xande r\u00f6relse<\/h3>\n\n<p>Det som har h\u00e4nt under de senaste decennierna \u00e4r anm\u00e4rkningsv\u00e4rt. Fr\u00e5n att bara ha varit n\u00e5gra hundra troende har antalet kristna i Iran vuxit till l\u00e5ngt \u00f6ver en miljon. <\/p>\n\n<p>Denna tillv\u00e4xt har inte f\u00f6ljt typiska m\u00f6nster. Den har inte i f\u00f6rsta hand drivits av offentlig evangelisation eller institutionell expansion. Ist\u00e4llet m\u00f6ter m\u00e5nga iranier Jesus personligen &#8211; ofta innan de n\u00e5gonsin har talat med en annan kristen.  <\/p>\n\n<p>Yeghnazar beskriver hur <a href=\"https:\/\/transformiran.com\/sv\/nyhetsrum\/fler-och-fler-muslimer-moter-jesus-i-drommar-cbn-nyheter\/\" target=\"_blank\" rel=\"noreferrer noopener\">dr\u00f6mmar och visioner<\/a> spelar en viktig roll. \u00d6ver hela landet rapporterar m\u00e4nniskor fr\u00e5n olika bakgrunder &#8211; muslimer, personer som k\u00e4mpar med missbruk, personer i kris &#8211; om m\u00f6ten med Kristus. <\/p>\n\n<p>Det \u00e4r tyst. Den \u00e4r personlig. Men den \u00e4r utbredd. Och den h\u00e5ller p\u00e5 att omforma nationens andliga landskap.   <\/p>\n\n<h2 class=\"wp-block-heading\">F\u00f6rberedelser f\u00f6r vad som komma skall<\/h2>\n\n<p>Medan en stor del av v\u00e4rlden fokuserar p\u00e5 den nuvarande krisen har Transform Iran i \u00e5rtionden blickat fram\u00e5t.<\/p>\n\n<p>Det finns en v\u00e4xande medvetenhet om att om landet \u00f6ppnar sig &#8211; gradvis eller pl\u00f6tsligt &#8211; kommer behoven att vara enorma. Trauman g\u00e5r djupt. Familjer \u00e4r splittrade. Missbruk, fattigdom och k\u00e4nslom\u00e4ssiga s\u00e5r drabbar miljontals m\u00e4nniskor.   <\/p>\n\n<p>Yeghnazar talar om \u00e5r av aktiv planering: hur man ska ge r\u00e5dgivning, hur man ska st\u00f6dja \u00e5terh\u00e4mtning, hur man ska \u00e5teruppbygga liv och samh\u00e4llen.<\/p>\n\n<p>V\u00e5r vision \u00e4r inte bara evangelisation, utan \u00e5teruppr\u00e4ttelse. Inte bara \u00f6verlevnad, utan helande. <\/p>\n\n<p><a href=\"https:\/\/transformiran.com\/sv\/vart-arbete\/persiens-parla\/\" target=\"_blank\" rel=\"noreferrer noopener\">L\u00e4s hur Pearl of Persia ger l\u00e4kning och \u00e5terst\u00e4llande till dem som \u00f6vervinner trauma, missbruk och missbruk<\/a><\/p>\n\n<h2 class=\"wp-block-heading\">En framtid som ger synbara resultat i v\u00e4rlden<\/h2>\n\n<p>Trots allt \u00e4r Yeghnazar fortfarande \u00f6vertygad om att Irans historia inte \u00e4r avslutad.<\/p>\n\n<p>Han tror att landet kommer att \u00f6ppna sig &#8211; p\u00e5 ett eller annat s\u00e4tt. Och n\u00e4r det g\u00f6r det kommer kyrkan inte bara att v\u00e4xa internt utan ocks\u00e5 b\u00f6rja s\u00e4nda ut\u00e5t. <\/p>\n\n<blockquote class=\"wp-block-quote is-layout-flow wp-block-quote-is-layout-flow\">\n<p>Det finns en vision om att iranska troende ska bli mission\u00e4rer &#8211; att de ska f\u00f6ra sin tro vidare till andra nationer, \u00e4ven till delar av v\u00e4rlden d\u00e4r kyrkan har blivit bekv\u00e4m eller tyst.<\/p>\n<\/blockquote>\n\n<p>Det \u00e4r en sl\u00e5ende v\u00e4ndning: fr\u00e5n en av de mest f\u00f6rtryckta milj\u00f6erna till en k\u00e4lla till f\u00f6rnyelse.<\/p>\n\n<h2 class=\"wp-block-heading\">En uppmaning att be &#8211; och st\u00e5 tillsammans<\/h2>\n\n<p class=\"has-medium-font-size\"><strong>Behoven i Iran \u00e4r akuta.<\/strong>  Detta \u00e4r en tid av b\u00e5de kris och m\u00f6jligheter.<\/p>\n\n<p>Kristna st\u00e5r inf\u00f6r press och os\u00e4kerhet. Familjer k\u00e4mpar med grundl\u00e4ggande f\u00f6rs\u00f6rjning, s\u00e4rskilt som instabilitet p\u00e5verkar det dagliga livet. Tillg\u00e5ng till mat, sjukv\u00e5rd och s\u00e4kerhet \u00e4r inte garanterad.  <\/p>\n\n<p>Och \u00e4nd\u00e5 finns det motst\u00e5ndskraft. Det finns mod. Och det finns tro.  <\/p>\n\n<p>Troende m\u00e4nniskor runt om i v\u00e4rlden kan vara aktiva i sitt svar:<\/p>\n\n<ul class=\"wp-block-list\">\n<li><strong><a href=\"https:\/\/transformiran.com\/sv\/be\/\">Be<\/a><\/strong> om skydd, f\u00f6rs\u00f6rjning och frimodighet f\u00f6r de troende. Be om f\u00f6r\u00e4ndring &#8211; \u00e4ven inom ledarskapet. Be om visdom n\u00e4r f\u00f6rsamlingarna reagerar i en tid av v\u00e4xande behov.  <\/li>\n\n\n\n<li><strong><a href=\"https:\/\/transformiran.com\/sv\/anmalan-till-nyhetsbrev\/\">H\u00e5ll dig informerad<\/a><\/strong> med riktiga uppdateringar inifr\u00e5n Iran &#8211; anm\u00e4l dig till v\u00e5rt m\u00e5natliga nyhetsbrev.<\/li>\n\n\n\n<li><strong><a href=\"https:\/\/transformiran.com\/sv\/donera\/\">Ge en g\u00e5va<\/a><\/strong> f\u00f6r att hj\u00e4lpa till att ge akut humanit\u00e4rt st\u00f6d, traumav\u00e5rd och l\u00e4rjungaskap med evangeliet i centrum.<\/li>\n<\/ul>\n\n<p class=\"has-medium-font-size\">Och f\u00f6r dem som tittar p\u00e5 fr\u00e5n utsidan \u00e4r det en inbjudan &#8211; inte bara att bli informerad, utan att bli involverad.<\/p>\n\n<p><\/p>\n\n<p><em>Ursprungligen publicerad p\u00e5: <a href=\"https:\/\/releaseinternational.org\/podcast\/\" target=\"_blank\" rel=\"noreferrer noopener\">Release International<\/a><\/em><\/p>\n\n<p><\/p>\n","protected":false},"excerpt":{"rendered":"<p>Medan Iran dominerar de globala rubrikerna med protester, v\u00e5ldsamma tillslag och eskalerande konflikter, \u00e4r verkligheten i landet mycket mer komplex. I denna Voice-podcast med Release International delar Lazarus Yeghnazar med sig av ett s\u00e4llsynt personligt perspektiv p\u00e5 en nation under press och en underjordisk kyrka som upplever en andlig tillv\u00e4xt utan motstycke. <\/p>\n","protected":false},"author":6,"featured_media":37695,"comment_status":"open","ping_status":"open","sticky":false,"template":"","format":"standard","meta":{"_acf_changed":false,"give_campaign_id":0,"om_disable_all_campaigns":false,"_mi_skip_tracking":false,"footnotes":""},"categories":[249],"tags":[331,242,210,245,209],"class_list":["post-37697","post","type-post","status-publish","format-standard","has-post-thumbnail","hentry","category-nyhetsrum","tag-forfoljd-kyrka","tag-humanitar-kris","tag-iran-sv","tag-regeringen","tag-transformation-sv"],"acf":[],"yoast_head":"<!-- This site is optimized with the Yoast SEO plugin v27.3 - https:\/\/yoast.com\/product\/yoast-seo-wordpress\/ -->\n<title>Salt och ljus: Kristendomen i Iran idag - F\u00f6rf\u00f6ljelse och en v\u00e4xande kyrka - Transform Iran<\/title>\n<meta name=\"description\" content=\"Medan Iran st\u00e5r inf\u00f6r protester, tillslag och konflikter delar Lazarus Yeghnazar med sig av sina insikter om krisen, f\u00f6rf\u00f6ljelsen och tillv\u00e4xten av den underjordiska kyrkan.\" \/>\n<meta name=\"robots\" content=\"index, follow, max-snippet:-1, max-image-preview:large, max-video-preview:-1\" \/>\n<link rel=\"canonical\" href=\"https:\/\/transformiran.com\/sv\/nyhetsrum\/salt-och-ljus-kristendomen-i-iran-idag-forfoljelse-och-en-vaxande-kyrka\/\" \/>\n<meta property=\"og:locale\" content=\"sv_SE\" \/>\n<meta property=\"og:type\" content=\"article\" \/>\n<meta property=\"og:title\" content=\"Salt och ljus: Kristendomen i Iran idag - F\u00f6rf\u00f6ljelse och en v\u00e4xande kyrka - Transform Iran\" \/>\n<meta property=\"og:description\" content=\"Medan Iran st\u00e5r inf\u00f6r protester, tillslag och konflikter delar Lazarus Yeghnazar med sig av sina insikter om krisen, f\u00f6rf\u00f6ljelsen och tillv\u00e4xten av den underjordiska kyrkan.\" \/>\n<meta property=\"og:url\" content=\"https:\/\/transformiran.com\/sv\/nyhetsrum\/salt-och-ljus-kristendomen-i-iran-idag-forfoljelse-och-en-vaxande-kyrka\/\" \/>\n<meta property=\"og:site_name\" content=\"Transform Iran\" \/>\n<meta property=\"article:publisher\" content=\"https:\/\/www.facebook.com\/222MinistriesUSAInc\" \/>\n<meta property=\"article:published_time\" content=\"2026-04-07T19:06:06+00:00\" \/>\n<meta property=\"article:modified_time\" content=\"2026-04-27T16:02:57+00:00\" \/>\n<meta property=\"og:image\" content=\"https:\/\/transformiran.com\/app\/uploads\/2026\/04\/release_interntional_lazarus_worship.jpg\" \/>\n\t<meta property=\"og:image:width\" content=\"1920\" \/>\n\t<meta property=\"og:image:height\" content=\"555\" \/>\n\t<meta property=\"og:image:type\" content=\"image\/jpeg\" \/>\n<meta name=\"author\" content=\"Ashleigh Bedford\" \/>\n<meta name=\"twitter:card\" content=\"summary_large_image\" \/>\n<meta name=\"twitter:creator\" content=\"@222minint\" \/>\n<meta name=\"twitter:site\" content=\"@222minint\" \/>\n<meta name=\"twitter:label1\" content=\"Written by\" \/>\n\t<meta name=\"twitter:data1\" content=\"Ashleigh Bedford\" \/>\n\t<meta name=\"twitter:label2\" content=\"Est. reading time\" \/>\n\t<meta name=\"twitter:data2\" content=\"7 minutes\" \/>\n<script type=\"application\/ld+json\" class=\"yoast-schema-graph\">{\"@context\":\"https:\\\/\\\/schema.org\",\"@graph\":[{\"@type\":\"Article\",\"@id\":\"https:\\\/\\\/transformiran.com\\\/sv\\\/nyhetsrum\\\/salt-och-ljus-kristendomen-i-iran-idag-forfoljelse-och-en-vaxande-kyrka\\\/#article\",\"isPartOf\":{\"@id\":\"https:\\\/\\\/transformiran.com\\\/sv\\\/nyhetsrum\\\/salt-och-ljus-kristendomen-i-iran-idag-forfoljelse-och-en-vaxande-kyrka\\\/\"},\"author\":{\"name\":\"Ashleigh Bedford\",\"@id\":\"https:\\\/\\\/transformiran.com\\\/sv\\\/#\\\/schema\\\/person\\\/901d817bcb841b949dbba5fa2886bfe3\"},\"headline\":\"Salt och ljus: Kristendomen i Iran idag &#8211; F\u00f6rf\u00f6ljelse och en v\u00e4xande kyrka\",\"datePublished\":\"2026-04-07T19:06:06+00:00\",\"dateModified\":\"2026-04-27T16:02:57+00:00\",\"mainEntityOfPage\":{\"@id\":\"https:\\\/\\\/transformiran.com\\\/sv\\\/nyhetsrum\\\/salt-och-ljus-kristendomen-i-iran-idag-forfoljelse-och-en-vaxande-kyrka\\\/\"},\"wordCount\":1425,\"commentCount\":0,\"publisher\":{\"@id\":\"https:\\\/\\\/transformiran.com\\\/sv\\\/#organization\"},\"image\":{\"@id\":\"https:\\\/\\\/transformiran.com\\\/sv\\\/nyhetsrum\\\/salt-och-ljus-kristendomen-i-iran-idag-forfoljelse-och-en-vaxande-kyrka\\\/#primaryimage\"},\"thumbnailUrl\":\"https:\\\/\\\/transformiran.com\\\/app\\\/uploads\\\/2026\\\/04\\\/release_interntional_lazarus_worship.jpg\",\"keywords\":[\"F\u00f6rf\u00f6ljd kyrka\",\"Humanit\u00e4r kris\",\"Iran\",\"Regeringen\",\"Transformation\"],\"articleSection\":[\"Nyhetsrum\"],\"inLanguage\":\"sv-SE\",\"potentialAction\":[{\"@type\":\"CommentAction\",\"name\":\"Comment\",\"target\":[\"https:\\\/\\\/transformiran.com\\\/sv\\\/nyhetsrum\\\/salt-och-ljus-kristendomen-i-iran-idag-forfoljelse-och-en-vaxande-kyrka\\\/#respond\"]}]},{\"@type\":\"WebPage\",\"@id\":\"https:\\\/\\\/transformiran.com\\\/sv\\\/nyhetsrum\\\/salt-och-ljus-kristendomen-i-iran-idag-forfoljelse-och-en-vaxande-kyrka\\\/\",\"url\":\"https:\\\/\\\/transformiran.com\\\/sv\\\/nyhetsrum\\\/salt-och-ljus-kristendomen-i-iran-idag-forfoljelse-och-en-vaxande-kyrka\\\/\",\"name\":\"Salt och ljus: Kristendomen i Iran idag - F\u00f6rf\u00f6ljelse och en v\u00e4xande kyrka - Transform Iran\",\"isPartOf\":{\"@id\":\"https:\\\/\\\/transformiran.com\\\/sv\\\/#website\"},\"primaryImageOfPage\":{\"@id\":\"https:\\\/\\\/transformiran.com\\\/sv\\\/nyhetsrum\\\/salt-och-ljus-kristendomen-i-iran-idag-forfoljelse-och-en-vaxande-kyrka\\\/#primaryimage\"},\"image\":{\"@id\":\"https:\\\/\\\/transformiran.com\\\/sv\\\/nyhetsrum\\\/salt-och-ljus-kristendomen-i-iran-idag-forfoljelse-och-en-vaxande-kyrka\\\/#primaryimage\"},\"thumbnailUrl\":\"https:\\\/\\\/transformiran.com\\\/app\\\/uploads\\\/2026\\\/04\\\/release_interntional_lazarus_worship.jpg\",\"datePublished\":\"2026-04-07T19:06:06+00:00\",\"dateModified\":\"2026-04-27T16:02:57+00:00\",\"description\":\"Medan Iran st\u00e5r inf\u00f6r protester, tillslag och konflikter delar Lazarus Yeghnazar med sig av sina insikter om krisen, f\u00f6rf\u00f6ljelsen och tillv\u00e4xten av den underjordiska kyrkan.\",\"breadcrumb\":{\"@id\":\"https:\\\/\\\/transformiran.com\\\/sv\\\/nyhetsrum\\\/salt-och-ljus-kristendomen-i-iran-idag-forfoljelse-och-en-vaxande-kyrka\\\/#breadcrumb\"},\"inLanguage\":\"sv-SE\",\"potentialAction\":[{\"@type\":\"ReadAction\",\"target\":[\"https:\\\/\\\/transformiran.com\\\/sv\\\/nyhetsrum\\\/salt-och-ljus-kristendomen-i-iran-idag-forfoljelse-och-en-vaxande-kyrka\\\/\"]}]},{\"@type\":\"ImageObject\",\"inLanguage\":\"sv-SE\",\"@id\":\"https:\\\/\\\/transformiran.com\\\/sv\\\/nyhetsrum\\\/salt-och-ljus-kristendomen-i-iran-idag-forfoljelse-och-en-vaxande-kyrka\\\/#primaryimage\",\"url\":\"https:\\\/\\\/transformiran.com\\\/app\\\/uploads\\\/2026\\\/04\\\/release_interntional_lazarus_worship.jpg\",\"contentUrl\":\"https:\\\/\\\/transformiran.com\\\/app\\\/uploads\\\/2026\\\/04\\\/release_interntional_lazarus_worship.jpg\",\"width\":1920,\"height\":555},{\"@type\":\"BreadcrumbList\",\"@id\":\"https:\\\/\\\/transformiran.com\\\/sv\\\/nyhetsrum\\\/salt-och-ljus-kristendomen-i-iran-idag-forfoljelse-och-en-vaxande-kyrka\\\/#breadcrumb\",\"itemListElement\":[{\"@type\":\"ListItem\",\"position\":1,\"name\":\"Home\",\"item\":\"https:\\\/\\\/transformiran.com\\\/sv\\\/home\\\/\"},{\"@type\":\"ListItem\",\"position\":2,\"name\":\"Salt och ljus: Kristendomen i Iran idag &#8211; F\u00f6rf\u00f6ljelse och en v\u00e4xande kyrka\"}]},{\"@type\":\"WebSite\",\"@id\":\"https:\\\/\\\/transformiran.com\\\/sv\\\/#website\",\"url\":\"https:\\\/\\\/transformiran.com\\\/sv\\\/\",\"name\":\"Transform Iran\",\"description\":\"Bringing the love and power of Christ to Iran - and beyond\",\"publisher\":{\"@id\":\"https:\\\/\\\/transformiran.com\\\/sv\\\/#organization\"},\"potentialAction\":[{\"@type\":\"SearchAction\",\"target\":{\"@type\":\"EntryPoint\",\"urlTemplate\":\"https:\\\/\\\/transformiran.com\\\/sv\\\/?s={search_term_string}\"},\"query-input\":{\"@type\":\"PropertyValueSpecification\",\"valueRequired\":true,\"valueName\":\"search_term_string\"}}],\"inLanguage\":\"sv-SE\"},{\"@type\":\"Organization\",\"@id\":\"https:\\\/\\\/transformiran.com\\\/sv\\\/#organization\",\"name\":\"Transform Iran\",\"url\":\"https:\\\/\\\/transformiran.com\\\/sv\\\/\",\"logo\":{\"@type\":\"ImageObject\",\"inLanguage\":\"sv-SE\",\"@id\":\"https:\\\/\\\/transformiran.com\\\/sv\\\/#\\\/schema\\\/logo\\\/image\\\/\",\"url\":\"https:\\\/\\\/transformiran.com\\\/app\\\/uploads\\\/2022\\\/11\\\/logo_grey.jpg\",\"contentUrl\":\"https:\\\/\\\/transformiran.com\\\/app\\\/uploads\\\/2022\\\/11\\\/logo_grey.jpg\",\"width\":528,\"height\":90,\"caption\":\"Transform Iran\"},\"image\":{\"@id\":\"https:\\\/\\\/transformiran.com\\\/sv\\\/#\\\/schema\\\/logo\\\/image\\\/\"},\"sameAs\":[\"https:\\\/\\\/www.facebook.com\\\/222MinistriesUSAInc\",\"https:\\\/\\\/x.com\\\/222minint\",\"https:\\\/\\\/www.instagram.com\\\/222ministriesinternational\\\/\"]},{\"@type\":\"Person\",\"@id\":\"https:\\\/\\\/transformiran.com\\\/sv\\\/#\\\/schema\\\/person\\\/901d817bcb841b949dbba5fa2886bfe3\",\"name\":\"Ashleigh Bedford\",\"image\":{\"@type\":\"ImageObject\",\"inLanguage\":\"sv-SE\",\"@id\":\"https:\\\/\\\/secure.gravatar.com\\\/avatar\\\/fe25a0a0785840df62a592de76ed79e48013f590cc9a874b448f15b293751483?s=96&d=mm&r=g\",\"url\":\"https:\\\/\\\/secure.gravatar.com\\\/avatar\\\/fe25a0a0785840df62a592de76ed79e48013f590cc9a874b448f15b293751483?s=96&d=mm&r=g\",\"contentUrl\":\"https:\\\/\\\/secure.gravatar.com\\\/avatar\\\/fe25a0a0785840df62a592de76ed79e48013f590cc9a874b448f15b293751483?s=96&d=mm&r=g\",\"caption\":\"Ashleigh Bedford\"},\"url\":\"https:\\\/\\\/transformiran.com\\\/sv\\\/author\\\/ashleigh\\\/\"}]}<\/script>\n<!-- \/ Yoast SEO plugin. -->","yoast_head_json":{"title":"Salt och ljus: Kristendomen i Iran idag - F\u00f6rf\u00f6ljelse och en v\u00e4xande kyrka - Transform Iran","description":"Medan Iran st\u00e5r inf\u00f6r protester, tillslag och konflikter delar Lazarus Yeghnazar med sig av sina insikter om krisen, f\u00f6rf\u00f6ljelsen och tillv\u00e4xten av den underjordiska kyrkan.","robots":{"index":"index","follow":"follow","max-snippet":"max-snippet:-1","max-image-preview":"max-image-preview:large","max-video-preview":"max-video-preview:-1"},"canonical":"https:\/\/transformiran.com\/sv\/nyhetsrum\/salt-och-ljus-kristendomen-i-iran-idag-forfoljelse-och-en-vaxande-kyrka\/","og_locale":"sv_SE","og_type":"article","og_title":"Salt och ljus: Kristendomen i Iran idag - F\u00f6rf\u00f6ljelse och en v\u00e4xande kyrka - Transform Iran","og_description":"Medan Iran st\u00e5r inf\u00f6r protester, tillslag och konflikter delar Lazarus Yeghnazar med sig av sina insikter om krisen, f\u00f6rf\u00f6ljelsen och tillv\u00e4xten av den underjordiska kyrkan.","og_url":"https:\/\/transformiran.com\/sv\/nyhetsrum\/salt-och-ljus-kristendomen-i-iran-idag-forfoljelse-och-en-vaxande-kyrka\/","og_site_name":"Transform Iran","article_publisher":"https:\/\/www.facebook.com\/222MinistriesUSAInc","article_published_time":"2026-04-07T19:06:06+00:00","article_modified_time":"2026-04-27T16:02:57+00:00","og_image":[{"width":1920,"height":555,"url":"https:\/\/transformiran.com\/app\/uploads\/2026\/04\/release_interntional_lazarus_worship.jpg","type":"image\/jpeg"}],"author":"Ashleigh Bedford","twitter_card":"summary_large_image","twitter_creator":"@222minint","twitter_site":"@222minint","twitter_misc":{"Written by":"Ashleigh Bedford","Est. reading time":"7 minutes"},"schema":{"@context":"https:\/\/schema.org","@graph":[{"@type":"Article","@id":"https:\/\/transformiran.com\/sv\/nyhetsrum\/salt-och-ljus-kristendomen-i-iran-idag-forfoljelse-och-en-vaxande-kyrka\/#article","isPartOf":{"@id":"https:\/\/transformiran.com\/sv\/nyhetsrum\/salt-och-ljus-kristendomen-i-iran-idag-forfoljelse-och-en-vaxande-kyrka\/"},"author":{"name":"Ashleigh Bedford","@id":"https:\/\/transformiran.com\/sv\/#\/schema\/person\/901d817bcb841b949dbba5fa2886bfe3"},"headline":"Salt och ljus: Kristendomen i Iran idag &#8211; F\u00f6rf\u00f6ljelse och en v\u00e4xande kyrka","datePublished":"2026-04-07T19:06:06+00:00","dateModified":"2026-04-27T16:02:57+00:00","mainEntityOfPage":{"@id":"https:\/\/transformiran.com\/sv\/nyhetsrum\/salt-och-ljus-kristendomen-i-iran-idag-forfoljelse-och-en-vaxande-kyrka\/"},"wordCount":1425,"commentCount":0,"publisher":{"@id":"https:\/\/transformiran.com\/sv\/#organization"},"image":{"@id":"https:\/\/transformiran.com\/sv\/nyhetsrum\/salt-och-ljus-kristendomen-i-iran-idag-forfoljelse-och-en-vaxande-kyrka\/#primaryimage"},"thumbnailUrl":"https:\/\/transformiran.com\/app\/uploads\/2026\/04\/release_interntional_lazarus_worship.jpg","keywords":["F\u00f6rf\u00f6ljd kyrka","Humanit\u00e4r kris","Iran","Regeringen","Transformation"],"articleSection":["Nyhetsrum"],"inLanguage":"sv-SE","potentialAction":[{"@type":"CommentAction","name":"Comment","target":["https:\/\/transformiran.com\/sv\/nyhetsrum\/salt-och-ljus-kristendomen-i-iran-idag-forfoljelse-och-en-vaxande-kyrka\/#respond"]}]},{"@type":"WebPage","@id":"https:\/\/transformiran.com\/sv\/nyhetsrum\/salt-och-ljus-kristendomen-i-iran-idag-forfoljelse-och-en-vaxande-kyrka\/","url":"https:\/\/transformiran.com\/sv\/nyhetsrum\/salt-och-ljus-kristendomen-i-iran-idag-forfoljelse-och-en-vaxande-kyrka\/","name":"Salt och ljus: Kristendomen i Iran idag - F\u00f6rf\u00f6ljelse och en v\u00e4xande kyrka - Transform Iran","isPartOf":{"@id":"https:\/\/transformiran.com\/sv\/#website"},"primaryImageOfPage":{"@id":"https:\/\/transformiran.com\/sv\/nyhetsrum\/salt-och-ljus-kristendomen-i-iran-idag-forfoljelse-och-en-vaxande-kyrka\/#primaryimage"},"image":{"@id":"https:\/\/transformiran.com\/sv\/nyhetsrum\/salt-och-ljus-kristendomen-i-iran-idag-forfoljelse-och-en-vaxande-kyrka\/#primaryimage"},"thumbnailUrl":"https:\/\/transformiran.com\/app\/uploads\/2026\/04\/release_interntional_lazarus_worship.jpg","datePublished":"2026-04-07T19:06:06+00:00","dateModified":"2026-04-27T16:02:57+00:00","description":"Medan Iran st\u00e5r inf\u00f6r protester, tillslag och konflikter delar Lazarus Yeghnazar med sig av sina insikter om krisen, f\u00f6rf\u00f6ljelsen och tillv\u00e4xten av den underjordiska kyrkan.","breadcrumb":{"@id":"https:\/\/transformiran.com\/sv\/nyhetsrum\/salt-och-ljus-kristendomen-i-iran-idag-forfoljelse-och-en-vaxande-kyrka\/#breadcrumb"},"inLanguage":"sv-SE","potentialAction":[{"@type":"ReadAction","target":["https:\/\/transformiran.com\/sv\/nyhetsrum\/salt-och-ljus-kristendomen-i-iran-idag-forfoljelse-och-en-vaxande-kyrka\/"]}]},{"@type":"ImageObject","inLanguage":"sv-SE","@id":"https:\/\/transformiran.com\/sv\/nyhetsrum\/salt-och-ljus-kristendomen-i-iran-idag-forfoljelse-och-en-vaxande-kyrka\/#primaryimage","url":"https:\/\/transformiran.com\/app\/uploads\/2026\/04\/release_interntional_lazarus_worship.jpg","contentUrl":"https:\/\/transformiran.com\/app\/uploads\/2026\/04\/release_interntional_lazarus_worship.jpg","width":1920,"height":555},{"@type":"BreadcrumbList","@id":"https:\/\/transformiran.com\/sv\/nyhetsrum\/salt-och-ljus-kristendomen-i-iran-idag-forfoljelse-och-en-vaxande-kyrka\/#breadcrumb","itemListElement":[{"@type":"ListItem","position":1,"name":"Home","item":"https:\/\/transformiran.com\/sv\/home\/"},{"@type":"ListItem","position":2,"name":"Salt och ljus: Kristendomen i Iran idag &#8211; F\u00f6rf\u00f6ljelse och en v\u00e4xande kyrka"}]},{"@type":"WebSite","@id":"https:\/\/transformiran.com\/sv\/#website","url":"https:\/\/transformiran.com\/sv\/","name":"Transform Iran","description":"Bringing the love and power of Christ to Iran - and beyond","publisher":{"@id":"https:\/\/transformiran.com\/sv\/#organization"},"potentialAction":[{"@type":"SearchAction","target":{"@type":"EntryPoint","urlTemplate":"https:\/\/transformiran.com\/sv\/?s={search_term_string}"},"query-input":{"@type":"PropertyValueSpecification","valueRequired":true,"valueName":"search_term_string"}}],"inLanguage":"sv-SE"},{"@type":"Organization","@id":"https:\/\/transformiran.com\/sv\/#organization","name":"Transform Iran","url":"https:\/\/transformiran.com\/sv\/","logo":{"@type":"ImageObject","inLanguage":"sv-SE","@id":"https:\/\/transformiran.com\/sv\/#\/schema\/logo\/image\/","url":"https:\/\/transformiran.com\/app\/uploads\/2022\/11\/logo_grey.jpg","contentUrl":"https:\/\/transformiran.com\/app\/uploads\/2022\/11\/logo_grey.jpg","width":528,"height":90,"caption":"Transform Iran"},"image":{"@id":"https:\/\/transformiran.com\/sv\/#\/schema\/logo\/image\/"},"sameAs":["https:\/\/www.facebook.com\/222MinistriesUSAInc","https:\/\/x.com\/222minint","https:\/\/www.instagram.com\/222ministriesinternational\/"]},{"@type":"Person","@id":"https:\/\/transformiran.com\/sv\/#\/schema\/person\/901d817bcb841b949dbba5fa2886bfe3","name":"Ashleigh Bedford","image":{"@type":"ImageObject","inLanguage":"sv-SE","@id":"https:\/\/secure.gravatar.com\/avatar\/fe25a0a0785840df62a592de76ed79e48013f590cc9a874b448f15b293751483?s=96&d=mm&r=g","url":"https:\/\/secure.gravatar.com\/avatar\/fe25a0a0785840df62a592de76ed79e48013f590cc9a874b448f15b293751483?s=96&d=mm&r=g","contentUrl":"https:\/\/secure.gravatar.com\/avatar\/fe25a0a0785840df62a592de76ed79e48013f590cc9a874b448f15b293751483?s=96&d=mm&r=g","caption":"Ashleigh Bedford"},"url":"https:\/\/transformiran.com\/sv\/author\/ashleigh\/"}]}},"_links":{"self":[{"href":"https:\/\/transformiran.com\/sv\/wp-json\/wp\/v2\/posts\/37697","targetHints":{"allow":["GET"]}}],"collection":[{"href":"https:\/\/transformiran.com\/sv\/wp-json\/wp\/v2\/posts"}],"about":[{"href":"https:\/\/transformiran.com\/sv\/wp-json\/wp\/v2\/types\/post"}],"author":[{"embeddable":true,"href":"https:\/\/transformiran.com\/sv\/wp-json\/wp\/v2\/users\/6"}],"replies":[{"embeddable":true,"href":"https:\/\/transformiran.com\/sv\/wp-json\/wp\/v2\/comments?post=37697"}],"version-history":[{"count":4,"href":"https:\/\/transformiran.com\/sv\/wp-json\/wp\/v2\/posts\/37697\/revisions"}],"predecessor-version":[{"id":37728,"href":"https:\/\/transformiran.com\/sv\/wp-json\/wp\/v2\/posts\/37697\/revisions\/37728"}],"wp:featuredmedia":[{"embeddable":true,"href":"https:\/\/transformiran.com\/sv\/wp-json\/wp\/v2\/media\/37695"}],"wp:attachment":[{"href":"https:\/\/transformiran.com\/sv\/wp-json\/wp\/v2\/media?parent=37697"}],"wp:term":[{"taxonomy":"category","embeddable":true,"href":"https:\/\/transformiran.com\/sv\/wp-json\/wp\/v2\/categories?post=37697"},{"taxonomy":"post_tag","embeddable":true,"href":"https:\/\/transformiran.com\/sv\/wp-json\/wp\/v2\/tags?post=37697"}],"curies":[{"name":"wp","href":"https:\/\/api.w.org\/{rel}","templated":true}]}}