{"id":37759,"date":"2026-04-28T19:00:28","date_gmt":"2026-04-28T18:00:28","guid":{"rendered":"https:\/\/transformiran.com\/okategoriserad\/irans-arbete-for-manskliga-rattigheter-granskas-efter-fn-utnamning\/"},"modified":"2026-04-30T19:44:44","modified_gmt":"2026-04-30T18:44:44","slug":"irans-arbete-for-manskliga-rattigheter-granskas-efter-fn-utnamning","status":"publish","type":"post","link":"https:\/\/transformiran.com\/sv\/nyhetsrum\/irans-arbete-for-manskliga-rattigheter-granskas-efter-fn-utnamning\/","title":{"rendered":"Irans arbete f\u00f6r m\u00e4nskliga r\u00e4ttigheter granskas efter FN-utn\u00e4mning"},"content":{"rendered":"\n<p>Av Katey Hearth<\/p>\n\n<p class=\"has-medium-font-size\">Iran (MNN) &#8211; <strong><a href=\"https:\/\/abcnews.com\/International\/executions-protesters-iran-surge-start-war-human-rights\/story?id=132250133&amp;utm_source=chatgpt.com\" target=\"_blank\" rel=\"noreferrer noopener\">Observat\u00f6rer av m\u00e4nskliga r\u00e4ttigheter s\u00e4ger<\/a><\/strong> Iran har d\u00f6dat fler demonstranter sedan kriget b\u00f6rjade i slutet av februari.<\/p>\n\n<p>Avr\u00e4ttningar har \u00e4gt rum <strong><a href=\"https:\/\/www.aol.com\/articles\/executions-protesters-iran-surge-since-202744943.html?utm_source=chatgpt.com\" target=\"_blank\" rel=\"noreferrer noopener\">n\u00e4stan varje vecka<\/a><\/strong> sedan mitten av mars. <strong><a href=\"https:\/\/www.theguardian.com\/world\/2026\/apr\/25\/hanged-under-the-cover-of-war-letters-and-videos-tell-stories-of-iran-death-row-victims?utm_source=chatgpt.com\" target=\"_blank\" rel=\"noreferrer noopener\">Under den senaste m\u00e5naden<\/a><\/strong>har 16 m\u00e4n &#8211; \u00e5tta politiska f\u00e5ngar och \u00e5tta demonstranter &#8211; h\u00e4ngts i Iran.<\/p>\n\n<div class=\"wp-block-media-text is-stacked-on-mobile\" style=\"grid-template-columns:31% auto\"><figure class=\"wp-block-media-text__media\"><img loading=\"lazy\" decoding=\"async\" width=\"683\" height=\"1024\" src=\"https:\/\/transformiran.com\/app\/uploads\/2026\/04\/memorycatcher-noose-3271502-683x1024.jpg\" alt=\"\" class=\"wp-image-37380 size-full\" srcset=\"https:\/\/transformiran.com\/app\/uploads\/2026\/04\/memorycatcher-noose-3271502-683x1024.jpg 683w, https:\/\/transformiran.com\/app\/uploads\/2026\/04\/memorycatcher-noose-3271502-200x300.jpg 200w, https:\/\/transformiran.com\/app\/uploads\/2026\/04\/memorycatcher-noose-3271502-768x1152.jpg 768w, https:\/\/transformiran.com\/app\/uploads\/2026\/04\/memorycatcher-noose-3271502-1024x1536.jpg 1024w, https:\/\/transformiran.com\/app\/uploads\/2026\/04\/memorycatcher-noose-3271502-1365x2048.jpg 1365w, https:\/\/transformiran.com\/app\/uploads\/2026\/04\/memorycatcher-noose-3271502-scaled.jpg 2000w\" sizes=\"auto, (max-width: 683px) 100vw, 683px\" \/><\/figure><div class=\"wp-block-media-text__content\">\n<p>Samtidigt valde en 54-nationers <strong><a href=\"https:\/\/www.msn.com\/en-us\/news\/insight\/iran-s-nomination-to-un-rights-panel-sparks-outrage\/gm-GM39B17428?gemSnapshotKey=GM39B17428-snapshot-1\" target=\"_blank\" rel=\"noreferrer noopener\">FN-panel valt<\/a><\/strong> Islamiska republiken till att \u00f6vervaka en kommitt\u00e9 som utformar politiken f\u00f6r m\u00e4nskliga r\u00e4ttigheter. USA var det enda medlemslandet som protesterade mot flera av valen, inklusive Irans. <\/p>\n\n\n\n<p>&#8220;Det \u00e4r bara s\u00e5 uppenbart l\u00f6jligt&#8221;, s\u00e4ger Lana Silk fr\u00e5n <strong><a href=\"https:\/\/www.mnnonline.org\/mission_groups\/transform-iran\/\" target=\"_blank\" rel=\"noreferrer noopener\">Transform Iran<\/a><\/strong> s\u00e4ger.<\/p>\n<\/div><\/div>\n\n<blockquote class=\"wp-block-quote is-layout-flow wp-block-quote-is-layout-flow\">\n<p>P\u00e5 vilken niv\u00e5 \u00e4r detta rimligt? Ett land som \u00e4r en av v\u00e4rldens v\u00e4rsta f\u00f6r\u00f6vare av brott mot de m\u00e4nskliga r\u00e4ttigheterna, s\u00e4rskilt kvinnors r\u00e4ttigheter, sitter och p\u00e5verkar de m\u00e4nskliga r\u00e4ttigheterna p\u00e5 internationell niv\u00e5.<\/p>\n<\/blockquote>\n\n<p>FN:s vakthundar uppmanar <strong><a href=\"https:\/\/unwatch.org\/outrage-at-un-democracies-enable-iran-china-cuba-to-oversee-human-rights-bodies\/\" target=\"_blank\" rel=\"noreferrer noopener\">uppmanar medlemsl\u00e4nderna<\/a><\/strong> att f\u00f6rklara sig. &#8220;Tidpunkten \u00e4r extremt misst\u00e4nkt&#8221;, s\u00e4ger Silk. <\/p>\n\n<p>&#8220;Iran har brutit mot de m\u00e4nskliga r\u00e4ttigheterna i 47 \u00e5r, men p\u00e5 ett aggressivt s\u00e4tt under de senaste m\u00e5naderna. Varf\u00f6r sker detta (FN-utn\u00e4mningen) nu?&#8221;<\/p>\n\n<h2 class=\"wp-block-heading\">Tron v\u00e4xer i takt med \u00f6kad f\u00f6rf\u00f6ljelse<\/h2>\n\n<p><strong><a href=\"https:\/\/www.aol.com\/articles\/executions-protesters-iran-surge-since-202744943.html?utm_source=chatgpt.com\" target=\"_blank\" rel=\"noreferrer noopener\">Mer \u00e4n 1.600 personer<\/a><\/strong> avr\u00e4ttades av den iranska regimen f\u00f6rra \u00e5ret, vilket slog ett rekord fr\u00e5n 1989. <em><strong>Samtidigt som grymheterna \u00f6kar, \u00f6kar ocks\u00e5 spridningen av evangeliet.<\/strong><\/em> &#8220;S\u00e5 sent som i morse talade jag med en av v\u00e5ra ledare om n\u00e5gra missionsresor som vi planerar f\u00f6r de n\u00e4rmaste veckorna&#8221;, s\u00e4ger Silk.<\/p>\n\n<p><strong>&#8220;M\u00e4nniskor \u00e4r aktiva och vill sprida evangeliet, och de som h\u00f6r det reagerar positivt.&#8221;<\/strong><\/p>\n\n<p><strong><a href=\"https:\/\/transformiran.com\/sv\/learn-sv\/livet-i-iran-efter-eldupphoret-en-vy-fran-insidan\/\" target=\"_blank\" rel=\"noreferrer noopener\">L\u00e4s om livet i Iran under eldupph\u00f6ret h\u00e4r.<\/a><\/strong><\/p>\n\n<p>Transform Iran st\u00f6der inhemska evangeliearbetare p\u00e5 flera fronter, inklusive evangelisation och f\u00f6rsamlingsplantering, samt hj\u00e4lp och \u00e5terh\u00e4mtning.  <strong><a href=\"https:\/\/transformiran.com\/sv\/vart-arbete\/\" target=\"_blank\" rel=\"noreferrer noopener\">L\u00e4r dig mer om dess insatser h\u00e4r.<\/a><\/strong><\/p>\n\n<p>&#8220;I vissa av dessa sv\u00e5rare omr\u00e5den, d\u00e4r allt detta hemska p\u00e5g\u00e5r, ser vi m\u00f6rker. Bakom kulisserna fr\u00e4lser Gud m\u00e4nniskor, och vi ser st\u00e4ndigt fr\u00e4lsningar i Iran&#8221;, s\u00e4ger Silk.<\/p>\n\n<blockquote class=\"wp-block-quote is-layout-flow wp-block-quote-is-layout-flow\">\n<p>Vad som skulle vara bra f\u00f6r oss \u00e4r att gr\u00e4va under ytan, l\u00e4ra dig om de verksamheter som arbetar i dessa omr\u00e5den, l\u00e5ta v\u00e5ra sj\u00e4lar uppmuntras av det goda arbete som Gud g\u00f6r och sedan delta &#8211; hj\u00e4lpa till att fr\u00e4mja det, ge det kraft och be f\u00f6r det.<\/p>\n<\/blockquote>\n\n<p><em><em>Bildhuvudet visar iranska s\u00e4kerhetsstyrkor som \u00f6ppnar eld mot gatuprotester i januari 2026<\/em><\/em>, <em>fotokredit: Iran International<\/em><\/p>\n\n<p><em>Ursprungligen publicerad p\u00e5: <a href=\"https:\/\/www.mnnonline.org\/news\/irans-human-rights-record-faces-scrutiny-after-un-appointment\/\" target=\"_blank\" rel=\"noreferrer noopener\">Mission Network News<\/a><\/em><\/p>\n\n<p><\/p>\n\n<p><\/p>\n","protected":false},"excerpt":{"rendered":"<p>I en tid av \u00f6kande avr\u00e4ttningar och brott mot de m\u00e4nskliga r\u00e4ttigheterna i Iran har en FN-utn\u00e4mning v\u00e4ckt global oro. Lana Silk st\u00e4ller fr\u00e5gor om tidpunkten &#8211; och varf\u00f6r tron forts\u00e4tter att v\u00e4xa mitt i f\u00f6rf\u00f6ljelsen. <\/p>\n","protected":false},"author":6,"featured_media":34617,"comment_status":"open","ping_status":"open","sticky":false,"template":"","format":"standard","meta":{"_acf_changed":false,"give_campaign_id":0,"om_disable_all_campaigns":false,"_mi_skip_tracking":false,"footnotes":""},"categories":[249],"tags":[229,242,210,228,245],"class_list":["post-37759","post","type-post","status-publish","format-standard","has-post-thumbnail","hentry","category-nyhetsrum","tag-evangelism-sv","tag-humanitar-kris","tag-iran-sv","tag-kyrkan","tag-regeringen"],"acf":[],"yoast_head":"<!-- This site is optimized with the Yoast SEO plugin v27.3 - https:\/\/yoast.com\/product\/yoast-seo-wordpress\/ -->\n<title>Irans arbete f\u00f6r m\u00e4nskliga r\u00e4ttigheter granskas efter FN-utn\u00e4mning - Transform Iran<\/title>\n<meta name=\"description\" content=\"Iran st\u00e5r inf\u00f6r global granskning efter en FN-utn\u00e4mning f\u00f6r m\u00e4nskliga r\u00e4ttigheter trots \u00f6kande avr\u00e4ttningar och f\u00f6rtryck, n\u00e4r Lana Silk belyser v\u00e4xande f\u00f6rf\u00f6ljelse och tro.\" \/>\n<meta name=\"robots\" content=\"index, follow, max-snippet:-1, max-image-preview:large, max-video-preview:-1\" \/>\n<link rel=\"canonical\" href=\"https:\/\/transformiran.com\/sv\/nyhetsrum\/irans-arbete-for-manskliga-rattigheter-granskas-efter-fn-utnamning\/\" \/>\n<meta property=\"og:locale\" content=\"sv_SE\" \/>\n<meta property=\"og:type\" content=\"article\" \/>\n<meta property=\"og:title\" content=\"Irans arbete f\u00f6r m\u00e4nskliga r\u00e4ttigheter granskas efter FN-utn\u00e4mning - Transform Iran\" \/>\n<meta property=\"og:description\" content=\"Iran st\u00e5r inf\u00f6r global granskning efter en FN-utn\u00e4mning f\u00f6r m\u00e4nskliga r\u00e4ttigheter trots \u00f6kande avr\u00e4ttningar och f\u00f6rtryck, n\u00e4r Lana Silk belyser v\u00e4xande f\u00f6rf\u00f6ljelse och tro.\" \/>\n<meta property=\"og:url\" content=\"https:\/\/transformiran.com\/sv\/nyhetsrum\/irans-arbete-for-manskliga-rattigheter-granskas-efter-fn-utnamning\/\" \/>\n<meta property=\"og:site_name\" content=\"Transform Iran\" \/>\n<meta property=\"article:publisher\" content=\"https:\/\/www.facebook.com\/222MinistriesUSAInc\" \/>\n<meta property=\"article:published_time\" content=\"2026-04-28T18:00:28+00:00\" \/>\n<meta property=\"article:modified_time\" content=\"2026-04-30T18:44:44+00:00\" \/>\n<meta name=\"author\" content=\"Ashleigh Bedford\" \/>\n<meta name=\"twitter:card\" content=\"summary_large_image\" \/>\n<meta name=\"twitter:creator\" content=\"@222minint\" \/>\n<meta name=\"twitter:site\" content=\"@222minint\" \/>\n<meta name=\"twitter:label1\" content=\"Written by\" \/>\n\t<meta name=\"twitter:data1\" content=\"Ashleigh Bedford\" \/>\n\t<meta name=\"twitter:label2\" content=\"Est. reading time\" \/>\n\t<meta name=\"twitter:data2\" content=\"2 minutes\" \/>\n<script type=\"application\/ld+json\" class=\"yoast-schema-graph\">{\"@context\":\"https:\\\/\\\/schema.org\",\"@graph\":[{\"@type\":\"Article\",\"@id\":\"https:\\\/\\\/transformiran.com\\\/sv\\\/nyhetsrum\\\/irans-arbete-for-manskliga-rattigheter-granskas-efter-fn-utnamning\\\/#article\",\"isPartOf\":{\"@id\":\"https:\\\/\\\/transformiran.com\\\/sv\\\/nyhetsrum\\\/irans-arbete-for-manskliga-rattigheter-granskas-efter-fn-utnamning\\\/\"},\"author\":{\"name\":\"Ashleigh Bedford\",\"@id\":\"https:\\\/\\\/transformiran.com\\\/sv\\\/#\\\/schema\\\/person\\\/901d817bcb841b949dbba5fa2886bfe3\"},\"headline\":\"Irans arbete f\u00f6r m\u00e4nskliga r\u00e4ttigheter granskas efter FN-utn\u00e4mning\",\"datePublished\":\"2026-04-28T18:00:28+00:00\",\"dateModified\":\"2026-04-30T18:44:44+00:00\",\"mainEntityOfPage\":{\"@id\":\"https:\\\/\\\/transformiran.com\\\/sv\\\/nyhetsrum\\\/irans-arbete-for-manskliga-rattigheter-granskas-efter-fn-utnamning\\\/\"},\"wordCount\":461,\"commentCount\":0,\"publisher\":{\"@id\":\"https:\\\/\\\/transformiran.com\\\/sv\\\/#organization\"},\"image\":{\"@id\":\"https:\\\/\\\/transformiran.com\\\/sv\\\/nyhetsrum\\\/irans-arbete-for-manskliga-rattigheter-granskas-efter-fn-utnamning\\\/#primaryimage\"},\"thumbnailUrl\":\"https:\\\/\\\/transformiran.com\\\/app\\\/uploads\\\/2026\\\/01\\\/IranIntl.org-regime-violence-and-systematic-killing.avif\",\"keywords\":[\"Evangelism\",\"Humanit\u00e4r kris\",\"Iran\",\"Kyrkan\",\"Regeringen\"],\"articleSection\":[\"Nyhetsrum\"],\"inLanguage\":\"sv-SE\",\"potentialAction\":[{\"@type\":\"CommentAction\",\"name\":\"Comment\",\"target\":[\"https:\\\/\\\/transformiran.com\\\/sv\\\/nyhetsrum\\\/irans-arbete-for-manskliga-rattigheter-granskas-efter-fn-utnamning\\\/#respond\"]}]},{\"@type\":\"WebPage\",\"@id\":\"https:\\\/\\\/transformiran.com\\\/sv\\\/nyhetsrum\\\/irans-arbete-for-manskliga-rattigheter-granskas-efter-fn-utnamning\\\/\",\"url\":\"https:\\\/\\\/transformiran.com\\\/sv\\\/nyhetsrum\\\/irans-arbete-for-manskliga-rattigheter-granskas-efter-fn-utnamning\\\/\",\"name\":\"Irans arbete f\u00f6r m\u00e4nskliga r\u00e4ttigheter granskas efter FN-utn\u00e4mning - Transform Iran\",\"isPartOf\":{\"@id\":\"https:\\\/\\\/transformiran.com\\\/sv\\\/#website\"},\"primaryImageOfPage\":{\"@id\":\"https:\\\/\\\/transformiran.com\\\/sv\\\/nyhetsrum\\\/irans-arbete-for-manskliga-rattigheter-granskas-efter-fn-utnamning\\\/#primaryimage\"},\"image\":{\"@id\":\"https:\\\/\\\/transformiran.com\\\/sv\\\/nyhetsrum\\\/irans-arbete-for-manskliga-rattigheter-granskas-efter-fn-utnamning\\\/#primaryimage\"},\"thumbnailUrl\":\"https:\\\/\\\/transformiran.com\\\/app\\\/uploads\\\/2026\\\/01\\\/IranIntl.org-regime-violence-and-systematic-killing.avif\",\"datePublished\":\"2026-04-28T18:00:28+00:00\",\"dateModified\":\"2026-04-30T18:44:44+00:00\",\"description\":\"Iran st\u00e5r inf\u00f6r global granskning efter en FN-utn\u00e4mning f\u00f6r m\u00e4nskliga r\u00e4ttigheter trots \u00f6kande avr\u00e4ttningar och f\u00f6rtryck, n\u00e4r Lana Silk belyser v\u00e4xande f\u00f6rf\u00f6ljelse och tro.\",\"breadcrumb\":{\"@id\":\"https:\\\/\\\/transformiran.com\\\/sv\\\/nyhetsrum\\\/irans-arbete-for-manskliga-rattigheter-granskas-efter-fn-utnamning\\\/#breadcrumb\"},\"inLanguage\":\"sv-SE\",\"potentialAction\":[{\"@type\":\"ReadAction\",\"target\":[\"https:\\\/\\\/transformiran.com\\\/sv\\\/nyhetsrum\\\/irans-arbete-for-manskliga-rattigheter-granskas-efter-fn-utnamning\\\/\"]}]},{\"@type\":\"ImageObject\",\"inLanguage\":\"sv-SE\",\"@id\":\"https:\\\/\\\/transformiran.com\\\/sv\\\/nyhetsrum\\\/irans-arbete-for-manskliga-rattigheter-granskas-efter-fn-utnamning\\\/#primaryimage\",\"url\":\"https:\\\/\\\/transformiran.com\\\/app\\\/uploads\\\/2026\\\/01\\\/IranIntl.org-regime-violence-and-systematic-killing.avif\",\"contentUrl\":\"https:\\\/\\\/transformiran.com\\\/app\\\/uploads\\\/2026\\\/01\\\/IranIntl.org-regime-violence-and-systematic-killing.avif\",\"width\":992,\"height\":660},{\"@type\":\"BreadcrumbList\",\"@id\":\"https:\\\/\\\/transformiran.com\\\/sv\\\/nyhetsrum\\\/irans-arbete-for-manskliga-rattigheter-granskas-efter-fn-utnamning\\\/#breadcrumb\",\"itemListElement\":[{\"@type\":\"ListItem\",\"position\":1,\"name\":\"Home\",\"item\":\"https:\\\/\\\/transformiran.com\\\/sv\\\/home\\\/\"},{\"@type\":\"ListItem\",\"position\":2,\"name\":\"Irans arbete f\u00f6r m\u00e4nskliga r\u00e4ttigheter granskas efter FN-utn\u00e4mning\"}]},{\"@type\":\"WebSite\",\"@id\":\"https:\\\/\\\/transformiran.com\\\/sv\\\/#website\",\"url\":\"https:\\\/\\\/transformiran.com\\\/sv\\\/\",\"name\":\"Transform Iran\",\"description\":\"Bringing the love and power of Christ to Iran - and beyond\",\"publisher\":{\"@id\":\"https:\\\/\\\/transformiran.com\\\/sv\\\/#organization\"},\"potentialAction\":[{\"@type\":\"SearchAction\",\"target\":{\"@type\":\"EntryPoint\",\"urlTemplate\":\"https:\\\/\\\/transformiran.com\\\/sv\\\/?s={search_term_string}\"},\"query-input\":{\"@type\":\"PropertyValueSpecification\",\"valueRequired\":true,\"valueName\":\"search_term_string\"}}],\"inLanguage\":\"sv-SE\"},{\"@type\":\"Organization\",\"@id\":\"https:\\\/\\\/transformiran.com\\\/sv\\\/#organization\",\"name\":\"Transform Iran\",\"url\":\"https:\\\/\\\/transformiran.com\\\/sv\\\/\",\"logo\":{\"@type\":\"ImageObject\",\"inLanguage\":\"sv-SE\",\"@id\":\"https:\\\/\\\/transformiran.com\\\/sv\\\/#\\\/schema\\\/logo\\\/image\\\/\",\"url\":\"https:\\\/\\\/transformiran.com\\\/app\\\/uploads\\\/2022\\\/11\\\/logo_grey.jpg\",\"contentUrl\":\"https:\\\/\\\/transformiran.com\\\/app\\\/uploads\\\/2022\\\/11\\\/logo_grey.jpg\",\"width\":528,\"height\":90,\"caption\":\"Transform Iran\"},\"image\":{\"@id\":\"https:\\\/\\\/transformiran.com\\\/sv\\\/#\\\/schema\\\/logo\\\/image\\\/\"},\"sameAs\":[\"https:\\\/\\\/www.facebook.com\\\/222MinistriesUSAInc\",\"https:\\\/\\\/x.com\\\/222minint\",\"https:\\\/\\\/www.instagram.com\\\/222ministriesinternational\\\/\"]},{\"@type\":\"Person\",\"@id\":\"https:\\\/\\\/transformiran.com\\\/sv\\\/#\\\/schema\\\/person\\\/901d817bcb841b949dbba5fa2886bfe3\",\"name\":\"Ashleigh Bedford\",\"image\":{\"@type\":\"ImageObject\",\"inLanguage\":\"sv-SE\",\"@id\":\"https:\\\/\\\/secure.gravatar.com\\\/avatar\\\/fe25a0a0785840df62a592de76ed79e48013f590cc9a874b448f15b293751483?s=96&d=mm&r=g\",\"url\":\"https:\\\/\\\/secure.gravatar.com\\\/avatar\\\/fe25a0a0785840df62a592de76ed79e48013f590cc9a874b448f15b293751483?s=96&d=mm&r=g\",\"contentUrl\":\"https:\\\/\\\/secure.gravatar.com\\\/avatar\\\/fe25a0a0785840df62a592de76ed79e48013f590cc9a874b448f15b293751483?s=96&d=mm&r=g\",\"caption\":\"Ashleigh Bedford\"},\"url\":\"https:\\\/\\\/transformiran.com\\\/sv\\\/author\\\/ashleigh\\\/\"}]}<\/script>\n<!-- \/ Yoast SEO plugin. -->","yoast_head_json":{"title":"Irans arbete f\u00f6r m\u00e4nskliga r\u00e4ttigheter granskas efter FN-utn\u00e4mning - Transform Iran","description":"Iran st\u00e5r inf\u00f6r global granskning efter en FN-utn\u00e4mning f\u00f6r m\u00e4nskliga r\u00e4ttigheter trots \u00f6kande avr\u00e4ttningar och f\u00f6rtryck, n\u00e4r Lana Silk belyser v\u00e4xande f\u00f6rf\u00f6ljelse och tro.","robots":{"index":"index","follow":"follow","max-snippet":"max-snippet:-1","max-image-preview":"max-image-preview:large","max-video-preview":"max-video-preview:-1"},"canonical":"https:\/\/transformiran.com\/sv\/nyhetsrum\/irans-arbete-for-manskliga-rattigheter-granskas-efter-fn-utnamning\/","og_locale":"sv_SE","og_type":"article","og_title":"Irans arbete f\u00f6r m\u00e4nskliga r\u00e4ttigheter granskas efter FN-utn\u00e4mning - Transform Iran","og_description":"Iran st\u00e5r inf\u00f6r global granskning efter en FN-utn\u00e4mning f\u00f6r m\u00e4nskliga r\u00e4ttigheter trots \u00f6kande avr\u00e4ttningar och f\u00f6rtryck, n\u00e4r Lana Silk belyser v\u00e4xande f\u00f6rf\u00f6ljelse och tro.","og_url":"https:\/\/transformiran.com\/sv\/nyhetsrum\/irans-arbete-for-manskliga-rattigheter-granskas-efter-fn-utnamning\/","og_site_name":"Transform Iran","article_publisher":"https:\/\/www.facebook.com\/222MinistriesUSAInc","article_published_time":"2026-04-28T18:00:28+00:00","article_modified_time":"2026-04-30T18:44:44+00:00","author":"Ashleigh Bedford","twitter_card":"summary_large_image","twitter_creator":"@222minint","twitter_site":"@222minint","twitter_misc":{"Written by":"Ashleigh Bedford","Est. reading time":"2 minutes"},"schema":{"@context":"https:\/\/schema.org","@graph":[{"@type":"Article","@id":"https:\/\/transformiran.com\/sv\/nyhetsrum\/irans-arbete-for-manskliga-rattigheter-granskas-efter-fn-utnamning\/#article","isPartOf":{"@id":"https:\/\/transformiran.com\/sv\/nyhetsrum\/irans-arbete-for-manskliga-rattigheter-granskas-efter-fn-utnamning\/"},"author":{"name":"Ashleigh Bedford","@id":"https:\/\/transformiran.com\/sv\/#\/schema\/person\/901d817bcb841b949dbba5fa2886bfe3"},"headline":"Irans arbete f\u00f6r m\u00e4nskliga r\u00e4ttigheter granskas efter FN-utn\u00e4mning","datePublished":"2026-04-28T18:00:28+00:00","dateModified":"2026-04-30T18:44:44+00:00","mainEntityOfPage":{"@id":"https:\/\/transformiran.com\/sv\/nyhetsrum\/irans-arbete-for-manskliga-rattigheter-granskas-efter-fn-utnamning\/"},"wordCount":461,"commentCount":0,"publisher":{"@id":"https:\/\/transformiran.com\/sv\/#organization"},"image":{"@id":"https:\/\/transformiran.com\/sv\/nyhetsrum\/irans-arbete-for-manskliga-rattigheter-granskas-efter-fn-utnamning\/#primaryimage"},"thumbnailUrl":"https:\/\/transformiran.com\/app\/uploads\/2026\/01\/IranIntl.org-regime-violence-and-systematic-killing.avif","keywords":["Evangelism","Humanit\u00e4r kris","Iran","Kyrkan","Regeringen"],"articleSection":["Nyhetsrum"],"inLanguage":"sv-SE","potentialAction":[{"@type":"CommentAction","name":"Comment","target":["https:\/\/transformiran.com\/sv\/nyhetsrum\/irans-arbete-for-manskliga-rattigheter-granskas-efter-fn-utnamning\/#respond"]}]},{"@type":"WebPage","@id":"https:\/\/transformiran.com\/sv\/nyhetsrum\/irans-arbete-for-manskliga-rattigheter-granskas-efter-fn-utnamning\/","url":"https:\/\/transformiran.com\/sv\/nyhetsrum\/irans-arbete-for-manskliga-rattigheter-granskas-efter-fn-utnamning\/","name":"Irans arbete f\u00f6r m\u00e4nskliga r\u00e4ttigheter granskas efter FN-utn\u00e4mning - Transform Iran","isPartOf":{"@id":"https:\/\/transformiran.com\/sv\/#website"},"primaryImageOfPage":{"@id":"https:\/\/transformiran.com\/sv\/nyhetsrum\/irans-arbete-for-manskliga-rattigheter-granskas-efter-fn-utnamning\/#primaryimage"},"image":{"@id":"https:\/\/transformiran.com\/sv\/nyhetsrum\/irans-arbete-for-manskliga-rattigheter-granskas-efter-fn-utnamning\/#primaryimage"},"thumbnailUrl":"https:\/\/transformiran.com\/app\/uploads\/2026\/01\/IranIntl.org-regime-violence-and-systematic-killing.avif","datePublished":"2026-04-28T18:00:28+00:00","dateModified":"2026-04-30T18:44:44+00:00","description":"Iran st\u00e5r inf\u00f6r global granskning efter en FN-utn\u00e4mning f\u00f6r m\u00e4nskliga r\u00e4ttigheter trots \u00f6kande avr\u00e4ttningar och f\u00f6rtryck, n\u00e4r Lana Silk belyser v\u00e4xande f\u00f6rf\u00f6ljelse och tro.","breadcrumb":{"@id":"https:\/\/transformiran.com\/sv\/nyhetsrum\/irans-arbete-for-manskliga-rattigheter-granskas-efter-fn-utnamning\/#breadcrumb"},"inLanguage":"sv-SE","potentialAction":[{"@type":"ReadAction","target":["https:\/\/transformiran.com\/sv\/nyhetsrum\/irans-arbete-for-manskliga-rattigheter-granskas-efter-fn-utnamning\/"]}]},{"@type":"ImageObject","inLanguage":"sv-SE","@id":"https:\/\/transformiran.com\/sv\/nyhetsrum\/irans-arbete-for-manskliga-rattigheter-granskas-efter-fn-utnamning\/#primaryimage","url":"https:\/\/transformiran.com\/app\/uploads\/2026\/01\/IranIntl.org-regime-violence-and-systematic-killing.avif","contentUrl":"https:\/\/transformiran.com\/app\/uploads\/2026\/01\/IranIntl.org-regime-violence-and-systematic-killing.avif","width":992,"height":660},{"@type":"BreadcrumbList","@id":"https:\/\/transformiran.com\/sv\/nyhetsrum\/irans-arbete-for-manskliga-rattigheter-granskas-efter-fn-utnamning\/#breadcrumb","itemListElement":[{"@type":"ListItem","position":1,"name":"Home","item":"https:\/\/transformiran.com\/sv\/home\/"},{"@type":"ListItem","position":2,"name":"Irans arbete f\u00f6r m\u00e4nskliga r\u00e4ttigheter granskas efter FN-utn\u00e4mning"}]},{"@type":"WebSite","@id":"https:\/\/transformiran.com\/sv\/#website","url":"https:\/\/transformiran.com\/sv\/","name":"Transform Iran","description":"Bringing the love and power of Christ to Iran - and beyond","publisher":{"@id":"https:\/\/transformiran.com\/sv\/#organization"},"potentialAction":[{"@type":"SearchAction","target":{"@type":"EntryPoint","urlTemplate":"https:\/\/transformiran.com\/sv\/?s={search_term_string}"},"query-input":{"@type":"PropertyValueSpecification","valueRequired":true,"valueName":"search_term_string"}}],"inLanguage":"sv-SE"},{"@type":"Organization","@id":"https:\/\/transformiran.com\/sv\/#organization","name":"Transform Iran","url":"https:\/\/transformiran.com\/sv\/","logo":{"@type":"ImageObject","inLanguage":"sv-SE","@id":"https:\/\/transformiran.com\/sv\/#\/schema\/logo\/image\/","url":"https:\/\/transformiran.com\/app\/uploads\/2022\/11\/logo_grey.jpg","contentUrl":"https:\/\/transformiran.com\/app\/uploads\/2022\/11\/logo_grey.jpg","width":528,"height":90,"caption":"Transform Iran"},"image":{"@id":"https:\/\/transformiran.com\/sv\/#\/schema\/logo\/image\/"},"sameAs":["https:\/\/www.facebook.com\/222MinistriesUSAInc","https:\/\/x.com\/222minint","https:\/\/www.instagram.com\/222ministriesinternational\/"]},{"@type":"Person","@id":"https:\/\/transformiran.com\/sv\/#\/schema\/person\/901d817bcb841b949dbba5fa2886bfe3","name":"Ashleigh Bedford","image":{"@type":"ImageObject","inLanguage":"sv-SE","@id":"https:\/\/secure.gravatar.com\/avatar\/fe25a0a0785840df62a592de76ed79e48013f590cc9a874b448f15b293751483?s=96&d=mm&r=g","url":"https:\/\/secure.gravatar.com\/avatar\/fe25a0a0785840df62a592de76ed79e48013f590cc9a874b448f15b293751483?s=96&d=mm&r=g","contentUrl":"https:\/\/secure.gravatar.com\/avatar\/fe25a0a0785840df62a592de76ed79e48013f590cc9a874b448f15b293751483?s=96&d=mm&r=g","caption":"Ashleigh Bedford"},"url":"https:\/\/transformiran.com\/sv\/author\/ashleigh\/"}]}},"_links":{"self":[{"href":"https:\/\/transformiran.com\/sv\/wp-json\/wp\/v2\/posts\/37759","targetHints":{"allow":["GET"]}}],"collection":[{"href":"https:\/\/transformiran.com\/sv\/wp-json\/wp\/v2\/posts"}],"about":[{"href":"https:\/\/transformiran.com\/sv\/wp-json\/wp\/v2\/types\/post"}],"author":[{"embeddable":true,"href":"https:\/\/transformiran.com\/sv\/wp-json\/wp\/v2\/users\/6"}],"replies":[{"embeddable":true,"href":"https:\/\/transformiran.com\/sv\/wp-json\/wp\/v2\/comments?post=37759"}],"version-history":[{"count":2,"href":"https:\/\/transformiran.com\/sv\/wp-json\/wp\/v2\/posts\/37759\/revisions"}],"predecessor-version":[{"id":37774,"href":"https:\/\/transformiran.com\/sv\/wp-json\/wp\/v2\/posts\/37759\/revisions\/37774"}],"wp:featuredmedia":[{"embeddable":true,"href":"https:\/\/transformiran.com\/sv\/wp-json\/wp\/v2\/media\/34617"}],"wp:attachment":[{"href":"https:\/\/transformiran.com\/sv\/wp-json\/wp\/v2\/media?parent=37759"}],"wp:term":[{"taxonomy":"category","embeddable":true,"href":"https:\/\/transformiran.com\/sv\/wp-json\/wp\/v2\/categories?post=37759"},{"taxonomy":"post_tag","embeddable":true,"href":"https:\/\/transformiran.com\/sv\/wp-json\/wp\/v2\/tags?post=37759"}],"curies":[{"name":"wp","href":"https:\/\/api.w.org\/{rel}","templated":true}]}}